{"id":32423,"date":"2019-06-28T12:00:42","date_gmt":"2019-06-28T12:00:42","guid":{"rendered":"http:\/\/diariodominicano.ddns.net\/?p=32423"},"modified":"2019-06-28T12:00:42","modified_gmt":"2019-06-28T12:00:42","slug":"bolivia-insiste-en-su-demanda-a-chile-por-una-salida-soberana-al-mar","status":"publish","type":"post","link":"https:\/\/diariodominicano.com\/?p=32423","title":{"rendered":"Bolivia insiste en su demanda a Chile por una salida soberana al mar"},"content":{"rendered":"<p><body><\/p>\n<p><img decoding=\"async\" src=\"img3\/boliv011.jpg\" \/>  <\/p>\n<p>La Paz, 28 jun (Prensa Latina) Bolivia insiste hoy en la soluci\u00f3n del conflicto mar\u00edtimo con Chile para una salida soberana al mar, en homenaje a la paz y la justicia, asegur\u00f3 el ministro de Relaciones Exteriores boliviano, Diego Pary, citado por medios locales.<\/p>\n<\/p>\n<p>&#8216;Los prop\u00f3sitos de nuestra carta y de manera espec\u00edfica el multilateralismo hemisf\u00e9rico preservado y bien comprendido avalan el acompa\u00f1amiento de los Estados a la soluci\u00f3n de uno de los problemas m\u00e1s antiguos en el continente, un problema que merece solucionarse en homenaje a la paz y a la justicia&#8217;, expres\u00f3 Pary.<\/p>\n<\/p>\n<p>El canciller se refiri\u00f3 a ese conflicto mar\u00edtimo durante su intervenci\u00f3n en la 49 sesi\u00f3n ordinaria de la Asamblea General de la Organizaci\u00f3n de Estados Americanos (OEA), celebrada en Colombia, y sus palabras fueron citadas por medios locales como la Agencia Boliviana de Informaci\u00f3n.<\/p>\n<\/p>\n<p>En octubre de 2018, la Corte Internacional de Justicia (CIJ) eximi\u00f3 a Chile de la obligaci\u00f3n de negociar una salida soberana al mar para Bolivia, pero abog\u00f3 por el di\u00e1logo entre ambos pa\u00edses con la finalidad de encontrar una soluci\u00f3n definitiva a la situaci\u00f3n de enclaustramiento que vive esta naci\u00f3n andino-amaz\u00f3nica hace 140 a\u00f1os.<\/p>\n<\/p>\n<p>Pary explic\u00f3 a los pa\u00edses miembros de ese organismo multilateral que Bolivia abraz\u00f3 los principios y objetivos de la carta de la OEA al plantear ante el seno de la Asamblea General por muchas d\u00e9cadas y luego ante la CIJ, la necesidad de resolver su enclaustramiento y obtener un acceso soberano al Oc\u00e9ano Pac\u00edfico.<\/p>\n<\/p>\n<p>El enclaustramiento de Bolivia es una condici\u00f3n que afecta severamente su desarrollo, adem\u00e1s le impide participar equitativa y competitivamente de las oportunidades del comercio e intercambio tanto hemisf\u00e9rico como global, detall\u00f3 Pary.<\/p>\n<\/p>\n<p>Bolivia naci\u00f3 como rep\u00fablica en 1825 con costas al mar, pero le fueron arrebatos 400 kil\u00f3metros de litoral y 120 kil\u00f3metros cuadrados de territorios ricos en minerales, sostienen las autoridades de este pa\u00eds como uno de los argumentos hist\u00f3ricos en la demanda mar\u00edtima que llevan a cabo frente a la negativa del Estado chileno a negociar.<\/p>\n<\/p>\n<p>mem\/rbp<\/p>\n<h6> 2019-06-28 12:00:42 <\/h6>\n<p><!--\n<link rel=\"stylesheet\" href=\"css\/bootstrap.min.css\">\n\n\n<ul class=\"pagination\">\n\t    \n\t\n\n<li >\n\t<a href='?page_no=1302'>Previous<\/a>\n\t<\/li>\n\n\n       \n    \n\n<li><a href='?page_no=1'>1<\/a><\/li>\n\n\n\n<li><a href='?page_no=2'>2<\/a><\/li>\n\n\n\n<li><a>...<\/a><\/li>\n\n\n\n<li><a href='?page_no=1301'>1301<\/a><\/li>\n\n\n\n<li><a href='?page_no=1302'>1302<\/a><\/li>\n\n\n\n<li class='active'><a>1303<\/a><\/li>\n\n\n\n<li><a href='?page_no=1304'>1304<\/a><\/li>\n\n\n\n<li><a href='?page_no=1305'>1305<\/a><\/li>\n\n\n\n<li><a>...<\/a><\/li>\n\n\n\n<li><a href='?page_no=1549'>1549<\/a><\/li>\n\n\n\n<li><a href='?page_no=1550'>1550<\/a><\/li>\n\n    \n\t\n\n<li >\n\t<a href='?page_no=1304'>Next<\/a>\n\t<\/li>\n\n\n    \n\n<li><a href='?page_no=1550'>Last &rsaquo;&rsaquo;<\/a><\/li>\n\n<\/ul>\n\n\n--><br \/>\n<\/body><\/p>\n","protected":false},"excerpt":{"rendered":"<p>La Paz, 28 jun (Prensa Latina) Bolivia insiste hoy en la soluci\u00f3n del conflicto mar\u00edtimo con Chile para una salida soberana al mar, en homenaje a la paz y la justicia, asegur\u00f3 el ministro de Relaciones Exteriores boliviano, Diego Pary, citado por medios locales. &#8216;Los prop\u00f3sitos de nuestra carta y de manera espec\u00edfica el multilateralismo [&hellip;]<\/p>\n","protected":false},"author":3,"featured_media":0,"comment_status":"open","ping_status":"open","sticky":false,"template":"","format":"standard","meta":{"footnotes":""},"categories":[19],"tags":[],"class_list":["post-32423","post","type-post","status-publish","format-standard","hentry","category-mi-voz"],"_links":{"self":[{"href":"https:\/\/diariodominicano.com\/index.php?rest_route=\/wp\/v2\/posts\/32423","targetHints":{"allow":["GET"]}}],"collection":[{"href":"https:\/\/diariodominicano.com\/index.php?rest_route=\/wp\/v2\/posts"}],"about":[{"href":"https:\/\/diariodominicano.com\/index.php?rest_route=\/wp\/v2\/types\/post"}],"author":[{"embeddable":true,"href":"https:\/\/diariodominicano.com\/index.php?rest_route=\/wp\/v2\/users\/3"}],"replies":[{"embeddable":true,"href":"https:\/\/diariodominicano.com\/index.php?rest_route=%2Fwp%2Fv2%2Fcomments&post=32423"}],"version-history":[{"count":0,"href":"https:\/\/diariodominicano.com\/index.php?rest_route=\/wp\/v2\/posts\/32423\/revisions"}],"wp:attachment":[{"href":"https:\/\/diariodominicano.com\/index.php?rest_route=%2Fwp%2Fv2%2Fmedia&parent=32423"}],"wp:term":[{"taxonomy":"category","embeddable":true,"href":"https:\/\/diariodominicano.com\/index.php?rest_route=%2Fwp%2Fv2%2Fcategories&post=32423"},{"taxonomy":"post_tag","embeddable":true,"href":"https:\/\/diariodominicano.com\/index.php?rest_route=%2Fwp%2Fv2%2Ftags&post=32423"}],"curies":[{"name":"wp","href":"https:\/\/api.w.org\/{rel}","templated":true}]}}