{"id":32422,"date":"2019-06-28T12:25:21","date_gmt":"2019-06-28T12:25:21","guid":{"rendered":"http:\/\/diariodominicano.ddns.net\/?p=32422"},"modified":"2019-06-28T12:25:21","modified_gmt":"2019-06-28T12:25:21","slug":"incremento-de-suicidios-dispara-las-alarmas-en-panama","status":"publish","type":"post","link":"https:\/\/diariodominicano.com\/?p=32422","title":{"rendered":"Incremento de suicidios dispara las alarmas en Panam\u00e1"},"content":{"rendered":"<p><body><\/p>\n<p>Panam\u00e1, 28 jun (Prensa Latina) El suicidio de tres j\u00f3venes polic\u00edas hasta la fecha, dos de ellos en menos de un mes, dispara hoy las alarmas en Panam\u00e1 sobre un fen\u00f3meno, que reporta un incremento del 63 por ciento.<\/p>\n<\/p>\n<p>Seg\u00fan cifras oficiales, la ciudad capital y las provincias de Chiriqu\u00ed y Los Santos archivan el mayor n\u00famero de casos, en tanto los hombres entre 24 y 34 a\u00f1os resultan los de mayor incidencia.<\/p>\n<\/p>\n<p>En declaraciones recientes a la prensa, el ministro de Salud, Miguel Mayo, adelant\u00f3 la elaboraci\u00f3n de un decreto ejecutivo que declare obligatorio reportar todos los intentos de suicidio, cuya tasa es de casi 3,5 por cada 100 mil habitantes.<\/p>\n<\/p>\n<p>De acuerdo con las estad\u00edsticas, entre 1996 y 1998 aumentaron las muertes por esta causa, al reportar un promedio mensual de ocho, asociadas fundamentalmente a envenenamientos por pesticidas y ahorcamientos, m\u00e9todos que se mantienen hoy.<\/p>\n<\/p>\n<p>tgj\/npg<\/p>\n<h6> 2019-06-28 12:25:21 <\/h6>\n<p><!--\n<link rel=\"stylesheet\" href=\"css\/bootstrap.min.css\">\n\n\n<ul class=\"pagination\">\n\t    \n\t\n\n<li >\n\t<a href='?page_no=1301'>Previous<\/a>\n\t<\/li>\n\n\n       \n    \n\n<li><a href='?page_no=1'>1<\/a><\/li>\n\n\n\n<li><a href='?page_no=2'>2<\/a><\/li>\n\n\n\n<li><a>...<\/a><\/li>\n\n\n\n<li><a href='?page_no=1300'>1300<\/a><\/li>\n\n\n\n<li><a href='?page_no=1301'>1301<\/a><\/li>\n\n\n\n<li class='active'><a>1302<\/a><\/li>\n\n\n\n<li><a href='?page_no=1303'>1303<\/a><\/li>\n\n\n\n<li><a href='?page_no=1304'>1304<\/a><\/li>\n\n\n\n<li><a>...<\/a><\/li>\n\n\n\n<li><a href='?page_no=1549'>1549<\/a><\/li>\n\n\n\n<li><a href='?page_no=1550'>1550<\/a><\/li>\n\n    \n\t\n\n<li >\n\t<a href='?page_no=1303'>Next<\/a>\n\t<\/li>\n\n\n    \n\n<li><a href='?page_no=1550'>Last &rsaquo;&rsaquo;<\/a><\/li>\n\n<\/ul>\n\n\n--><br \/>\n<\/body><\/p>\n","protected":false},"excerpt":{"rendered":"<p>Panam\u00e1, 28 jun (Prensa Latina) El suicidio de tres j\u00f3venes polic\u00edas hasta la fecha, dos de ellos en menos de un mes, dispara hoy las alarmas en Panam\u00e1 sobre un fen\u00f3meno, que reporta un incremento del 63 por ciento. Seg\u00fan cifras oficiales, la ciudad capital y las provincias de Chiriqu\u00ed y Los Santos archivan el [&hellip;]<\/p>\n","protected":false},"author":3,"featured_media":0,"comment_status":"open","ping_status":"open","sticky":false,"template":"","format":"standard","meta":{"footnotes":""},"categories":[19],"tags":[],"class_list":["post-32422","post","type-post","status-publish","format-standard","hentry","category-mi-voz"],"_links":{"self":[{"href":"https:\/\/diariodominicano.com\/index.php?rest_route=\/wp\/v2\/posts\/32422","targetHints":{"allow":["GET"]}}],"collection":[{"href":"https:\/\/diariodominicano.com\/index.php?rest_route=\/wp\/v2\/posts"}],"about":[{"href":"https:\/\/diariodominicano.com\/index.php?rest_route=\/wp\/v2\/types\/post"}],"author":[{"embeddable":true,"href":"https:\/\/diariodominicano.com\/index.php?rest_route=\/wp\/v2\/users\/3"}],"replies":[{"embeddable":true,"href":"https:\/\/diariodominicano.com\/index.php?rest_route=%2Fwp%2Fv2%2Fcomments&post=32422"}],"version-history":[{"count":0,"href":"https:\/\/diariodominicano.com\/index.php?rest_route=\/wp\/v2\/posts\/32422\/revisions"}],"wp:attachment":[{"href":"https:\/\/diariodominicano.com\/index.php?rest_route=%2Fwp%2Fv2%2Fmedia&parent=32422"}],"wp:term":[{"taxonomy":"category","embeddable":true,"href":"https:\/\/diariodominicano.com\/index.php?rest_route=%2Fwp%2Fv2%2Fcategories&post=32422"},{"taxonomy":"post_tag","embeddable":true,"href":"https:\/\/diariodominicano.com\/index.php?rest_route=%2Fwp%2Fv2%2Ftags&post=32422"}],"curies":[{"name":"wp","href":"https:\/\/api.w.org\/{rel}","templated":true}]}}