{"id":32421,"date":"2019-06-29T20:26:30","date_gmt":"2019-06-29T20:26:30","guid":{"rendered":"http:\/\/diariodominicano.ddns.net\/?p=32421"},"modified":"2019-06-29T20:26:30","modified_gmt":"2019-06-29T20:26:30","slug":"la-cercania-de-dios","status":"publish","type":"post","link":"https:\/\/diariodominicano.com\/?p=32421","title":{"rendered":"LA CERCAN\u00cdA DE DIOS"},"content":{"rendered":"<p><body><\/p>\n<p><img decoding=\"async\" src=\"img3\/victor.jpg\" \/>  <\/p>\n<p>COMPARTIENDO DI\u00c1LOGOS CONMIGO MISMO<\/p>\n<\/p>\n<p>LA CERCAN\u00cdA DE DIOS<\/p>\n<\/p>\n<p>Conversar con nuestros predecesores, <\/p>\n<p>nos hace m\u00e1s de la poes\u00eda, <\/p>\n<p>pues infunde en nosotros un intenso anhelo de ser poetas,<\/p>\n<p> para la mayor ofrenda de nuestro Creador.<\/p>\n<\/p>\n<p>Un coraz\u00f3n que se deja querer, <\/p>\n<p>sabe amar sin condiciones, <\/p>\n<p>porque es amor por s\u00ed mismo, <\/p>\n<p>esp\u00edritu de vida, soplo de Cristo.<\/p>\n<\/p>\n<p>Vuelva el camino del verso, <\/p>\n<p>a blanquear nuestras miradas, <\/p>\n<p>retorne a nosotros por siempre, <\/p>\n<p>el esp\u00edritu arm\u00f3nico del pulso.<\/p>\n<\/p>\n<p>Hagamos silencio, a la hora <\/p>\n<p>de desear al Se\u00f1or sobre todo <\/p>\n<p>lo dem\u00e1s, peg\u00e1ndonos a \u00c9l, <\/p>\n<p>como si fu\u00e9semos a perderlo.<\/p>\n<\/p>\n<p>La voz de su timbre es luz,<\/p>\n<p>que resuena en el silencio<\/p>\n<p>y nos resucita cada aurora, <\/p>\n<p>rog\u00e1ndonos vivir sin vegetar. <\/p>\n<\/p>\n<p>Dej\u00e9monos cohabitar en el verbo, <\/p>\n<p>sin otro verso que la Cruz, <\/p>\n<p>pues la Cruz es la que nos abraza,<\/p>\n<p>y tambi\u00e9n la que nos redime.<\/p>\n<\/p>\n<p>El Creador con su cercan\u00eda, <\/p>\n<p>transforma nuestro modo de ser, <\/p>\n<p>lo hace a la manera del sol, <\/p>\n<p>que todo lo ilumina y aclara.<\/p>\n<\/p>\n<p>Cu\u00e1nto m\u00e1s vivos, m\u00e1s humanos, <\/p>\n<p>cu\u00e1nto m\u00e1s mansos, m\u00e1s de Dios, <\/p>\n<p>cu\u00e1nto m\u00e1s justos, m\u00e1s hermanos; <\/p>\n<p>y, al fin seremos, lo que sembramos.<\/p>\n<\/p>\n<p>Sembremos abecedarios de paz, <\/p>\n<p>propaguemos la l\u00f3gica del don, <\/p>\n<p>la gracia de sentirnos caminantes, <\/p>\n<p>a merced de la m\u00edstica de los poetas.<\/p>\n<\/p>\n<p>V\u00edctor Corcoba Herrero<\/p>\n<p>corcoba@telefonica.net<\/p>\n<p>29 de junio de 2019 <\/p>\n<\/p>\n<h6> 2019-06-29 20:26:30 <\/h6>\n<p><!--\n<link rel=\"stylesheet\" href=\"css\/bootstrap.min.css\">\n\n\n<ul class=\"pagination\">\n\t    \n\t\n\n<li >\n\t<a href='?page_no=1300'>Previous<\/a>\n\t<\/li>\n\n\n       \n    \n\n<li><a href='?page_no=1'>1<\/a><\/li>\n\n\n\n<li><a href='?page_no=2'>2<\/a><\/li>\n\n\n\n<li><a>...<\/a><\/li>\n\n\n\n<li><a href='?page_no=1299'>1299<\/a><\/li>\n\n\n\n<li><a href='?page_no=1300'>1300<\/a><\/li>\n\n\n\n<li class='active'><a>1301<\/a><\/li>\n\n\n\n<li><a href='?page_no=1302'>1302<\/a><\/li>\n\n\n\n<li><a href='?page_no=1303'>1303<\/a><\/li>\n\n\n\n<li><a>...<\/a><\/li>\n\n\n\n<li><a href='?page_no=1549'>1549<\/a><\/li>\n\n\n\n<li><a href='?page_no=1550'>1550<\/a><\/li>\n\n    \n\t\n\n<li >\n\t<a href='?page_no=1302'>Next<\/a>\n\t<\/li>\n\n\n    \n\n<li><a href='?page_no=1550'>Last &rsaquo;&rsaquo;<\/a><\/li>\n\n<\/ul>\n\n\n--><br \/>\n<\/body><\/p>\n","protected":false},"excerpt":{"rendered":"<p>COMPARTIENDO DI\u00c1LOGOS CONMIGO MISMO LA CERCAN\u00cdA DE DIOS Conversar con nuestros predecesores, nos hace m\u00e1s de la poes\u00eda, pues infunde en nosotros un intenso anhelo de ser poetas, para la mayor ofrenda de nuestro Creador. Un coraz\u00f3n que se deja querer, sabe amar sin condiciones, porque es amor por s\u00ed mismo, esp\u00edritu de vida, soplo [&hellip;]<\/p>\n","protected":false},"author":3,"featured_media":0,"comment_status":"open","ping_status":"open","sticky":false,"template":"","format":"standard","meta":{"footnotes":""},"categories":[19],"tags":[],"class_list":["post-32421","post","type-post","status-publish","format-standard","hentry","category-mi-voz"],"_links":{"self":[{"href":"https:\/\/diariodominicano.com\/index.php?rest_route=\/wp\/v2\/posts\/32421","targetHints":{"allow":["GET"]}}],"collection":[{"href":"https:\/\/diariodominicano.com\/index.php?rest_route=\/wp\/v2\/posts"}],"about":[{"href":"https:\/\/diariodominicano.com\/index.php?rest_route=\/wp\/v2\/types\/post"}],"author":[{"embeddable":true,"href":"https:\/\/diariodominicano.com\/index.php?rest_route=\/wp\/v2\/users\/3"}],"replies":[{"embeddable":true,"href":"https:\/\/diariodominicano.com\/index.php?rest_route=%2Fwp%2Fv2%2Fcomments&post=32421"}],"version-history":[{"count":0,"href":"https:\/\/diariodominicano.com\/index.php?rest_route=\/wp\/v2\/posts\/32421\/revisions"}],"wp:attachment":[{"href":"https:\/\/diariodominicano.com\/index.php?rest_route=%2Fwp%2Fv2%2Fmedia&parent=32421"}],"wp:term":[{"taxonomy":"category","embeddable":true,"href":"https:\/\/diariodominicano.com\/index.php?rest_route=%2Fwp%2Fv2%2Fcategories&post=32421"},{"taxonomy":"post_tag","embeddable":true,"href":"https:\/\/diariodominicano.com\/index.php?rest_route=%2Fwp%2Fv2%2Ftags&post=32421"}],"curies":[{"name":"wp","href":"https:\/\/api.w.org\/{rel}","templated":true}]}}