{"id":32420,"date":"2019-07-03T12:05:59","date_gmt":"2019-07-03T12:05:59","guid":{"rendered":"http:\/\/diariodominicano.ddns.net\/?p=32420"},"modified":"2019-07-03T12:05:59","modified_gmt":"2019-07-03T12:05:59","slug":"grupos-solidarios-brasilenos-condenan-sanciones-de-ee-uu-contra-cuba","status":"publish","type":"post","link":"https:\/\/diariodominicano.com\/?p=32420","title":{"rendered":"Grupos solidarios brasile\u00f1os condenan sanciones de EE.UU. contra Cuba"},"content":{"rendered":"<p><body><\/p>\n<p><img decoding=\"async\" src=\"img3\/bracu.jpg\" \/>  <\/p>\n<p>Brasilia, 3 jul (Prensa Latina) Miembros de diversos grupos de solidaridad con Cuba en Salvador, capital del estado de Bah\u00eda (noreste), protestaron contra todas las sanciones que mantiene hoy Estados Unidos contra la isla que recrudecen el bloqueo.<\/p>\n<\/p>\n<p>En la p\u00e1gina digital www.cubahoje.com se detalla que, coincidentemente, los activistas marcharon el 2 de julio por calles de esa ciudad, en una fecha hist\u00f3rica para los bahianos, pues se celebra el aniversario 196 de la independencia de Bah\u00eda ante el imperio portugu\u00e9s.<\/p>\n<\/p>\n<p>Afiliados a la Asociaci\u00f3n Cultural Jos\u00e9 Mart\u00ed y al Centro Brasile\u00f1o de Solidaridad con los Pueblos y Lucha por la Paz (Cebrapaz) desfilaron por el barrio Lapinha hasta el Centro Hist\u00f3rico de Salvador entonando lemas y portando pancartas contra el bloqueo y la activaci\u00f3n del T\u00edtulo III de la Ley Helms-Burton para asfixiar a la econom\u00eda cubana.<\/p>\n<\/p>\n<p>Seg\u00fan el periodista Dilton Santiago, editor del sitio web de los municipios de Bah\u00eda, los manifestantes denunciaron que las nuevas medidas obstaculizan el proceso de apertura y normalizaci\u00f3n de las relaciones que hubo durante la administraci\u00f3n de Barack Obama.<\/p>\n<\/p>\n<p>Santiago, quien particip\u00f3 en la movilizaci\u00f3n, se\u00f1al\u00f3 que Estados Unidos, a pesar del injusto cerco a Cuba, olvida que el pueblo cubano nunca ser\u00e1 derrotado por las fuerzas imperialistas.<\/p>\n<\/p>\n<p>Las autoridades de La Habana denuncian que las sanciones de Washington tienen como objetivo arrancarle concesiones pol\u00edticas a la naci\u00f3n cubana, mediante la asfixia de la econom\u00eda y el da\u00f1o al nivel de vida de la poblaci\u00f3n.<\/p>\n<\/p>\n<p>tgj\/ocs<\/p>\n<h6> 2019-07-03 12:05:59 <\/h6>\n<p><!--\n<link rel=\"stylesheet\" href=\"css\/bootstrap.min.css\">\n\n\n<ul class=\"pagination\">\n\t    \n\t\n\n<li >\n\t<a href='?page_no=1299'>Previous<\/a>\n\t<\/li>\n\n\n       \n    \n\n<li><a href='?page_no=1'>1<\/a><\/li>\n\n\n\n<li><a href='?page_no=2'>2<\/a><\/li>\n\n\n\n<li><a>...<\/a><\/li>\n\n\n\n<li><a href='?page_no=1298'>1298<\/a><\/li>\n\n\n\n<li><a href='?page_no=1299'>1299<\/a><\/li>\n\n\n\n<li class='active'><a>1300<\/a><\/li>\n\n\n\n<li><a href='?page_no=1301'>1301<\/a><\/li>\n\n\n\n<li><a href='?page_no=1302'>1302<\/a><\/li>\n\n\n\n<li><a>...<\/a><\/li>\n\n\n\n<li><a href='?page_no=1549'>1549<\/a><\/li>\n\n\n\n<li><a href='?page_no=1550'>1550<\/a><\/li>\n\n    \n\t\n\n<li >\n\t<a href='?page_no=1301'>Next<\/a>\n\t<\/li>\n\n\n    \n\n<li><a href='?page_no=1550'>Last &rsaquo;&rsaquo;<\/a><\/li>\n\n<\/ul>\n\n\n--><br \/>\n<\/body><\/p>\n","protected":false},"excerpt":{"rendered":"<p>Brasilia, 3 jul (Prensa Latina) Miembros de diversos grupos de solidaridad con Cuba en Salvador, capital del estado de Bah\u00eda (noreste), protestaron contra todas las sanciones que mantiene hoy Estados Unidos contra la isla que recrudecen el bloqueo. En la p\u00e1gina digital www.cubahoje.com se detalla que, coincidentemente, los activistas marcharon el 2 de julio por [&hellip;]<\/p>\n","protected":false},"author":3,"featured_media":0,"comment_status":"open","ping_status":"open","sticky":false,"template":"","format":"standard","meta":{"footnotes":""},"categories":[19],"tags":[],"class_list":["post-32420","post","type-post","status-publish","format-standard","hentry","category-mi-voz"],"_links":{"self":[{"href":"https:\/\/diariodominicano.com\/index.php?rest_route=\/wp\/v2\/posts\/32420","targetHints":{"allow":["GET"]}}],"collection":[{"href":"https:\/\/diariodominicano.com\/index.php?rest_route=\/wp\/v2\/posts"}],"about":[{"href":"https:\/\/diariodominicano.com\/index.php?rest_route=\/wp\/v2\/types\/post"}],"author":[{"embeddable":true,"href":"https:\/\/diariodominicano.com\/index.php?rest_route=\/wp\/v2\/users\/3"}],"replies":[{"embeddable":true,"href":"https:\/\/diariodominicano.com\/index.php?rest_route=%2Fwp%2Fv2%2Fcomments&post=32420"}],"version-history":[{"count":0,"href":"https:\/\/diariodominicano.com\/index.php?rest_route=\/wp\/v2\/posts\/32420\/revisions"}],"wp:attachment":[{"href":"https:\/\/diariodominicano.com\/index.php?rest_route=%2Fwp%2Fv2%2Fmedia&parent=32420"}],"wp:term":[{"taxonomy":"category","embeddable":true,"href":"https:\/\/diariodominicano.com\/index.php?rest_route=%2Fwp%2Fv2%2Fcategories&post=32420"},{"taxonomy":"post_tag","embeddable":true,"href":"https:\/\/diariodominicano.com\/index.php?rest_route=%2Fwp%2Fv2%2Ftags&post=32420"}],"curies":[{"name":"wp","href":"https:\/\/api.w.org\/{rel}","templated":true}]}}