{"id":32417,"date":"2019-07-03T12:08:43","date_gmt":"2019-07-03T12:08:43","guid":{"rendered":"http:\/\/diariodominicano.ddns.net\/?p=32417"},"modified":"2019-07-03T12:08:43","modified_gmt":"2019-07-03T12:08:43","slug":"democratas-de-ee-uu-celebran-exclusion-de-pregunta-sobre-ciudadania","status":"publish","type":"post","link":"https:\/\/diariodominicano.com\/?p=32417","title":{"rendered":"Dem\u00f3cratas de EE.UU. celebran exclusi\u00f3n de pregunta sobre ciudadan\u00eda"},"content":{"rendered":"<p><body><\/p>\n<p><img decoding=\"async\" src=\"img3\/censu.jpg\" \/>  <\/p>\n<p>Washington, 3 jul (Prensa Latina) Dem\u00f3cratas, organizaciones de defensa de los inmigrantes y autoridades locales estadounidenses celebran hoy la decisi\u00f3n de dejar fuera del censo de 2020 una pol\u00e9mica pregunta sobre ciudadan\u00eda que pretend\u00eda incluir la administraci\u00f3n de Donald Trump.<\/p>\n<\/p>\n<p>La Corte Suprema del pa\u00eds asest\u00f3 una derrota al ejecutivo la semana pasada al estimar que el Gobierno carec\u00eda de una raz\u00f3n suficiente para agregar la interrogante en la encuesta que se realiza cada 10 a\u00f1os, y ayer el Departamento de Justicia inform\u00f3 que se imprimir\u00eda el cuestionario sin a\u00f1adir tal indagaci\u00f3n.<\/p>\n<\/p>\n<p>El Departamento de Comercio, que se encarga de conducir el censo, confirm\u00f3 la determinaci\u00f3n de retirar la pregunta, aunque su titular, Wilbur Ross, dijo que estaba totalmente en desacuerdo con la postura del m\u00e1ximo tribunal del pa\u00eds sobre el tema.<\/p>\n<\/p>\n<p>Los pronunciamientos judiciales contra la controvertida interrogante se dieron despu\u00e9s de que estados, condados, ciudades, y organizaciones de California, Nueva York y Maryland presentaron un total de seis demandas para impugnarla.<\/p>\n<\/p>\n<p>Seg\u00fan esos grupos, preguntar en el censo sobre la ciudadan\u00eda de las personas dar\u00eda lugar a un conteo insuficiente e injusto, al intimidar a los inmigrantes irregulares y provocar una menor participaci\u00f3n en la pesquisa, que se usa para delinear distritos legislativos y cantidades de fondos federales.<\/p>\n<\/p>\n<p>Esta administraci\u00f3n finalmente est\u00e1 siguiendo la ley. Avanzar con el censo de 2020 sin la cuesti\u00f3n de la ciudadan\u00eda nos lleva un paso m\u00e1s cerca de un conteo completo y preciso, expres\u00f3 la congresista dem\u00f3crata Carolyn Maloney, tras conocerse que la interrogante no aparecer\u00e1 en la encuesta.<\/p>\n<\/p>\n<p>La exclusi\u00f3n de la pregunta es una victoria para nuestra democracia y para una representaci\u00f3n justa de todas las comunidades en este pa\u00eds, manifest\u00f3 en un comunicado el l\u00edder de la minor\u00eda del partido azul en el Senado, Charles Schumer.<\/p>\n<\/p>\n<p>De acuerdo con el legislador, los esfuerzos pol\u00edticamente motivados del Gobierno de Trump para socavar la Constituci\u00f3n fueron tan reprensibles que ni siquiera la Corte Suprema conservadora pudo dejar que se salieran con la suya.<\/p>\n<\/p>\n<p>El fiscal general de California, Xavier Becerra, quien hab\u00eda presentado una demanda contra la interrogante, dijo que con este desenlace se celebra &#8216;un principio fundamental de nuestra democracia: que todos cuentan&#8217;.<\/p>\n<\/p>\n<p>Pero el resultado, por supuesto, fue mal recibido por Trump, quien la semana pasada provoc\u00f3 a\u00fan m\u00e1s cr\u00edticas cuando lleg\u00f3 a se\u00f1alar la posibilidad de retrasar el censo en tanto no se resolviera el tema de la ciudadan\u00eda.<\/p>\n<\/p>\n<p>El mandatario republicano, cuyas pol\u00edticas migratorias son motivo de fuertes cuestionamientos, escribi\u00f3 anoche en Twitter que &#8216;es un momento muy triste para el pa\u00eds cuando la Corte Suprema no permite que se pregunte si una persona es ciudadana de Estados Unidos&#8217;.<\/p>\n<\/p>\n<p>oda\/mar<\/p>\n<h6> 2019-07-03 12:08:43 <\/h6>\n<p><!--\n<link rel=\"stylesheet\" href=\"css\/bootstrap.min.css\">\n\n\n<ul class=\"pagination\">\n\t    \n\t\n\n<li >\n\t<a href='?page_no=1298'>Previous<\/a>\n\t<\/li>\n\n\n       \n    \n\n<li><a href='?page_no=1'>1<\/a><\/li>\n\n\n\n<li><a href='?page_no=2'>2<\/a><\/li>\n\n\n\n<li><a>...<\/a><\/li>\n\n\n\n<li><a href='?page_no=1297'>1297<\/a><\/li>\n\n\n\n<li><a href='?page_no=1298'>1298<\/a><\/li>\n\n\n\n<li class='active'><a>1299<\/a><\/li>\n\n\n\n<li><a href='?page_no=1300'>1300<\/a><\/li>\n\n\n\n<li><a href='?page_no=1301'>1301<\/a><\/li>\n\n\n\n<li><a>...<\/a><\/li>\n\n\n\n<li><a href='?page_no=1549'>1549<\/a><\/li>\n\n\n\n<li><a href='?page_no=1550'>1550<\/a><\/li>\n\n    \n\t\n\n<li >\n\t<a href='?page_no=1300'>Next<\/a>\n\t<\/li>\n\n\n    \n\n<li><a href='?page_no=1550'>Last &rsaquo;&rsaquo;<\/a><\/li>\n\n<\/ul>\n\n\n--><br \/>\n<\/body><\/p>\n","protected":false},"excerpt":{"rendered":"<p>Washington, 3 jul (Prensa Latina) Dem\u00f3cratas, organizaciones de defensa de los inmigrantes y autoridades locales estadounidenses celebran hoy la decisi\u00f3n de dejar fuera del censo de 2020 una pol\u00e9mica pregunta sobre ciudadan\u00eda que pretend\u00eda incluir la administraci\u00f3n de Donald Trump. La Corte Suprema del pa\u00eds asest\u00f3 una derrota al ejecutivo la semana pasada al estimar [&hellip;]<\/p>\n","protected":false},"author":3,"featured_media":0,"comment_status":"open","ping_status":"open","sticky":false,"template":"","format":"standard","meta":{"footnotes":""},"categories":[19],"tags":[],"class_list":["post-32417","post","type-post","status-publish","format-standard","hentry","category-mi-voz"],"_links":{"self":[{"href":"https:\/\/diariodominicano.com\/index.php?rest_route=\/wp\/v2\/posts\/32417","targetHints":{"allow":["GET"]}}],"collection":[{"href":"https:\/\/diariodominicano.com\/index.php?rest_route=\/wp\/v2\/posts"}],"about":[{"href":"https:\/\/diariodominicano.com\/index.php?rest_route=\/wp\/v2\/types\/post"}],"author":[{"embeddable":true,"href":"https:\/\/diariodominicano.com\/index.php?rest_route=\/wp\/v2\/users\/3"}],"replies":[{"embeddable":true,"href":"https:\/\/diariodominicano.com\/index.php?rest_route=%2Fwp%2Fv2%2Fcomments&post=32417"}],"version-history":[{"count":0,"href":"https:\/\/diariodominicano.com\/index.php?rest_route=\/wp\/v2\/posts\/32417\/revisions"}],"wp:attachment":[{"href":"https:\/\/diariodominicano.com\/index.php?rest_route=%2Fwp%2Fv2%2Fmedia&parent=32417"}],"wp:term":[{"taxonomy":"category","embeddable":true,"href":"https:\/\/diariodominicano.com\/index.php?rest_route=%2Fwp%2Fv2%2Fcategories&post=32417"},{"taxonomy":"post_tag","embeddable":true,"href":"https:\/\/diariodominicano.com\/index.php?rest_route=%2Fwp%2Fv2%2Ftags&post=32417"}],"curies":[{"name":"wp","href":"https:\/\/api.w.org\/{rel}","templated":true}]}}