{"id":32416,"date":"2019-07-03T21:03:12","date_gmt":"2019-07-03T21:03:12","guid":{"rendered":"http:\/\/diariodominicano.ddns.net\/?p=32416"},"modified":"2019-07-03T21:03:12","modified_gmt":"2019-07-03T21:03:12","slug":"que-vivan-el-presidente-y-el-congreso","status":"publish","type":"post","link":"https:\/\/diariodominicano.com\/?p=32416","title":{"rendered":"\u00a1Qu\u00e9 vivan el Presidente y el Congreso!"},"content":{"rendered":"<p><body><\/p>\n<p><img decoding=\"async\" src=\"img3\/oscar-lopez-reyes.jpg\" \/>  <\/p>\n<\/p>\n<\/p>\n<p><strong>            Por Oscar L\u00f3pez Reyes<\/strong><\/p>\n<\/p>\n<p> Como herencia colonial  espa\u00f1ola y de los tiranos y caudillos  Santana, B\u00e1ez, Lil\u00eds, Trujillo, Balaguer, etc., el autoritarismo y el protagonismo siguen esparciendo los peores ejemplos, que son copiados por los j\u00f3venes, y calcinando el sano  desarrollo democr\u00e1tico-institucional de la Naci\u00f3n. La cultura absolutista y corrupta-clientelar  nos hunde.<\/p>\n<\/p>\n<\/p>\n<p>            Directivos del Colegio Dominicano de Periodistas (CDP) llevaron al Congreso un enclenque proyecto de colegiaci\u00f3n, sin consultar a nadie. En tanto, el presidente Danilo Medina quiere forzar, contra vientos y mareas, una modificaci\u00f3n constitucional, usando los resortes del poder, dizque porque est\u00e1 siendo discriminado. Busca as\u00ed imitar a altos funcionarios p\u00fablicos y presidentes de asociaciones particulares, que las conducen sin interrupci\u00f3n desde hace 20 y 30 a\u00f1os.<\/p>\n<\/p>\n<\/p>\n<p>Ahora  las cuestionadas c\u00e1maras legislativas sancionan ?sin escuchar a los m\u00e1s versados-,  una ley-adefesio para la protecci\u00f3n de la imagen, honor e intimidad familiar vinculados a personas fallecidas y accidentadas.<\/p>\n<\/p>\n<\/p>\n<p>Siempre he sugerido que a guardias, polic\u00edas y agentes de seguridad privada hay que instruirlos para que no agredan a fot\u00f3grafos y camar\u00f3grafos cuando toman im\u00e1genes de  letreros externos de  empresas  u organismos estatales, se\u00f1alando que no tienen autorizaci\u00f3n. Ellos no conocen que la Constituci\u00f3n establece, en su art\u00edculo 49, el libre acceso a la informaci\u00f3n y que, adem\u00e1s, existe una ley sobre este t\u00f3pico.<\/p>\n<\/p>\n<\/p>\n<p>La democracia liberal o gobierno olig\u00e1rquico pol\u00edtico-empresarial  va en retroceso, o avanza poco. El Poder Ejecutivo promulg\u00f3 la Ley 192-19, que exhorta a los  que se sientan agraviadas a someter a la Justicia a los que divulguen im\u00e1genes sin su autorizaci\u00f3n. \u00a1Valla perla!, \u00bfTiene o no el Jefe de Estado asesores en materia de comunicaci\u00f3n?<\/p>\n<\/p>\n<p> El descr\u00e9dito de legisladores no s\u00f3lo es moral, por los sobornos y las auto-adjudicaciones pecuniarias, sino porque no oyen a sus comunidades, a las cuales se suponen que representan. \u00bfPor qu\u00e9 tantas leyes contradictorias y recursos de inconstitucionalidad? \u00bfSon escondidas las vistas p\u00fablicas?<\/p>\n<\/p>\n<p>Hace m\u00e1s de un lustro, por iniciativa de Funglode,  representantes de la Sociedad de Diarios, encabezada por Rafael Molina Morillo;  el CDP, Adora, las agencias publicitarias, las escuelas de comunicaci\u00f3n y especialistas durante m\u00e1s de un a\u00f1o discutimos, en reuniones y seminarios,  nuevas formulaciones comunicativas.<\/p>\n<\/p>\n<p>Se consensu\u00f3 modificaciones a las leyes de expresi\u00f3n y difusi\u00f3n,  Libre acceso a la informaci\u00f3n y Telecomunicaci\u00f3n, y  elaboraron estatutos sobre Audiovisual y espect\u00e1culos (sustituir\u00eda el Reglamento 824), Publicidad estatal, Publicidad privada, y tecnolog\u00edas y redes sociales. El CDP trabajar\u00eda por la renovaci\u00f3n de la Ley 10-91 sobre colegiaci\u00f3n period\u00edstica.<\/p>\n<\/p>\n<p>            \u00bfY qu\u00e9 ha pasado? Congresistas han presentado sus propios instrumentos, obviando las anteriores. La Ley 192-19 sobre derecho a la imagen est\u00e1 saturada de incongruencias, por lo que tendr\u00e1 que ser examinada por el Tribunal Constitucional.<\/p>\n<\/p>\n<\/p>\n<p>&#8230;&#8230;&#8230;&#8230;&#8230;&#8230;&#8230;&#8230;.<\/p>\n<\/p>\n<p>3 DE JULIO DE 2019.  <\/p>\n<\/p>\n<\/p>\n<p>Cordialmente,<\/p>\n<\/p>\n<p>Oscar L\u00f3pez Reyes<\/p>\n<p>Periodista, escritor y columnista del peri\u00f3dico El Nacional,<\/p>\n<p>Director Escuela de Comunicaci\u00f3n Universidad O&amp;M,<\/p>\n<p>Ex Presidente del Colegio Dominicano de Periodistas<\/p>\n<\/p>\n<p>Oficina: 809-688-6507,<\/p>\n<p>Celular: 809-222-5019<\/p>\n<p>Email: oscarlr1952@gmai.com<\/p>\n<h6> 2019-07-03 21:03:12 <\/h6>\n<p><!--\n<link rel=\"stylesheet\" href=\"css\/bootstrap.min.css\">\n\n\n<ul class=\"pagination\">\n\t    \n\t\n\n<li >\n\t<a href='?page_no=1297'>Previous<\/a>\n\t<\/li>\n\n\n       \n    \n\n<li><a href='?page_no=1'>1<\/a><\/li>\n\n\n\n<li><a href='?page_no=2'>2<\/a><\/li>\n\n\n\n<li><a>...<\/a><\/li>\n\n\n\n<li><a href='?page_no=1296'>1296<\/a><\/li>\n\n\n\n<li><a href='?page_no=1297'>1297<\/a><\/li>\n\n\n\n<li class='active'><a>1298<\/a><\/li>\n\n\n\n<li><a href='?page_no=1299'>1299<\/a><\/li>\n\n\n\n<li><a href='?page_no=1300'>1300<\/a><\/li>\n\n\n\n<li><a>...<\/a><\/li>\n\n\n\n<li><a href='?page_no=1549'>1549<\/a><\/li>\n\n\n\n<li><a href='?page_no=1550'>1550<\/a><\/li>\n\n    \n\t\n\n<li >\n\t<a href='?page_no=1299'>Next<\/a>\n\t<\/li>\n\n\n    \n\n<li><a href='?page_no=1550'>Last &rsaquo;&rsaquo;<\/a><\/li>\n\n<\/ul>\n\n\n--><br \/>\n<\/body><\/p>\n","protected":false},"excerpt":{"rendered":"<p>Por Oscar L\u00f3pez Reyes Como herencia colonial espa\u00f1ola y de los tiranos y caudillos Santana, B\u00e1ez, Lil\u00eds, Trujillo, Balaguer, etc., el autoritarismo y el protagonismo siguen esparciendo los peores ejemplos, que son copiados por los j\u00f3venes, y calcinando el sano desarrollo democr\u00e1tico-institucional de la Naci\u00f3n. La cultura absolutista y corrupta-clientelar nos hunde. Directivos del Colegio [&hellip;]<\/p>\n","protected":false},"author":3,"featured_media":0,"comment_status":"open","ping_status":"open","sticky":false,"template":"","format":"standard","meta":{"footnotes":""},"categories":[19],"tags":[],"class_list":["post-32416","post","type-post","status-publish","format-standard","hentry","category-mi-voz"],"_links":{"self":[{"href":"https:\/\/diariodominicano.com\/index.php?rest_route=\/wp\/v2\/posts\/32416","targetHints":{"allow":["GET"]}}],"collection":[{"href":"https:\/\/diariodominicano.com\/index.php?rest_route=\/wp\/v2\/posts"}],"about":[{"href":"https:\/\/diariodominicano.com\/index.php?rest_route=\/wp\/v2\/types\/post"}],"author":[{"embeddable":true,"href":"https:\/\/diariodominicano.com\/index.php?rest_route=\/wp\/v2\/users\/3"}],"replies":[{"embeddable":true,"href":"https:\/\/diariodominicano.com\/index.php?rest_route=%2Fwp%2Fv2%2Fcomments&post=32416"}],"version-history":[{"count":0,"href":"https:\/\/diariodominicano.com\/index.php?rest_route=\/wp\/v2\/posts\/32416\/revisions"}],"wp:attachment":[{"href":"https:\/\/diariodominicano.com\/index.php?rest_route=%2Fwp%2Fv2%2Fmedia&parent=32416"}],"wp:term":[{"taxonomy":"category","embeddable":true,"href":"https:\/\/diariodominicano.com\/index.php?rest_route=%2Fwp%2Fv2%2Fcategories&post=32416"},{"taxonomy":"post_tag","embeddable":true,"href":"https:\/\/diariodominicano.com\/index.php?rest_route=%2Fwp%2Fv2%2Ftags&post=32416"}],"curies":[{"name":"wp","href":"https:\/\/api.w.org\/{rel}","templated":true}]}}