{"id":32415,"date":"2019-07-04T11:34:24","date_gmt":"2019-07-04T11:34:24","guid":{"rendered":"http:\/\/diariodominicano.ddns.net\/?p=32415"},"modified":"2019-07-04T11:34:24","modified_gmt":"2019-07-04T11:34:24","slug":"movimientos-sociales-venezolanos-denuncian-en-onu-efectos-de-boqueo","status":"publish","type":"post","link":"https:\/\/diariodominicano.com\/?p=32415","title":{"rendered":"Movimientos sociales venezolanos denuncian en ONU efectos de boqueo"},"content":{"rendered":"<p><body><\/p>\n<p><img decoding=\"async\" src=\"img3\/movs.jpg\" \/>  <\/p>\n<p>Caracas, 4 jul (Prensa Latina) Movimientos sociales de Venezuela denunciaron hoy ante la Relator\u00eda Especial para la Extrema Pobreza de Naciones Unidas los efectos para el pa\u00eds sudamericano del bloqueo econ\u00f3mico impuesto por Estados Unidos.<\/p>\n<\/p>\n<p>Durante la 41 sesi\u00f3n del Consejo de Derechos Humanos, representantes de la organizaci\u00f3n civil Sures y el Comit\u00e9 de Solidaridad Internacional (COSI) se reunieron en Suiza con Patricia Varela, miembro de la Relator\u00eda, para tratar la situaci\u00f3n de la naci\u00f3n.<\/p>\n<\/p>\n<p>De acuerdo con la canciller\u00eda de Caracas, el encuentro tuvo como fin denunciar los efectos de las medidas coercitivas unilaterales sobre los venezolanos as\u00ed como sumar a este organismo de Naciones Unidas al llamado para exigir el cese.<\/p>\n<\/p>\n<p>En ese sentido, Gabriel Aguirre, secretario general del COSI, rechaz\u00f3 el recrudecimiento del cerco econ\u00f3mico y financiero, en particular contra la industria petrolera nacional, principal fuente de ingreso.<\/p>\n<\/p>\n<p>Por su parte, Lucrecia Hern\u00e1ndez, representante de Sures, solicit\u00f3 a la Relator\u00eda Especial evaluar el resultado de estas medidas sobre el pueblo de Venezuela.<\/p>\n<\/p>\n<p>&#8216;Hemos pedido que valore el impacto a los derechos humanos, y c\u00f3mo desde 2014 han afectado la calidad de vida del pueblo venezolano, en el derecho a la alimentaci\u00f3n y fundamentalmente en el acceso a la salud&#8217;, expres\u00f3.<\/p>\n<\/p>\n<p>Hern\u00e1ndez llam\u00f3 al sistema de Naciones Unidas y en particular a este organismo sumarse a la lucha contra la aplicaci\u00f3n del bloqueo.<\/p>\n<\/p>\n<p>&#8216;Pedimos un rechazo general y que se valore en sus informes esta situaci\u00f3n&#8217;, a\u00f1adi\u00f3.<\/p>\n<\/p>\n<p>mgt\/ebr<\/p>\n<h6> 2019-07-04 11:34:24 <\/h6>\n<p><!--\n<link rel=\"stylesheet\" href=\"css\/bootstrap.min.css\">\n\n\n<ul class=\"pagination\">\n\t    \n\t\n\n<li >\n\t<a href='?page_no=1296'>Previous<\/a>\n\t<\/li>\n\n\n       \n    \n\n<li><a href='?page_no=1'>1<\/a><\/li>\n\n\n\n<li><a href='?page_no=2'>2<\/a><\/li>\n\n\n\n<li><a>...<\/a><\/li>\n\n\n\n<li><a href='?page_no=1295'>1295<\/a><\/li>\n\n\n\n<li><a href='?page_no=1296'>1296<\/a><\/li>\n\n\n\n<li class='active'><a>1297<\/a><\/li>\n\n\n\n<li><a href='?page_no=1298'>1298<\/a><\/li>\n\n\n\n<li><a href='?page_no=1299'>1299<\/a><\/li>\n\n\n\n<li><a>...<\/a><\/li>\n\n\n\n<li><a href='?page_no=1549'>1549<\/a><\/li>\n\n\n\n<li><a href='?page_no=1550'>1550<\/a><\/li>\n\n    \n\t\n\n<li >\n\t<a href='?page_no=1298'>Next<\/a>\n\t<\/li>\n\n\n    \n\n<li><a href='?page_no=1550'>Last &rsaquo;&rsaquo;<\/a><\/li>\n\n<\/ul>\n\n\n--><br \/>\n<\/body><\/p>\n","protected":false},"excerpt":{"rendered":"<p>Caracas, 4 jul (Prensa Latina) Movimientos sociales de Venezuela denunciaron hoy ante la Relator\u00eda Especial para la Extrema Pobreza de Naciones Unidas los efectos para el pa\u00eds sudamericano del bloqueo econ\u00f3mico impuesto por Estados Unidos. Durante la 41 sesi\u00f3n del Consejo de Derechos Humanos, representantes de la organizaci\u00f3n civil Sures y el Comit\u00e9 de Solidaridad [&hellip;]<\/p>\n","protected":false},"author":3,"featured_media":0,"comment_status":"open","ping_status":"open","sticky":false,"template":"","format":"standard","meta":{"footnotes":""},"categories":[19],"tags":[],"class_list":["post-32415","post","type-post","status-publish","format-standard","hentry","category-mi-voz"],"_links":{"self":[{"href":"https:\/\/diariodominicano.com\/index.php?rest_route=\/wp\/v2\/posts\/32415","targetHints":{"allow":["GET"]}}],"collection":[{"href":"https:\/\/diariodominicano.com\/index.php?rest_route=\/wp\/v2\/posts"}],"about":[{"href":"https:\/\/diariodominicano.com\/index.php?rest_route=\/wp\/v2\/types\/post"}],"author":[{"embeddable":true,"href":"https:\/\/diariodominicano.com\/index.php?rest_route=\/wp\/v2\/users\/3"}],"replies":[{"embeddable":true,"href":"https:\/\/diariodominicano.com\/index.php?rest_route=%2Fwp%2Fv2%2Fcomments&post=32415"}],"version-history":[{"count":0,"href":"https:\/\/diariodominicano.com\/index.php?rest_route=\/wp\/v2\/posts\/32415\/revisions"}],"wp:attachment":[{"href":"https:\/\/diariodominicano.com\/index.php?rest_route=%2Fwp%2Fv2%2Fmedia&parent=32415"}],"wp:term":[{"taxonomy":"category","embeddable":true,"href":"https:\/\/diariodominicano.com\/index.php?rest_route=%2Fwp%2Fv2%2Fcategories&post=32415"},{"taxonomy":"post_tag","embeddable":true,"href":"https:\/\/diariodominicano.com\/index.php?rest_route=%2Fwp%2Fv2%2Ftags&post=32415"}],"curies":[{"name":"wp","href":"https:\/\/api.w.org\/{rel}","templated":true}]}}