{"id":32414,"date":"2019-07-04T11:42:33","date_gmt":"2019-07-04T11:42:33","guid":{"rendered":"http:\/\/diariodominicano.ddns.net\/?p=32414"},"modified":"2019-07-04T11:42:33","modified_gmt":"2019-07-04T11:42:33","slug":"mas-de-580-mil-electores-registrados-para-comicios-en-bolivia","status":"publish","type":"post","link":"https:\/\/diariodominicano.com\/?p=32414","title":{"rendered":"M\u00e1s de 580 mil electores registrados para comicios en Bolivia"},"content":{"rendered":"<p><body><\/p>\n<p><img decoding=\"async\" src=\"img3\/bolivs.jpg\" \/>  <\/p>\n<p>La Paz, 4 jul (Prensa Latina) M\u00e1s de 580 mil bolivianos se encuentran registrados hoy por el Tribunal Supremo Electoral (TSE) para las elecciones generales del 20 de octubre, a 10 d\u00edas de la conclusi\u00f3n del plazo para el empadronamiento masivo.<\/p>\n<\/p>\n<p>De acuerdo con una informaci\u00f3n divulgada por medios locales, hasta el \u00faltimo domingo se registraron un total de 585 mil 111 personas, de los cuales 530 mil 576 se inscribieron en los nueve departamentos de este pa\u00eds y 54 mil 535 en el exterior.<\/p>\n<\/p>\n<p>M\u00e1s del 40 por ciento de la cantidad total de inscritos son nuevos electores, quienes cumplieron 18 a\u00f1os de edad o lo har\u00e1n hasta el 20 de octubre, mientras alrededor del 60 por ciento son personas que cambiaron de domicilio, precisa la Agencia Boliviana de Informaci\u00f3n.<\/p>\n<\/p>\n<p>La coordinadora del centro de empadronamiento ubicado en la zona de Sopocachi, en La Paz, Salom\u00e9 Poma, confirm\u00f3 que la mayor cantidad de registrados en ese territorio son por cambio de domicilio.<\/p>\n<\/p>\n<p>Seg\u00fan detall\u00f3, se ha ampliado la cantidad de equipos para la atenci\u00f3n, que es continua desde las 07:00 hasta las 22:00 hora local, incluido el fin de semana.<\/p>\n<\/p>\n<p>Desde el 31 de mayo, el TSE habilit\u00f3 a nivel nacional mil 732 equipos de empadronamiento y 258 en 33 pa\u00edses, donde votar\u00e1n los residentes bolivianos.<\/p>\n<\/p>\n<p>Hasta este 14 de julio los equipos trabajar\u00e1n todos los d\u00edas en los puntos fijos y brigadas m\u00f3viles, espacios creados para esa actividad.<\/p>\n<\/p>\n<p>Los requisitos para el registro dentro del pa\u00eds son la c\u00e9dula de identidad vigente y original, y en el exterior, la c\u00e9dula de identidad o pasaporte vigente y original.<\/p>\n<\/p>\n<p>oda\/rbp<\/p>\n<h6> 2019-07-04 11:42:33 <\/h6>\n<p><!--\n<link rel=\"stylesheet\" href=\"css\/bootstrap.min.css\">\n\n\n<ul class=\"pagination\">\n\t    \n\t\n\n<li >\n\t<a href='?page_no=1295'>Previous<\/a>\n\t<\/li>\n\n\n       \n    \n\n<li><a href='?page_no=1'>1<\/a><\/li>\n\n\n\n<li><a href='?page_no=2'>2<\/a><\/li>\n\n\n\n<li><a>...<\/a><\/li>\n\n\n\n<li><a href='?page_no=1294'>1294<\/a><\/li>\n\n\n\n<li><a href='?page_no=1295'>1295<\/a><\/li>\n\n\n\n<li class='active'><a>1296<\/a><\/li>\n\n\n\n<li><a href='?page_no=1297'>1297<\/a><\/li>\n\n\n\n<li><a href='?page_no=1298'>1298<\/a><\/li>\n\n\n\n<li><a>...<\/a><\/li>\n\n\n\n<li><a href='?page_no=1549'>1549<\/a><\/li>\n\n\n\n<li><a href='?page_no=1550'>1550<\/a><\/li>\n\n    \n\t\n\n<li >\n\t<a href='?page_no=1297'>Next<\/a>\n\t<\/li>\n\n\n    \n\n<li><a href='?page_no=1550'>Last &rsaquo;&rsaquo;<\/a><\/li>\n\n<\/ul>\n\n\n--><br \/>\n<\/body><\/p>\n","protected":false},"excerpt":{"rendered":"<p>La Paz, 4 jul (Prensa Latina) M\u00e1s de 580 mil bolivianos se encuentran registrados hoy por el Tribunal Supremo Electoral (TSE) para las elecciones generales del 20 de octubre, a 10 d\u00edas de la conclusi\u00f3n del plazo para el empadronamiento masivo. De acuerdo con una informaci\u00f3n divulgada por medios locales, hasta el \u00faltimo domingo se [&hellip;]<\/p>\n","protected":false},"author":3,"featured_media":0,"comment_status":"open","ping_status":"open","sticky":false,"template":"","format":"standard","meta":{"footnotes":""},"categories":[19],"tags":[],"class_list":["post-32414","post","type-post","status-publish","format-standard","hentry","category-mi-voz"],"_links":{"self":[{"href":"https:\/\/diariodominicano.com\/index.php?rest_route=\/wp\/v2\/posts\/32414","targetHints":{"allow":["GET"]}}],"collection":[{"href":"https:\/\/diariodominicano.com\/index.php?rest_route=\/wp\/v2\/posts"}],"about":[{"href":"https:\/\/diariodominicano.com\/index.php?rest_route=\/wp\/v2\/types\/post"}],"author":[{"embeddable":true,"href":"https:\/\/diariodominicano.com\/index.php?rest_route=\/wp\/v2\/users\/3"}],"replies":[{"embeddable":true,"href":"https:\/\/diariodominicano.com\/index.php?rest_route=%2Fwp%2Fv2%2Fcomments&post=32414"}],"version-history":[{"count":0,"href":"https:\/\/diariodominicano.com\/index.php?rest_route=\/wp\/v2\/posts\/32414\/revisions"}],"wp:attachment":[{"href":"https:\/\/diariodominicano.com\/index.php?rest_route=%2Fwp%2Fv2%2Fmedia&parent=32414"}],"wp:term":[{"taxonomy":"category","embeddable":true,"href":"https:\/\/diariodominicano.com\/index.php?rest_route=%2Fwp%2Fv2%2Fcategories&post=32414"},{"taxonomy":"post_tag","embeddable":true,"href":"https:\/\/diariodominicano.com\/index.php?rest_route=%2Fwp%2Fv2%2Ftags&post=32414"}],"curies":[{"name":"wp","href":"https:\/\/api.w.org\/{rel}","templated":true}]}}