{"id":32413,"date":"2019-07-04T12:03:40","date_gmt":"2019-07-04T12:03:40","guid":{"rendered":"http:\/\/diariodominicano.ddns.net\/?p=32413"},"modified":"2019-07-04T12:03:40","modified_gmt":"2019-07-04T12:03:40","slug":"presentan-en-italia-informe-sobre-delitos-contra-el-ambiente","status":"publish","type":"post","link":"https:\/\/diariodominicano.com\/?p=32413","title":{"rendered":"Presentan en Italia informe sobre delitos contra el ambiente"},"content":{"rendered":"<p><body><\/p>\n<p><img decoding=\"async\" src=\"img3\/ital111.jpg\" \/>  <\/p>\n<p>Roma, 4 jul (Prensa Latina) El dossier \u00bbEcomafia 2019, las historias y los n\u00fameros de los delitos ambientales en Italia\u00bb ser\u00e1 presentado hoy aqu\u00ed por Legambiente.<\/p>\n<\/p>\n<p>El sal\u00f3n de Capitolare del Convento de Santa Mar\u00eda Sopra Minerva, en esta capital, acoger\u00e1 la exposici\u00f3n y an\u00e1lisis del informe, el cual desde hace 25 a\u00f1os realiza la mayor asociaci\u00f3n ambientalista italiana en colaboraci\u00f3n con diversos organismos encargados de hacer cumplir la ley.<\/p>\n<\/p>\n<p>Destacan entre ellos la direcci\u00f3n de Investigaci\u00f3n Antimafia, Arma Carabineros, las polic\u00edas Financiera y Estatal, Cuerpo Forestal de las regiones, las capitan\u00edas portuarias y otros \u00f3rganos policiales.<\/p>\n<\/p>\n<p>La presentaci\u00f3n del reporte la har\u00e1 el presidente general de Legambiente, Giorgio Zampettii y acorde con el sitio edizioniambiente.it el texto de m\u00e1s de 250 p\u00e1ginas est\u00e1 centrada en los n\u00fameros de ilegalidad ambiental y la aplicaci\u00f3n de la ley 68\/2015 sobre delitos ambientales.<\/p>\n<\/p>\n<p>Adem\u00e1s eval\u00faa las cadenas de suministro il\u00edcitas en el sector agroalimentario; los traficantes de residuos y el ciclo ilegal, el saqueo del patrimonio cultura y la &#8216;arqueomafia&#8217;, compradores ilegales y el mercado negro de gases ilegales, entre otros temas.<\/p>\n<\/p>\n<p>La agenda del evento prev\u00e9 la participaci\u00f3n de Anna Rossomando, vicepresidenta del Senado; Stefano Ciafani, presidente nacional de Legambiente; Sergio Costa, ministro del Ambiente, de la Tutela de los Territorios y de los Mares; as\u00ed como Federico Cafiero, procurador nacional Antimafia, entre directivos y representantes de organismos vinculados al tema.<\/p>\n<\/p>\n<p>El pasado dossier &#8216;Ecomafia 2018&#8217; denunci\u00f3 que en 2017 ocurrieron en Italia 30 mil 692 delitos relacionados con el medio ambiente, cifra 18,6 por ciento superior a la del a\u00f1o precedente.<\/p>\n<\/p>\n<p>El texto indic\u00f3, asimismo, que nunca antes en esta naci\u00f3n se realizaron tantas detenciones por delitos contra el medio ambiente como las realizadas en ese a\u00f1o, como tampoco se hicieron tantas investigaciones por el tr\u00e1fico ilegal de residuos.<\/p>\n<\/p>\n<p>El mayor por ciento de los delitos en ese entonces se concentraron en el tr\u00e1fico de residuos, contra animales de la fauna selv\u00e1tica, por incendios forestales y por construcciones ilegales en \u00e1reas protegidas, costas y playas.<\/p>\n<\/p>\n<p>El n\u00famero de personas denunciadas se elev\u00f3 a 39 mil 211, con un incremento del 36 por ciento y la mayor cantidad de delitos detectados ocurrieron en Campania, Sicilia, Apulia, Calabria y Lacio, todas al centro y sur de la pen\u00ednsula.<\/p>\n<\/p>\n<p>oda\/smp<\/p>\n<h6> 2019-07-04 12:03:40 <\/h6>\n<p><!--\n<link rel=\"stylesheet\" href=\"css\/bootstrap.min.css\">\n\n\n<ul class=\"pagination\">\n\t    \n\t\n\n<li >\n\t<a href='?page_no=1294'>Previous<\/a>\n\t<\/li>\n\n\n       \n    \n\n<li><a href='?page_no=1'>1<\/a><\/li>\n\n\n\n<li><a href='?page_no=2'>2<\/a><\/li>\n\n\n\n<li><a>...<\/a><\/li>\n\n\n\n<li><a href='?page_no=1293'>1293<\/a><\/li>\n\n\n\n<li><a href='?page_no=1294'>1294<\/a><\/li>\n\n\n\n<li class='active'><a>1295<\/a><\/li>\n\n\n\n<li><a href='?page_no=1296'>1296<\/a><\/li>\n\n\n\n<li><a href='?page_no=1297'>1297<\/a><\/li>\n\n\n\n<li><a>...<\/a><\/li>\n\n\n\n<li><a href='?page_no=1549'>1549<\/a><\/li>\n\n\n\n<li><a href='?page_no=1550'>1550<\/a><\/li>\n\n    \n\t\n\n<li >\n\t<a href='?page_no=1296'>Next<\/a>\n\t<\/li>\n\n\n    \n\n<li><a href='?page_no=1550'>Last &rsaquo;&rsaquo;<\/a><\/li>\n\n<\/ul>\n\n\n--><br \/>\n<\/body><\/p>\n","protected":false},"excerpt":{"rendered":"<p>Roma, 4 jul (Prensa Latina) El dossier \u00bbEcomafia 2019, las historias y los n\u00fameros de los delitos ambientales en Italia\u00bb ser\u00e1 presentado hoy aqu\u00ed por Legambiente. El sal\u00f3n de Capitolare del Convento de Santa Mar\u00eda Sopra Minerva, en esta capital, acoger\u00e1 la exposici\u00f3n y an\u00e1lisis del informe, el cual desde hace 25 a\u00f1os realiza la [&hellip;]<\/p>\n","protected":false},"author":3,"featured_media":0,"comment_status":"open","ping_status":"open","sticky":false,"template":"","format":"standard","meta":{"footnotes":""},"categories":[19],"tags":[],"class_list":["post-32413","post","type-post","status-publish","format-standard","hentry","category-mi-voz"],"_links":{"self":[{"href":"https:\/\/diariodominicano.com\/index.php?rest_route=\/wp\/v2\/posts\/32413","targetHints":{"allow":["GET"]}}],"collection":[{"href":"https:\/\/diariodominicano.com\/index.php?rest_route=\/wp\/v2\/posts"}],"about":[{"href":"https:\/\/diariodominicano.com\/index.php?rest_route=\/wp\/v2\/types\/post"}],"author":[{"embeddable":true,"href":"https:\/\/diariodominicano.com\/index.php?rest_route=\/wp\/v2\/users\/3"}],"replies":[{"embeddable":true,"href":"https:\/\/diariodominicano.com\/index.php?rest_route=%2Fwp%2Fv2%2Fcomments&post=32413"}],"version-history":[{"count":0,"href":"https:\/\/diariodominicano.com\/index.php?rest_route=\/wp\/v2\/posts\/32413\/revisions"}],"wp:attachment":[{"href":"https:\/\/diariodominicano.com\/index.php?rest_route=%2Fwp%2Fv2%2Fmedia&parent=32413"}],"wp:term":[{"taxonomy":"category","embeddable":true,"href":"https:\/\/diariodominicano.com\/index.php?rest_route=%2Fwp%2Fv2%2Fcategories&post=32413"},{"taxonomy":"post_tag","embeddable":true,"href":"https:\/\/diariodominicano.com\/index.php?rest_route=%2Fwp%2Fv2%2Ftags&post=32413"}],"curies":[{"name":"wp","href":"https:\/\/api.w.org\/{rel}","templated":true}]}}