{"id":324116,"date":"2022-01-14T21:00:56","date_gmt":"2022-01-15T01:00:56","guid":{"rendered":"http:\/\/diariodominicano.com\/?p=324116"},"modified":"2022-01-14T21:03:35","modified_gmt":"2022-01-15T01:03:35","slug":"fedofutbol-expresa-pesar-por-la-muerte-de-don-quispe-mendoza","status":"publish","type":"post","link":"https:\/\/diariodominicano.com\/?p=324116","title":{"rendered":"Fedof\u00fatbol expresa pesar por la muerte de don Quispe Mendoza"},"content":{"rendered":"\n<p> Fortunato \u2013Quispe- Mendoza <\/p>\n\n\n\n<p>SANTO DOMINGO.- La Federaci\u00f3n Dominicana de F\u00fatbol (Fedof\u00fatbol), expres\u00f3 su pesar por la muerte de Fortunato \u2013Quispe- Mendoza, quien fue parte del ejecutivo de la instituci\u00f3n por varios a\u00f1os.<\/p>\n\n\n\n<p>Don Quispe Mendoza, quien ten\u00eda 88 a\u00f1os de edad, muri\u00f3 este viernes en un centro m\u00e9dico de la capital.<\/p>\n\n\n\n<p>\u201cEl f\u00fatbol dominicano ha perdido el m\u00e1s grande \u00edcono. Quispe representaba lo m\u00e1s puro del f\u00fatbol dominicano\u201d, se\u00f1al\u00f3 el presidente de la Fedof\u00fatbol, Rub\u00e9n Garc\u00eda.<\/p>\n\n\n\n<p>Don Quisque fue fundador de la primera asociaci\u00f3n de f\u00fatbol del pa\u00eds y primer entrenador de una selecci\u00f3n nacional. Fund\u00f3 y fue su primer entrenador de la Liga Inter-Escolar de F\u00fatbol en 1966, cre\u00f3 y fue el dirigente de la Liga Nacional de F\u00fatbol Infantil y Juvenil (1967).<\/p>\n\n\n\n<p>\u201cQuispe fue la primera persona que crey\u00f3 en el f\u00fatbol dominicano, fue la primera persona que pens\u00f3 hacer f\u00fatbol en el pa\u00eds\u201d, a\u00f1adi\u00f3 Garc\u00eda, mediante un despacho de prensa de la Fedof\u00fatbol.<\/p>\n\n\n\n<p>\u201cFue esa persona que creci\u00f3 y vivi\u00f3 amando el f\u00fatbol hasta su \u00faltimo d\u00eda\u201d, precisa Garc\u00eda, quien destac\u00f3 que el inmortal del deporte dominicano \u201cfue un gran baluarte para el f\u00fatbol dominicano\u201d.<\/p>\n\n\n\n<p>Parte de la vida de Quispe Mendoza<\/p>\n\n\n\n<p>En 1968 fund\u00f3 y fue entrenador y mentor del primer equipo de primera divisi\u00f3n del Aurora, donde cada jugador era genuinamente dominicano.<\/p>\n\n\n\n<p>Para 1969 fund\u00f3 y fue el primer entrenador del equipo de primera divisi\u00f3n de la UASD, fue el responsable de la creaci\u00f3n de la primera Asociaci\u00f3n de F\u00fatbol de la Rep\u00fablica Dominicana, en la ciudad capital, el 6 de agosto de 1970.<\/p>\n\n\n\n<p>Fue promotor y fundador de varias asociaciones y clubes en gran parte del territorio nacional, dando ense\u00f1anza del f\u00fatbol en toda la geograf\u00eda nacional.<\/p>\n\n\n\n<p>Como entrenador nacional, dirigi\u00f3 las eliminatorias del Mundial M\u00e9xico \u201968, las de los XI Juegos Centroamericanos y del Caribe en Panam\u00e1 (1970), los VI Juegos Panamericanos en Cali, Colombia, en 1971; el Campeonato Juvenil de F\u00fatbol de la Concacaf en Cuba, 1972; los XII Juegos Centroamericanos y del Caribe en Santo Domingo en 1974 y el Campeonato Juvenil de F\u00fatbol de Concacaf en San Juan, Puerto Rico en 1976, entre otros logros como dirigente.<\/p>\n\n\n\n<p>El 21 de mayo del 2004, en Francia, la Federaci\u00f3n Internacional de F\u00fatbol Asociado lo honr\u00f3 galardon\u00e1ndolo como Personaje de F\u00fatbol del Siglo, con motivo del Centenario de la FIFA.<\/p>\n\n\n\n<p>Quispe Mendoza arrib\u00f3 a la Rep\u00fablica Dominicana en los turbulentos meses de 1965, espec\u00edficamente el 4 de mayo como representante internacional de trabajo OIT en los momentos. Naci\u00f3 en la ciudad de Cochabamba, en Bolivia, el 7 de octubre de 1934.<\/p>\n\n\n\n<p>A su llegada imparti\u00f3 docencia como profesor de ciencias sociales del liceo Juan Pablo Duarte, en la Escuela Nacional de Educaci\u00f3n F\u00edsica (ENEF), catedr\u00e1tico de la Universidad Aut\u00f3noma de Santo Domingo (UASD) y t\u00e9cnico de la Direcci\u00f3n Nacional de Educaci\u00f3n F\u00edsica Escolar, entre otros.<\/p>\n\n\n\n<p>Fue licenciado en Ciencias Pol\u00edticas, Educaci\u00f3n Media menci\u00f3n Ciencias Sociales y en Educaci\u00f3n F\u00edsica menci\u00f3n F\u00fatbol.<\/p>\n\n\n\n<p>Es inmortal del deporte dominicano desde el 2011, como propulsor.<\/p>\n\n\n\n<p>Fedofutbol Prensa<a target=\"_blank\" href=\"mailto:fedofutbolprensa2019@gmail.com\" rel=\"noreferrer noopener\">fedofutbolprensa2019@gmail.com<\/a><\/p>\n\n\n\n<p>PRENSA FEDOFUTBOL&nbsp;<\/p>\n","protected":false},"excerpt":{"rendered":"<p>Fortunato \u2013Quispe- Mendoza SANTO DOMINGO.- La Federaci\u00f3n Dominicana de F\u00fatbol (Fedof\u00fatbol), expres\u00f3 su pesar por la muerte de Fortunato \u2013Quispe- Mendoza, quien fue parte del ejecutivo de la instituci\u00f3n por varios a\u00f1os. Don Quispe Mendoza, quien ten\u00eda 88 a\u00f1os de edad, muri\u00f3 este viernes en un centro m\u00e9dico de la capital. \u201cEl f\u00fatbol dominicano ha [&hellip;]<\/p>\n","protected":false},"author":28,"featured_media":324117,"comment_status":"closed","ping_status":"","sticky":true,"template":"","format":"standard","meta":{"footnotes":""},"categories":[17,27],"tags":[],"class_list":["post-324116","post","type-post","status-publish","format-standard","has-post-thumbnail","hentry","category-deportes","category-portada"],"_links":{"self":[{"href":"https:\/\/diariodominicano.com\/index.php?rest_route=\/wp\/v2\/posts\/324116","targetHints":{"allow":["GET"]}}],"collection":[{"href":"https:\/\/diariodominicano.com\/index.php?rest_route=\/wp\/v2\/posts"}],"about":[{"href":"https:\/\/diariodominicano.com\/index.php?rest_route=\/wp\/v2\/types\/post"}],"author":[{"embeddable":true,"href":"https:\/\/diariodominicano.com\/index.php?rest_route=\/wp\/v2\/users\/28"}],"replies":[{"embeddable":true,"href":"https:\/\/diariodominicano.com\/index.php?rest_route=%2Fwp%2Fv2%2Fcomments&post=324116"}],"version-history":[{"count":2,"href":"https:\/\/diariodominicano.com\/index.php?rest_route=\/wp\/v2\/posts\/324116\/revisions"}],"predecessor-version":[{"id":324119,"href":"https:\/\/diariodominicano.com\/index.php?rest_route=\/wp\/v2\/posts\/324116\/revisions\/324119"}],"wp:featuredmedia":[{"embeddable":true,"href":"https:\/\/diariodominicano.com\/index.php?rest_route=\/wp\/v2\/media\/324117"}],"wp:attachment":[{"href":"https:\/\/diariodominicano.com\/index.php?rest_route=%2Fwp%2Fv2%2Fmedia&parent=324116"}],"wp:term":[{"taxonomy":"category","embeddable":true,"href":"https:\/\/diariodominicano.com\/index.php?rest_route=%2Fwp%2Fv2%2Fcategories&post=324116"},{"taxonomy":"post_tag","embeddable":true,"href":"https:\/\/diariodominicano.com\/index.php?rest_route=%2Fwp%2Fv2%2Ftags&post=324116"}],"curies":[{"name":"wp","href":"https:\/\/api.w.org\/{rel}","templated":true}]}}