{"id":324090,"date":"2022-01-14T20:28:34","date_gmt":"2022-01-15T00:28:34","guid":{"rendered":"http:\/\/diariodominicano.com\/?p=324090"},"modified":"2022-01-14T20:29:34","modified_gmt":"2022-01-15T00:29:34","slug":"seleccion-panamena-de-futbol-a-peru-para-enfrentar-partido-amistoso","status":"publish","type":"post","link":"https:\/\/diariodominicano.com\/?p=324090","title":{"rendered":"Selecci\u00f3n paname\u00f1a de f\u00fatbol a Per\u00fa para enfrentar partido amistoso"},"content":{"rendered":"\n<p>Panam\u00e1, 14 ene (Prensa Latina) Con cinco jugadores sustituidos por dar positivos a la Covid-19, viaj\u00f3 hoy a Lima la selecci\u00f3n mayor de Panam\u00e1 de f\u00fatbol, para enfrentar el domingo en amistoso a su par peruana.<\/p>\n\n\n\n<ul class=\"wp-block-list\"><li>enero 14, 2022<\/li><li>CST13:22 (GMT) -0500<\/li><\/ul>\n\n\n\n<p>De acuerdo con el director t\u00e9cnico Thomas Christiansen, su objetivo objetivo personal, como el de todo el pa\u00eds es la clasificaci\u00f3n para el Mundial de Qatar 2022.<\/p>\n\n\n\n<p><\/p>\n\n\n\n<p>Christiansen se\u00f1al\u00f3 a la prensa que no hay nadie m\u00e1s interesado que \u00e9l en que Panam\u00e1 clasifique al mundial, al tiempo que anuncio a los jugadores en plantilla.<\/p>\n\n\n\n<p>En relaci\u00f3n con algunos ausentes, como An\u00edbal Godoy o Alberto Carrasquilla, explic\u00f3 que \u00abes importante saber d\u00f3nde aprovechar a los jugadores\u00bb, en referencia a las pr\u00f3ximas eliminatorias frente a Costa Rica, el 27 de enero, de visitante; el 30 del mismo mes ante a Jamaica, en casa; y frente a M\u00e9xico, de ida, el 2 de febrero.<\/p>\n\n\n\n<p>Varios jugadores se quedaron en Panam\u00e1 para entrenar y \u00abestar en \u00f3ptimas condiciones\u00bb, acot\u00f3.<\/p>\n\n\n\n<p>En cuanto a las expectativas en torno al amistoso con Per\u00fa, dijo que aprovechar\u00e1n el partido para ver nuevos jugadores compitiendo en un choque oficial y aclar\u00f3 que el resultado no es prioridad.<\/p>\n\n\n\n<p>Signific\u00f3 la importancia del desaf\u00edo ante los ticos \u201c un partido de seis puntos, en el caso de ganar dar\u00edamos un paso importante para la cuarta plaza y meternos en la lucha de los tres primeros lugares\u201d.<\/p>\n\n\n\n<p>Sobre el auge de contagios por la enfermedad, precis\u00f3 que al volver de Per\u00fa, los jugadores y el cuerpo t\u00e9cnico se mantendr\u00e1n en sus burbujas para evitar contagios.<\/p>\n\n\n\n<p>Plantilla:<\/p>\n\n\n\n<p>Porteros: Orlando Mosquera y C\u00e9sar Samudio.<\/p>\n\n\n\n<p>Defensas: Jos\u00e9 Matos, Harold Cummings, Azmahar Ariano, Sergio Ram\u00edrez, Luis Asprilla, Omar C\u00f3rdoba y Jorge Guti\u00e9rrez.<\/p>\n\n\n\n<p>Volantes: Jovani Welch, Armando Cooper, Abdiel Ayarza, Alberto Quintero, Irvirg Guidi\u00f1o, Cristian Quintero, Jorge M\u00e9ndez y V\u00edctor Medina.<\/p>\n\n\n\n<p>Delanteros: Jos\u00e9 Fajardo, Abdiel Arroyo, Jair Catuy y Alessandro Canales.<\/p>\n\n\n\n<p>DT: Thomas Christiansen<\/p>\n\n\n\n<p>mem\/ga<\/p>\n","protected":false},"excerpt":{"rendered":"<p>Panam\u00e1, 14 ene (Prensa Latina) Con cinco jugadores sustituidos por dar positivos a la Covid-19, viaj\u00f3 hoy a Lima la selecci\u00f3n mayor de Panam\u00e1 de f\u00fatbol, para enfrentar el domingo en amistoso a su par peruana. enero 14, 2022 CST13:22 (GMT) -0500 De acuerdo con el director t\u00e9cnico Thomas Christiansen, su objetivo objetivo personal, como [&hellip;]<\/p>\n","protected":false},"author":28,"featured_media":324092,"comment_status":"closed","ping_status":"","sticky":false,"template":"","format":"standard","meta":{"footnotes":""},"categories":[17],"tags":[],"class_list":["post-324090","post","type-post","status-publish","format-standard","has-post-thumbnail","hentry","category-deportes"],"_links":{"self":[{"href":"https:\/\/diariodominicano.com\/index.php?rest_route=\/wp\/v2\/posts\/324090","targetHints":{"allow":["GET"]}}],"collection":[{"href":"https:\/\/diariodominicano.com\/index.php?rest_route=\/wp\/v2\/posts"}],"about":[{"href":"https:\/\/diariodominicano.com\/index.php?rest_route=\/wp\/v2\/types\/post"}],"author":[{"embeddable":true,"href":"https:\/\/diariodominicano.com\/index.php?rest_route=\/wp\/v2\/users\/28"}],"replies":[{"embeddable":true,"href":"https:\/\/diariodominicano.com\/index.php?rest_route=%2Fwp%2Fv2%2Fcomments&post=324090"}],"version-history":[{"count":2,"href":"https:\/\/diariodominicano.com\/index.php?rest_route=\/wp\/v2\/posts\/324090\/revisions"}],"predecessor-version":[{"id":324093,"href":"https:\/\/diariodominicano.com\/index.php?rest_route=\/wp\/v2\/posts\/324090\/revisions\/324093"}],"wp:featuredmedia":[{"embeddable":true,"href":"https:\/\/diariodominicano.com\/index.php?rest_route=\/wp\/v2\/media\/324092"}],"wp:attachment":[{"href":"https:\/\/diariodominicano.com\/index.php?rest_route=%2Fwp%2Fv2%2Fmedia&parent=324090"}],"wp:term":[{"taxonomy":"category","embeddable":true,"href":"https:\/\/diariodominicano.com\/index.php?rest_route=%2Fwp%2Fv2%2Fcategories&post=324090"},{"taxonomy":"post_tag","embeddable":true,"href":"https:\/\/diariodominicano.com\/index.php?rest_route=%2Fwp%2Fv2%2Ftags&post=324090"}],"curies":[{"name":"wp","href":"https:\/\/api.w.org\/{rel}","templated":true}]}}