{"id":32409,"date":"2019-07-05T00:55:44","date_gmt":"2019-07-05T00:55:44","guid":{"rendered":"http:\/\/diariodominicano.ddns.net\/?p=32409"},"modified":"2019-07-05T00:55:44","modified_gmt":"2019-07-05T00:55:44","slug":"legislativo-de-ecuador-rinde-tributo-a-los-100-anos-de-guayasamin","status":"publish","type":"post","link":"https:\/\/diariodominicano.com\/?p=32409","title":{"rendered":"Legislativo de Ecuador rinde tributo a los 100 a\u00f1os de Guayasam\u00edn"},"content":{"rendered":"<p><body><\/p>\n<p><img decoding=\"async\" src=\"img3\/Guayasamin.jpg\" \/>  <\/p>\n<p><strong> Quito, 4 jul (Prensa Latina)<\/strong> Con un programa de actividades denominado Casa Abierta, la Asamblea Nacional de Ecuador rindi\u00f3 hoy homenaje al artista Oswaldo Guayasam\u00edn, a prop\u00f3sito del centenario de su natalicio, el pr\u00f3ximo 6 de julio.<\/p>\n<\/p>\n<p>El tributo comenz\u00f3 con la entrega de un reconocimiento institucional a la familia del llamado Pintor de Iberoam\u00e9rica, en el Sal\u00f3n Plenario Nela Mart\u00ednez, a donde acudieron hijos, nietos, bisnietos y amigos de Guayasam\u00edn.<\/p>\n<\/p>\n<p>Tras agradecer el galard\u00f3n, su hija, Berenice Guayasam\u00edn, record\u00f3 que el maestro represent\u00f3 a todos los ecuatorianos durante su vida.<\/p>\n<\/p>\n<p>&#8216;Mostr\u00f3 a trav\u00e9s de su pintura lo que es el pa\u00eds, Am\u00e9rica Latina, y m\u00e1s tarde, nos dej\u00f3 una historia de lo que pas\u00f3 en el siglo XX y la crueldad vivida, que lastimosamente, ahora solo han cambiado los escenarios, porque la tragedia sigue viva en el mundo, de manera permanente&#8217;, sentenci\u00f3.<\/p>\n<\/p>\n<p>Igualmente, a\u00f1adi\u00f3 que de permanecer vivo, su padre nunca hubiera podido terminar su colecci\u00f3n de pinturas de La Edad de la Ira, &#8216;porque seguimos en tiempos de la ira&#8217;.<\/p>\n<\/p>\n<p>Visiblemente emocionada, Berenice agradeci\u00f3 al pleno del legislativo por la condecoraci\u00f3n y el desarrollo de un programa de actividades, en el marco del centenario.<\/p>\n<\/p>\n<p>Por otra parte, varios legisladores se pronunciaron sobre la vida y obra del maestro, recordada cada d\u00eda en el pleno, donde reposa hace 31 a\u00f1os el mural &#8216;La Imagen de la Patria&#8217;.<\/p>\n<\/p>\n<p>&#8216;Todo su arte simboliza la rebeld\u00eda. Fue contestatario y su obra una denuncia&#8217;, asegur\u00f3 Amapola Naranjo, de la bancada de la Revoluci\u00f3n Ciudadana, quien adem\u00e1s destac\u00f3 como su vasto legado ha sido cuidadosamente seleccionado, conservado y puesto en valor por su familia en la Fundaci\u00f3n Guayasam\u00edn, para el disfrute del mundo.<\/p>\n<\/p>\n<p>Adem\u00e1s del reconocimiento legislativo, durante esta jornada y ma\u00f1ana est\u00e1 abierta al p\u00fablico una peque\u00f1a muestra de la obra del pintor, muralista, grafista, dibujante y escultor ecuatoriano.<\/p>\n<\/p>\n<p>Cuatro reproducciones, un cuadro original, un afiche del mural del Congreso y algunos de los \u00fatiles que llevaba en su trabajo diario como la paleta, pomos de tinta, colores al \u00f3leo y su bata para pintar, forman parte de la exhibici\u00f3n.<\/p>\n<\/p>\n<p>La exposici\u00f3n comenz\u00f3 con un peque\u00f1o homenaje musical, que incluy\u00f3 la actuaci\u00f3n de la asamble\u00edsta Amapola naranjo.<\/p>\n<\/p>\n<p>Numerosos legisladores pasaron por la muestra y se fotografiaron junto a las obras, por los 100 a\u00f1os de quien es referente cultural de Ecuador y Am\u00e9rica Latina.<\/p>\n<\/p>\n<p>acl\/scm<\/p>\n<h6> 2019-07-05 00:55:44 <\/h6>\n<p><!--\n<link rel=\"stylesheet\" href=\"css\/bootstrap.min.css\">\n\n\n<ul class=\"pagination\">\n\t    \n\t\n\n<li >\n\t<a href='?page_no=1290'>Previous<\/a>\n\t<\/li>\n\n\n       \n    \n\n<li><a href='?page_no=1'>1<\/a><\/li>\n\n\n\n<li><a href='?page_no=2'>2<\/a><\/li>\n\n\n\n<li><a>...<\/a><\/li>\n\n\n\n<li><a href='?page_no=1289'>1289<\/a><\/li>\n\n\n\n<li><a href='?page_no=1290'>1290<\/a><\/li>\n\n\n\n<li class='active'><a>1291<\/a><\/li>\n\n\n\n<li><a href='?page_no=1292'>1292<\/a><\/li>\n\n\n\n<li><a href='?page_no=1293'>1293<\/a><\/li>\n\n\n\n<li><a>...<\/a><\/li>\n\n\n\n<li><a href='?page_no=1549'>1549<\/a><\/li>\n\n\n\n<li><a href='?page_no=1550'>1550<\/a><\/li>\n\n    \n\t\n\n<li >\n\t<a href='?page_no=1292'>Next<\/a>\n\t<\/li>\n\n\n    \n\n<li><a href='?page_no=1550'>Last &rsaquo;&rsaquo;<\/a><\/li>\n\n<\/ul>\n\n\n--><br \/>\n<\/body><\/p>\n","protected":false},"excerpt":{"rendered":"<p>Quito, 4 jul (Prensa Latina) Con un programa de actividades denominado Casa Abierta, la Asamblea Nacional de Ecuador rindi\u00f3 hoy homenaje al artista Oswaldo Guayasam\u00edn, a prop\u00f3sito del centenario de su natalicio, el pr\u00f3ximo 6 de julio. El tributo comenz\u00f3 con la entrega de un reconocimiento institucional a la familia del llamado Pintor de Iberoam\u00e9rica, [&hellip;]<\/p>\n","protected":false},"author":3,"featured_media":0,"comment_status":"open","ping_status":"open","sticky":false,"template":"","format":"standard","meta":{"footnotes":""},"categories":[19],"tags":[],"class_list":["post-32409","post","type-post","status-publish","format-standard","hentry","category-mi-voz"],"_links":{"self":[{"href":"https:\/\/diariodominicano.com\/index.php?rest_route=\/wp\/v2\/posts\/32409","targetHints":{"allow":["GET"]}}],"collection":[{"href":"https:\/\/diariodominicano.com\/index.php?rest_route=\/wp\/v2\/posts"}],"about":[{"href":"https:\/\/diariodominicano.com\/index.php?rest_route=\/wp\/v2\/types\/post"}],"author":[{"embeddable":true,"href":"https:\/\/diariodominicano.com\/index.php?rest_route=\/wp\/v2\/users\/3"}],"replies":[{"embeddable":true,"href":"https:\/\/diariodominicano.com\/index.php?rest_route=%2Fwp%2Fv2%2Fcomments&post=32409"}],"version-history":[{"count":0,"href":"https:\/\/diariodominicano.com\/index.php?rest_route=\/wp\/v2\/posts\/32409\/revisions"}],"wp:attachment":[{"href":"https:\/\/diariodominicano.com\/index.php?rest_route=%2Fwp%2Fv2%2Fmedia&parent=32409"}],"wp:term":[{"taxonomy":"category","embeddable":true,"href":"https:\/\/diariodominicano.com\/index.php?rest_route=%2Fwp%2Fv2%2Fcategories&post=32409"},{"taxonomy":"post_tag","embeddable":true,"href":"https:\/\/diariodominicano.com\/index.php?rest_route=%2Fwp%2Fv2%2Ftags&post=32409"}],"curies":[{"name":"wp","href":"https:\/\/api.w.org\/{rel}","templated":true}]}}