{"id":32405,"date":"2019-07-05T01:14:20","date_gmt":"2019-07-05T01:14:20","guid":{"rendered":"http:\/\/diariodominicano.ddns.net\/?p=32405"},"modified":"2019-07-05T01:14:20","modified_gmt":"2019-07-05T01:14:20","slug":"frio-cero-una-iniciativa-solidaria-toma-fuerza-en-argentina","status":"publish","type":"post","link":"https:\/\/diariodominicano.com\/?p=32405","title":{"rendered":"Fr\u00edo cero, una iniciativa solidaria toma fuerza en Argentina"},"content":{"rendered":"<p><body><\/p>\n<p><strong>Por Mayl\u00edn Vidal<\/strong><\/p>\n<p><strong>Buenos Aires, 5 jul <\/strong>(Prensa Latina) Carteles se replican hoy aqu\u00ed en algunos restaurantes donde se ofrecen alimentos a los m\u00e1s necesitados, en tanto cobra fuerza una iniciativa que comenz\u00f3 en el estadio River Plate, a la que se han sumado muchas personas solidarias.<\/p>\n<\/p>\n<p>&#8216;Fr\u00edo cero&#8217;, con esa frase, convertida incluso en tendencia en las redes sociales, cientos de porte\u00f1os contribuyen, con lo que pueden, para ayudar a los miles de personas en situaci\u00f3n de calle a trav\u00e9s de donaciones que hacen llegar a la organizaci\u00f3n Red Solidaria, la misma que junto a River contribuy\u00f3 a dar cobija en una de las noches m\u00e1s fr\u00edas a gente en situaci\u00f3n de calle.<\/p>\n<\/p>\n<p>Fueron 103 los que llegaron el pasado mi\u00e9rcoles en busca de techo, ropa y algo de alimento a la cancha de River, que abri\u00f3 sus puertas para que porte\u00f1os en condiciones de pobreza extrema pudieran pasar la noche y no murieran de hipotermia por las bajas temperaturas de una ola polar que pega duro.<\/p>\n<\/p>\n<p>Las im\u00e1genes hablaban por si solas. Familias con ni\u00f1os, otros de avanzada edad, pudieron dormir humanamente, lejos de esos cartones convertidos en frazadas y colchas para resguardarse de la helada noche en cualquier acera de la ciudad.<\/p>\n<\/p>\n<p>El gesto ha cobrado fuerza y otros clubes locales se han sumado para abrir sus puertas y albergar a personas en esta situaci\u00f3n, en medio de un a\u00f1o dif\u00edcil, con una econom\u00eda que no repunta y una recesi\u00f3n que impacta en la inflaci\u00f3n, sobre todo en la canasta b\u00e1sica.<\/p>\n<\/p>\n<p>El Club Atl\u00e9tico Hurac\u00e1n, en la barriada de Parque Patricios, fue otro de los que se sum\u00f3 a esta iniciativa.<\/p>\n<\/p>\n<p>Tambi\u00e9n lo hicieron ayer Estudiantes de Caseros y los clubes tucumanos Atl\u00e9tico y San Mart\u00edn, en tanto en San Lorenzo y V\u00e9lez se recibieron donaciones.<\/p>\n<\/p>\n<p>Y es que ver a muchos en situaci\u00f3n de calle, con este fr\u00edo que cala hasta los huesos, duele, sobre todo si de ni\u00f1os peque\u00f1os se trata.<\/p>\n<\/p>\n<p>Seg\u00fan denunci\u00f3 en un mensaje la v\u00edspera la diputada M\u00f3nica Macha, desde 2016, aument\u00f3 en un 35 por ciento la cantidad de personas que duermen en las calles.<\/p>\n<\/p>\n<p>&#8216;Ya hubo cinco muertes de personas en situaci\u00f3n de calle en los \u00faltimos d\u00edas. Cuando el Estado no ampara a quienes m\u00e1s necesitan, pasa esto. La indiferencia del Gobierno, mata&#8217;, escribi\u00f3 en la red social Twitter.<\/p>\n<\/p>\n<p>&#8216;Parrilla Los Nenes, les ofrece a todo el que necesite un plato de comida caliente de 11 a 12 y de 19 a 20, contra la ola polar&#8217;, invita este peque\u00f1o negocio local en la barriada de Parque Patricios para aquellos que no tienen que comer.<\/p>\n<\/p>\n<p>Desde la CTEP (Confederaci\u00f3n de Trabajadores de la Econom\u00eda Popular) surgen otras iniciativas y adelantaron que el 9 de julio, distintas organizaciones instalar\u00e1n una carpa refugio en el emblem\u00e1tico Obelisco para los sin techo. \u00c2\u00edLa calle no es lugar para morir!, se\u00f1ala en su convocatoria esa organizaci\u00f3n.<\/p>\n<\/p>\n<p>Desde el Gobierno de la ciudad, se dispuso una l\u00ednea las 24 horas para todo aquel que vea a personas en situaci\u00f3n de calle llame y se pueda brindar asistencia social.<\/p>\n<\/p>\n<p>Contamos con 30 refugios que ofrecen una cama, un plato de comida caliente, duchas y toda la infraestructura necesaria para que las personas en situaci\u00f3n de calle puedan estar a resguardo de las bajas temperaturas, detalla desde su p\u00e1gina en internet el Ejecutivo porte\u00f1o.<\/p>\n<\/p>\n<p>El fr\u00edo bajo cero que se posa en casi toda Argentina golpea en esta capital y tambi\u00e9n en la provincia de Buenos Aires, donde ayer incluso nev\u00f3 en algunas de sus localidades como Tres Arroyos.<\/p>\n<\/p>\n<p>Este es solo el comienzo de un invierno que se prev\u00e9 a\u00fan peor y que saca por estos d\u00edas el lado m\u00e1s humano de muchos en esta ciudad que de manera solidaria aportan su grano de arena a esta buena causa.<\/p>\n<\/p>\n<p>oda\/may<\/p>\n<h6> 2019-07-05 01:14:20 <\/h6>\n<p><!--\n<link rel=\"stylesheet\" href=\"css\/bootstrap.min.css\">\n\n\n<ul class=\"pagination\">\n\t    \n\t\n\n<li >\n\t<a href='?page_no=1287'>Previous<\/a>\n\t<\/li>\n\n\n       \n    \n\n<li><a href='?page_no=1'>1<\/a><\/li>\n\n\n\n<li><a href='?page_no=2'>2<\/a><\/li>\n\n\n\n<li><a>...<\/a><\/li>\n\n\n\n<li><a href='?page_no=1286'>1286<\/a><\/li>\n\n\n\n<li><a href='?page_no=1287'>1287<\/a><\/li>\n\n\n\n<li class='active'><a>1288<\/a><\/li>\n\n\n\n<li><a href='?page_no=1289'>1289<\/a><\/li>\n\n\n\n<li><a href='?page_no=1290'>1290<\/a><\/li>\n\n\n\n<li><a>...<\/a><\/li>\n\n\n\n<li><a href='?page_no=1549'>1549<\/a><\/li>\n\n\n\n<li><a href='?page_no=1550'>1550<\/a><\/li>\n\n    \n\t\n\n<li >\n\t<a href='?page_no=1289'>Next<\/a>\n\t<\/li>\n\n\n    \n\n<li><a href='?page_no=1550'>Last &rsaquo;&rsaquo;<\/a><\/li>\n\n<\/ul>\n\n\n--><br \/>\n<\/body><\/p>\n","protected":false},"excerpt":{"rendered":"<p>Por Mayl\u00edn Vidal Buenos Aires, 5 jul (Prensa Latina) Carteles se replican hoy aqu\u00ed en algunos restaurantes donde se ofrecen alimentos a los m\u00e1s necesitados, en tanto cobra fuerza una iniciativa que comenz\u00f3 en el estadio River Plate, a la que se han sumado muchas personas solidarias. &#8216;Fr\u00edo cero&#8217;, con esa frase, convertida incluso en [&hellip;]<\/p>\n","protected":false},"author":3,"featured_media":0,"comment_status":"open","ping_status":"open","sticky":false,"template":"","format":"standard","meta":{"footnotes":""},"categories":[19],"tags":[],"class_list":["post-32405","post","type-post","status-publish","format-standard","hentry","category-mi-voz"],"_links":{"self":[{"href":"https:\/\/diariodominicano.com\/index.php?rest_route=\/wp\/v2\/posts\/32405","targetHints":{"allow":["GET"]}}],"collection":[{"href":"https:\/\/diariodominicano.com\/index.php?rest_route=\/wp\/v2\/posts"}],"about":[{"href":"https:\/\/diariodominicano.com\/index.php?rest_route=\/wp\/v2\/types\/post"}],"author":[{"embeddable":true,"href":"https:\/\/diariodominicano.com\/index.php?rest_route=\/wp\/v2\/users\/3"}],"replies":[{"embeddable":true,"href":"https:\/\/diariodominicano.com\/index.php?rest_route=%2Fwp%2Fv2%2Fcomments&post=32405"}],"version-history":[{"count":0,"href":"https:\/\/diariodominicano.com\/index.php?rest_route=\/wp\/v2\/posts\/32405\/revisions"}],"wp:attachment":[{"href":"https:\/\/diariodominicano.com\/index.php?rest_route=%2Fwp%2Fv2%2Fmedia&parent=32405"}],"wp:term":[{"taxonomy":"category","embeddable":true,"href":"https:\/\/diariodominicano.com\/index.php?rest_route=%2Fwp%2Fv2%2Fcategories&post=32405"},{"taxonomy":"post_tag","embeddable":true,"href":"https:\/\/diariodominicano.com\/index.php?rest_route=%2Fwp%2Fv2%2Ftags&post=32405"}],"curies":[{"name":"wp","href":"https:\/\/api.w.org\/{rel}","templated":true}]}}