{"id":32403,"date":"2019-07-05T12:11:18","date_gmt":"2019-07-05T12:11:18","guid":{"rendered":"http:\/\/diariodominicano.ddns.net\/?p=32403"},"modified":"2019-07-05T12:11:18","modified_gmt":"2019-07-05T12:11:18","slug":"construir-alianzas-para-resistir-reto-para-pueblos-indigenas","status":"publish","type":"post","link":"https:\/\/diariodominicano.com\/?p=32403","title":{"rendered":"Construir alianzas para resistir, reto para pueblos ind\u00edgenas"},"content":{"rendered":"<p><body><\/p>\n<p><img decoding=\"async\" src=\"img3\/indig.jpg\" \/>  <\/p>\n<p>Brasilia, 5 jul (Prensa Latina) Con el desaf\u00edo de construir alianzas para resistir y reclamar derechos de las comunidades originarias y tradicionales cierra hoy aqu\u00ed sus cortinas el tercer Congreso Internacional de los Pueblos Ind\u00edgenas de Am\u00e9rica Latina (Cipial).<\/p>\n<\/p>\n<p>Seg\u00fan los organizadores, el foro se propuso contribuir, desde una perspectiva comparativa, a una mejor comprensi\u00f3n de las realidades territoriales ind\u00edgenas en el subcontinente.<\/p>\n<\/p>\n<p>A trav\u00e9s de trabajos procedentes de distintas regiones, disimiles escenarios y propuestas desde campos tem\u00e1ticos, te\u00f3ricos y disciplinas afines, se intent\u00f3 en los debates un acercamiento y di\u00e1logo en pos de un an\u00e1lisis al servicio de un mejor entendimiento de las geograf\u00edas ind\u00edgenas en Am\u00e9rica Latina.<\/p>\n<\/p>\n<p>Tambi\u00e9n en el simposio, que desde el mi\u00e9rcoles se realiz\u00f3 en el Campus Darcy Ribeiro de la Universidad de Brasilia con el tema &#8216;Trayectorias, narrativas y epistemolog\u00edas plurales, desaf\u00edos comunes&#8217;, se mostr\u00f3 el patrimonio de la cultura material ind\u00edgena en estudios latinoamericanos a partir de datos bibliogr\u00e1ficos sobre artes originarias en M\u00e9xico, Venezuela y Brasil.<\/p>\n<\/p>\n<p>Al tener como punto de partida la resistencia de las comunidades ind\u00edgenas, el Congreso dio atenci\u00f3n especial a las denuncias por la escalada de violencia practicada por el llamado neoextractivismo (proceso de extracci\u00f3n de recursos naturales).<\/p>\n<\/p>\n<p>Particularmente la situaci\u00f3n de los pueblos aislados que a cada paso se vuelve m\u00e1s tr\u00e1gica, con sus espacios vitales de supervivencia (sus territorios) m\u00e1s amenazados por frentes de explotaci\u00f3n (maderera, petrolera y minera) y el agronegocio.<\/p>\n<\/p>\n<p>El programa del evento incluy\u00f3 m\u00e1s de 60 simposios tem\u00e1ticos y 20 actividades como mesas de debate, minicursos, talleres, espect\u00e1culos art\u00edsticos y exhibici\u00f3n de documentales.<\/p>\n<\/p>\n<p>&#8216;Cipial resulta un momento muy esperado para los investigadores en el \u00e1rea, porque es una oportunidad para el intercambio de resultados de investigaci\u00f3n, experiencias y tambi\u00e9n la construcci\u00f3n de alianzas para la defensa de los pueblos ind\u00edgenas en Am\u00e9rica Latina&#8217;, dijo la coordinadora del evento, M\u00f4nica Nogueira.<\/p>\n<\/p>\n<p>tgj\/ocs<\/p>\n<h6> 2019-07-05 12:11:18 <\/h6>\n<p><!--\n<link rel=\"stylesheet\" href=\"css\/bootstrap.min.css\">\n\n\n<ul class=\"pagination\">\n\t    \n\t\n\n<li >\n\t<a href='?page_no=1285'>Previous<\/a>\n\t<\/li>\n\n\n       \n    \n\n<li><a href='?page_no=1'>1<\/a><\/li>\n\n\n\n<li><a href='?page_no=2'>2<\/a><\/li>\n\n\n\n<li><a>...<\/a><\/li>\n\n\n\n<li><a href='?page_no=1284'>1284<\/a><\/li>\n\n\n\n<li><a href='?page_no=1285'>1285<\/a><\/li>\n\n\n\n<li class='active'><a>1286<\/a><\/li>\n\n\n\n<li><a href='?page_no=1287'>1287<\/a><\/li>\n\n\n\n<li><a href='?page_no=1288'>1288<\/a><\/li>\n\n\n\n<li><a>...<\/a><\/li>\n\n\n\n<li><a href='?page_no=1549'>1549<\/a><\/li>\n\n\n\n<li><a href='?page_no=1550'>1550<\/a><\/li>\n\n    \n\t\n\n<li >\n\t<a href='?page_no=1287'>Next<\/a>\n\t<\/li>\n\n\n    \n\n<li><a href='?page_no=1550'>Last &rsaquo;&rsaquo;<\/a><\/li>\n\n<\/ul>\n\n\n--><br \/>\n<\/body><\/p>\n","protected":false},"excerpt":{"rendered":"<p>Brasilia, 5 jul (Prensa Latina) Con el desaf\u00edo de construir alianzas para resistir y reclamar derechos de las comunidades originarias y tradicionales cierra hoy aqu\u00ed sus cortinas el tercer Congreso Internacional de los Pueblos Ind\u00edgenas de Am\u00e9rica Latina (Cipial). Seg\u00fan los organizadores, el foro se propuso contribuir, desde una perspectiva comparativa, a una mejor comprensi\u00f3n [&hellip;]<\/p>\n","protected":false},"author":3,"featured_media":0,"comment_status":"open","ping_status":"open","sticky":false,"template":"","format":"standard","meta":{"footnotes":""},"categories":[19],"tags":[],"class_list":["post-32403","post","type-post","status-publish","format-standard","hentry","category-mi-voz"],"_links":{"self":[{"href":"https:\/\/diariodominicano.com\/index.php?rest_route=\/wp\/v2\/posts\/32403","targetHints":{"allow":["GET"]}}],"collection":[{"href":"https:\/\/diariodominicano.com\/index.php?rest_route=\/wp\/v2\/posts"}],"about":[{"href":"https:\/\/diariodominicano.com\/index.php?rest_route=\/wp\/v2\/types\/post"}],"author":[{"embeddable":true,"href":"https:\/\/diariodominicano.com\/index.php?rest_route=\/wp\/v2\/users\/3"}],"replies":[{"embeddable":true,"href":"https:\/\/diariodominicano.com\/index.php?rest_route=%2Fwp%2Fv2%2Fcomments&post=32403"}],"version-history":[{"count":0,"href":"https:\/\/diariodominicano.com\/index.php?rest_route=\/wp\/v2\/posts\/32403\/revisions"}],"wp:attachment":[{"href":"https:\/\/diariodominicano.com\/index.php?rest_route=%2Fwp%2Fv2%2Fmedia&parent=32403"}],"wp:term":[{"taxonomy":"category","embeddable":true,"href":"https:\/\/diariodominicano.com\/index.php?rest_route=%2Fwp%2Fv2%2Fcategories&post=32403"},{"taxonomy":"post_tag","embeddable":true,"href":"https:\/\/diariodominicano.com\/index.php?rest_route=%2Fwp%2Fv2%2Ftags&post=32403"}],"curies":[{"name":"wp","href":"https:\/\/api.w.org\/{rel}","templated":true}]}}