{"id":32400,"date":"2019-07-06T19:29:27","date_gmt":"2019-07-06T19:29:27","guid":{"rendered":"http:\/\/diariodominicano.ddns.net\/?p=32400"},"modified":"2019-07-06T19:29:27","modified_gmt":"2019-07-06T19:29:27","slug":"este-es-el-futuro-que-nos-espera","status":"publish","type":"post","link":"https:\/\/diariodominicano.com\/?p=32400","title":{"rendered":"&#13;ESTE ES EL FUTURO QUE NOS ESPERA:"},"content":{"rendered":"<p><body><\/p>\n<p><img decoding=\"async\" src=\"img3\/victor.jpg\" \/>  <\/p>\n<p>COMPARTIENDO DI\u00c1LOGOS CONMIGO MISMO<\/p>\n<\/p>\n<p>ESTE ES EL FUTURO QUE NOS ESPERA: <\/p>\n<p>LA M\u00cdSTICA ESPIRITUALIZACI\u00d3N <\/p>\n<\/p>\n<\/p>\n<p>Lo importante no es vivir es revivirse cada d\u00eda, <\/p>\n<p>cada d\u00eda es como un despertar y un volver a ser,<\/p>\n<p>a ser un ser sin miedo a donarse y a quererse,  <\/p>\n<p>pues aquel que se quiere se transforma y fortalece.<\/p>\n<p>\u00a1De los lienzos del amor, resucita la savia del amar! <\/p>\n<\/p>\n<p>No tengamos miedo a reaparecer en el verso, <\/p>\n<p>somos el aliento de Dios, la voz de su pulso, <\/p>\n<p>la eternidad de su palabra en nuestra existencia, <\/p>\n<p>tras esta vida donada que hemos de merecerla.<\/p>\n<p>\u00a1 No hay mayor gratitud que la gratuidad de darse!<\/p>\n<\/p>\n<p>Dej\u00e9monos de etiquetas mundanas, vaci\u00e9monos,<\/p>\n<p>seamos como el aire que todo lo desempolva,<\/p>\n<p>volv\u00e1monos cercanos que la voluntad es cercan\u00eda, <\/p>\n<p>abr\u00e1monos por dentro a quien camina con nosotros.<\/p>\n<p>\u00a1Los brazos de Jes\u00fas siempre ah\u00ed, abraz\u00e1ndonos!<\/p>\n<\/p>\n<p>Perseveremos en reencontrarnos siempre unidos,<\/p>\n<p>resistamos, propiciemos unidad para ir juntos,<\/p>\n<p>el camino de la poes\u00eda requiere labios arm\u00f3nicos,<\/p>\n<p>que nuestra huella imprima paz en el coraz\u00f3n.<\/p>\n<p>\u00a1Un esp\u00edritu en concordia, es un \u00f3rgano con ilusi\u00f3n!<\/p>\n<\/p>\n<p>No perdamos, pues, la esperanza de purificarnos,<\/p>\n<p>la hermosa misi\u00f3n de auxiliarnos nos humaniza,<\/p>\n<p>aguardemos y consol\u00e9monos con este adagio, <\/p>\n<p>que as\u00ed es el camino de vuelta, el regreso al Padre. <\/p>\n<p>\u00a1All\u00e1 viviremos por siempre, salvaguardaremos la luz!<\/p>\n<\/p>\n<p>Porque los hijos del verbo se tornan imagen viva,<\/p>\n<p>se transfiguran como figura de Dios en destello, <\/p>\n<p>hasta convertirse en un mar radiante de quietud, <\/p>\n<p>desfigurados resurgen de la nada para ser todo.<\/p>\n<p>\u00a1Alentado el cuerpo, tambi\u00e9n se alimentar\u00e1 el alma! <\/p>\n<\/p>\n<\/p>\n<p>V\u00edctor Corcoba Herrero<\/p>\n<p>corcoba@telefonica.net<\/p>\n<p>6 de julio de 2019 <\/p>\n<\/p>\n<h6> 2019-07-06 19:29:27 <\/h6>\n<p><!--\n<link rel=\"stylesheet\" href=\"css\/bootstrap.min.css\">\n\n\n<ul class=\"pagination\">\n\t    \n\t\n\n<li >\n\t<a href='?page_no=1282'>Previous<\/a>\n\t<\/li>\n\n\n       \n    \n\n<li><a href='?page_no=1'>1<\/a><\/li>\n\n\n\n<li><a href='?page_no=2'>2<\/a><\/li>\n\n\n\n<li><a>...<\/a><\/li>\n\n\n\n<li><a href='?page_no=1281'>1281<\/a><\/li>\n\n\n\n<li><a href='?page_no=1282'>1282<\/a><\/li>\n\n\n\n<li class='active'><a>1283<\/a><\/li>\n\n\n\n<li><a href='?page_no=1284'>1284<\/a><\/li>\n\n\n\n<li><a href='?page_no=1285'>1285<\/a><\/li>\n\n\n\n<li><a>...<\/a><\/li>\n\n\n\n<li><a href='?page_no=1549'>1549<\/a><\/li>\n\n\n\n<li><a href='?page_no=1550'>1550<\/a><\/li>\n\n    \n\t\n\n<li >\n\t<a href='?page_no=1284'>Next<\/a>\n\t<\/li>\n\n\n    \n\n<li><a href='?page_no=1550'>Last &rsaquo;&rsaquo;<\/a><\/li>\n\n<\/ul>\n\n\n--><br \/>\n<\/body><\/p>\n","protected":false},"excerpt":{"rendered":"<p>COMPARTIENDO DI\u00c1LOGOS CONMIGO MISMO ESTE ES EL FUTURO QUE NOS ESPERA: LA M\u00cdSTICA ESPIRITUALIZACI\u00d3N Lo importante no es vivir es revivirse cada d\u00eda, cada d\u00eda es como un despertar y un volver a ser, a ser un ser sin miedo a donarse y a quererse, pues aquel que se quiere se transforma y fortalece. \u00a1De [&hellip;]<\/p>\n","protected":false},"author":3,"featured_media":0,"comment_status":"open","ping_status":"open","sticky":false,"template":"","format":"standard","meta":{"footnotes":""},"categories":[19],"tags":[],"class_list":["post-32400","post","type-post","status-publish","format-standard","hentry","category-mi-voz"],"_links":{"self":[{"href":"https:\/\/diariodominicano.com\/index.php?rest_route=\/wp\/v2\/posts\/32400","targetHints":{"allow":["GET"]}}],"collection":[{"href":"https:\/\/diariodominicano.com\/index.php?rest_route=\/wp\/v2\/posts"}],"about":[{"href":"https:\/\/diariodominicano.com\/index.php?rest_route=\/wp\/v2\/types\/post"}],"author":[{"embeddable":true,"href":"https:\/\/diariodominicano.com\/index.php?rest_route=\/wp\/v2\/users\/3"}],"replies":[{"embeddable":true,"href":"https:\/\/diariodominicano.com\/index.php?rest_route=%2Fwp%2Fv2%2Fcomments&post=32400"}],"version-history":[{"count":0,"href":"https:\/\/diariodominicano.com\/index.php?rest_route=\/wp\/v2\/posts\/32400\/revisions"}],"wp:attachment":[{"href":"https:\/\/diariodominicano.com\/index.php?rest_route=%2Fwp%2Fv2%2Fmedia&parent=32400"}],"wp:term":[{"taxonomy":"category","embeddable":true,"href":"https:\/\/diariodominicano.com\/index.php?rest_route=%2Fwp%2Fv2%2Fcategories&post=32400"},{"taxonomy":"post_tag","embeddable":true,"href":"https:\/\/diariodominicano.com\/index.php?rest_route=%2Fwp%2Fv2%2Ftags&post=32400"}],"curies":[{"name":"wp","href":"https:\/\/api.w.org\/{rel}","templated":true}]}}