{"id":32397,"date":"2019-07-08T11:58:20","date_gmt":"2019-07-08T11:58:20","guid":{"rendered":"http:\/\/diariodominicano.ddns.net\/?p=32397"},"modified":"2019-07-08T11:58:20","modified_gmt":"2019-07-08T11:58:20","slug":"canciller-venezolano-repudia-declaraciones-de-presidente-colombiano","status":"publish","type":"post","link":"https:\/\/diariodominicano.com\/?p=32397","title":{"rendered":"Canciller venezolano repudia declaraciones de presidente colombiano"},"content":{"rendered":"<p><body><\/p>\n<p><img decoding=\"async\" src=\"img3\/canc011.jpg\" \/>  <\/p>\n<p>Caracas, 8 jul (Prensa Latina) El canciller Jorge Arreaza, repudi\u00f3 hoy nuevas declaraciones injerencistas del presidente de Colombia, Iv\u00e1n Duque, quien arremeti\u00f3 contra el jefe de Estado venezolano, Nicol\u00e1s Maduro.<\/p>\n<\/p>\n<p>Mediante la red social Twitter, el ministro de Relaciones Exteriores acus\u00f3 al mandatario neogranadino de ser responsable de asesinatos y desplazamientos forzados por los altos \u00edndices de violencia en la naci\u00f3n fronteriza.<\/p>\n<\/p>\n<p>&#8216;\u00c2\u00edEste se\u00f1or es el m\u00e1s connotado encubridor y responsable de asesinatos como falsos positivos, desplazamientos forzados por violencia, violaciones atroces de Derechos Humanos, asesinatos casi diarios de l\u00edderes sociales y excombatientes&#8217;, precis\u00f3 Arreaza en la plataforma digital. Las palabras del jefe de la diplomacia venezolana responden a una reciente solicitud realizada por Duque a la Corte Penal Internacional, en la cual pide un proceso judicial contra Maduro por supuesta transgresi\u00f3n de los DD.HH., amparado en el informe de la alta comisionada de Naciones Unidas, Michelle Bachelet.<\/p>\n<\/p>\n<p>En relaci\u00f3n al texto, el Ejecutivo bolivariano present\u00f3 70 observaciones tras considerar que lo relatado tiene una visi\u00f3n selectiva y parcializada sobre la verdadera situaci\u00f3n que actualmente vive la naci\u00f3n sudamericana.<\/p>\n<\/p>\n<p>Venezuela denunci\u00f3 en la 41 sesi\u00f3n del Consejo de Derechos Humanos de la ONU, en Ginebra, Suiza, que el documento presentado por la instancia internacional no hace menci\u00f3n al grave impacto que el bloqueo impuesto por Estados Unidos y sus aliados, ejerce sobre el normal desarrollo de la poblaci\u00f3n, adem\u00e1s de ignorar los avances del pa\u00eds en materia social.<\/p>\n<\/p>\n<p>mem\/odf<\/p>\n<h6> 2019-07-08 11:58:20 <\/h6>\n<p><!--\n<link rel=\"stylesheet\" href=\"css\/bootstrap.min.css\">\n\n\n<ul class=\"pagination\">\n\t    \n\t\n\n<li >\n\t<a href='?page_no=1279'>Previous<\/a>\n\t<\/li>\n\n\n       \n    \n\n<li><a href='?page_no=1'>1<\/a><\/li>\n\n\n\n<li><a href='?page_no=2'>2<\/a><\/li>\n\n\n\n<li><a>...<\/a><\/li>\n\n\n\n<li><a href='?page_no=1278'>1278<\/a><\/li>\n\n\n\n<li><a href='?page_no=1279'>1279<\/a><\/li>\n\n\n\n<li class='active'><a>1280<\/a><\/li>\n\n\n\n<li><a href='?page_no=1281'>1281<\/a><\/li>\n\n\n\n<li><a href='?page_no=1282'>1282<\/a><\/li>\n\n\n\n<li><a>...<\/a><\/li>\n\n\n\n<li><a href='?page_no=1549'>1549<\/a><\/li>\n\n\n\n<li><a href='?page_no=1550'>1550<\/a><\/li>\n\n    \n\t\n\n<li >\n\t<a href='?page_no=1281'>Next<\/a>\n\t<\/li>\n\n\n    \n\n<li><a href='?page_no=1550'>Last &rsaquo;&rsaquo;<\/a><\/li>\n\n<\/ul>\n\n\n--><br \/>\n<\/body><\/p>\n","protected":false},"excerpt":{"rendered":"<p>Caracas, 8 jul (Prensa Latina) El canciller Jorge Arreaza, repudi\u00f3 hoy nuevas declaraciones injerencistas del presidente de Colombia, Iv\u00e1n Duque, quien arremeti\u00f3 contra el jefe de Estado venezolano, Nicol\u00e1s Maduro. Mediante la red social Twitter, el ministro de Relaciones Exteriores acus\u00f3 al mandatario neogranadino de ser responsable de asesinatos y desplazamientos forzados por los altos [&hellip;]<\/p>\n","protected":false},"author":3,"featured_media":0,"comment_status":"open","ping_status":"open","sticky":false,"template":"","format":"standard","meta":{"footnotes":""},"categories":[19],"tags":[],"class_list":["post-32397","post","type-post","status-publish","format-standard","hentry","category-mi-voz"],"_links":{"self":[{"href":"https:\/\/diariodominicano.com\/index.php?rest_route=\/wp\/v2\/posts\/32397","targetHints":{"allow":["GET"]}}],"collection":[{"href":"https:\/\/diariodominicano.com\/index.php?rest_route=\/wp\/v2\/posts"}],"about":[{"href":"https:\/\/diariodominicano.com\/index.php?rest_route=\/wp\/v2\/types\/post"}],"author":[{"embeddable":true,"href":"https:\/\/diariodominicano.com\/index.php?rest_route=\/wp\/v2\/users\/3"}],"replies":[{"embeddable":true,"href":"https:\/\/diariodominicano.com\/index.php?rest_route=%2Fwp%2Fv2%2Fcomments&post=32397"}],"version-history":[{"count":0,"href":"https:\/\/diariodominicano.com\/index.php?rest_route=\/wp\/v2\/posts\/32397\/revisions"}],"wp:attachment":[{"href":"https:\/\/diariodominicano.com\/index.php?rest_route=%2Fwp%2Fv2%2Fmedia&parent=32397"}],"wp:term":[{"taxonomy":"category","embeddable":true,"href":"https:\/\/diariodominicano.com\/index.php?rest_route=%2Fwp%2Fv2%2Fcategories&post=32397"},{"taxonomy":"post_tag","embeddable":true,"href":"https:\/\/diariodominicano.com\/index.php?rest_route=%2Fwp%2Fv2%2Ftags&post=32397"}],"curies":[{"name":"wp","href":"https:\/\/api.w.org\/{rel}","templated":true}]}}