{"id":323949,"date":"2022-01-13T23:30:19","date_gmt":"2022-01-14T03:30:19","guid":{"rendered":"http:\/\/diariodominicano.com\/?p=323949"},"modified":"2022-01-14T03:53:34","modified_gmt":"2022-01-14T07:53:34","slug":"nacio-manuel-jimenes-en-baracoa-cuba","status":"publish","type":"post","link":"https:\/\/diariodominicano.com\/?p=323949","title":{"rendered":"Naci\u00f3 Manuel Jimenes en Baracoa, Cuba"},"content":{"rendered":"\n<p><strong>BARACOA, Cuba, el&nbsp; 14 de enero de 1808<\/strong>, naci\u00f3 en Baracoa, Cuba, Manuel Jimenes, hijo de &nbsp;Juan Jimenes y Altagracia Gonz\u00e1lez.<\/p>\n\n\n\n<p>Se destac\u00f3 en Rep\u00fablica Dominicana como pol\u00edtico y militar. Fue uno de los firmantes del Manifiesto del 16 de enero de 1844, en el que los pr\u00f3ceres de la Trinitaria, expresaron el pensamiento independentista de los forjadores de la nacionalidad dominicana.<\/p>\n\n\n\n<p>&nbsp;&nbsp;&nbsp;&nbsp; En el primer Gobierno del Presidente Pedro Santana, el general Jimenes fue uno de sus principales colaboradores. El 8 de septiembre de 1848, fue juramentado Presidente de la Rep\u00fablica y fue derrocado por un movimiento que lider\u00f3 el ex presidente Santana.<\/p>\n\n\n\n<p>&nbsp;&nbsp;&nbsp;&nbsp; El 30 de mayo de 1849, el general Pedro Santana, que encabezaba desde el 17 de Mayo de 1849, una insubordinaci\u00f3n contra el Presidente Manuel Jimenes, entr\u00f3 con sus tropas a la ciudad Santo Domingo, y tom\u00f3 el control de la Presidencia de la Rep\u00fablica.<\/p>\n\n\n\n<p>&nbsp;&nbsp;&nbsp; El Presidente Jimenes, hab\u00eda renunciado el d\u00eda 29 de mayo de 1849.<\/p>\n\n\n\n<p>&nbsp;&nbsp;&nbsp; &nbsp;Santana proclam\u00f3 que tomaba el Gobierno por mandato de los pueblos y el Ej\u00e9rcito. De inmediato desat\u00f3 en el pa\u00eds una persecuci\u00f3n contra sus adversarios. Los que eran detenidos eran desterrados.<\/p>\n\n\n\n<p>&nbsp;&nbsp;&nbsp; Para tratar de impedir los planes del general Santana, el Presidente Jimenes, hab\u00eda declarado el 17 de mayo de 1849, el estado de sitio en Rep\u00fablica Dominicana.<\/p>\n\n\n\n<p>&nbsp;&nbsp;&nbsp; La crisis que dio origen al decreto que declar\u00f3 el estado de sitio, se inici\u00f3 cuando el Presidente Jimenes destituy\u00f3 al general Pedro Santana del mando del Ej\u00e9rcito, y el oficial se declar\u00f3 en rebeld\u00eda al recibir el apoyo del Congreso Nacional.<\/p>\n\n\n\n<p>&nbsp;&nbsp;&nbsp; El&nbsp; Congreso Nacional&nbsp; apoy\u00f3 que el general &nbsp;Santana siguiera su marcha desde el Sur hasta Santo Domingo, para derrocar al Gobierno del Presidente &nbsp;Jimenes.<\/p>\n\n\n\n<p>&nbsp;En efecto, el 17 de Mayo de 1849, la ciudad de Santo Domingo, fue declarada en estado de sitio. Los bandos que representaban el Presidente Jimenes y el General &nbsp;Santana,&nbsp; provocaron &nbsp;una guerra civil que tuvo como consecuencia el incendio del poblado de San Carlos.<\/p>\n\n\n\n<p>&nbsp;&nbsp;&nbsp; Una versi\u00f3n&nbsp; destaca que el descr\u00e9dito pol\u00edtico oblig\u00f3 al Presidente de la Rep\u00fablica a&nbsp; aceptar la mediaci\u00f3n&nbsp; propuesta por los c\u00f3nsules de Francia, Inglaterra y Estados Unidos.&nbsp;<\/p>\n\n\n\n<p>En esa circunstancia,&nbsp; Jimenes &nbsp;asumi\u00f3 el compromiso de dejar la Presidencia de la &nbsp;Rep\u00fablica el&nbsp; 29 de Mayo de &nbsp;1849.<\/p>\n\n\n\n<p>&nbsp;&nbsp;&nbsp; El renunciante Presidente&nbsp; Jimenes&nbsp; tuvo que salir &nbsp;al exilio.<\/p>\n\n\n\n<p>El ex presidente dominicano falleci\u00f3 exiliado en &nbsp;<a href=\"http:\/\/es.wikipedia.org\/wiki\/Hait%C3%AD\">Hait\u00ed<\/a>, &nbsp;el&nbsp;<a href=\"http:\/\/es.wikipedia.org\/wiki\/22_de_diciembre\">22 de diciembre<\/a>&nbsp;de&nbsp;<a href=\"http:\/\/es.wikipedia.org\/wiki\/1854\">1854<\/a>&nbsp;a causa de la enfermedad del&nbsp;<a href=\"http:\/\/es.wikipedia.org\/wiki\/C%C3%B3lera\">c\u00f3lera<\/a>.<\/p>\n","protected":false},"excerpt":{"rendered":"<p>BARACOA, Cuba, el&nbsp; 14 de enero de 1808, naci\u00f3 en Baracoa, Cuba, Manuel Jimenes, hijo de &nbsp;Juan Jimenes y Altagracia Gonz\u00e1lez. Se destac\u00f3 en Rep\u00fablica Dominicana como pol\u00edtico y militar. Fue uno de los firmantes del Manifiesto del 16 de enero de 1844, en el que los pr\u00f3ceres de la Trinitaria, expresaron el pensamiento independentista [&hellip;]<\/p>\n","protected":false},"author":28,"featured_media":323961,"comment_status":"closed","ping_status":"","sticky":true,"template":"","format":"standard","meta":{"footnotes":""},"categories":[26,27],"tags":[],"class_list":["post-323949","post","type-post","status-publish","format-standard","has-post-thumbnail","hentry","category-efemerides","category-portada"],"_links":{"self":[{"href":"https:\/\/diariodominicano.com\/index.php?rest_route=\/wp\/v2\/posts\/323949","targetHints":{"allow":["GET"]}}],"collection":[{"href":"https:\/\/diariodominicano.com\/index.php?rest_route=\/wp\/v2\/posts"}],"about":[{"href":"https:\/\/diariodominicano.com\/index.php?rest_route=\/wp\/v2\/types\/post"}],"author":[{"embeddable":true,"href":"https:\/\/diariodominicano.com\/index.php?rest_route=\/wp\/v2\/users\/28"}],"replies":[{"embeddable":true,"href":"https:\/\/diariodominicano.com\/index.php?rest_route=%2Fwp%2Fv2%2Fcomments&post=323949"}],"version-history":[{"count":2,"href":"https:\/\/diariodominicano.com\/index.php?rest_route=\/wp\/v2\/posts\/323949\/revisions"}],"predecessor-version":[{"id":323969,"href":"https:\/\/diariodominicano.com\/index.php?rest_route=\/wp\/v2\/posts\/323949\/revisions\/323969"}],"wp:featuredmedia":[{"embeddable":true,"href":"https:\/\/diariodominicano.com\/index.php?rest_route=\/wp\/v2\/media\/323961"}],"wp:attachment":[{"href":"https:\/\/diariodominicano.com\/index.php?rest_route=%2Fwp%2Fv2%2Fmedia&parent=323949"}],"wp:term":[{"taxonomy":"category","embeddable":true,"href":"https:\/\/diariodominicano.com\/index.php?rest_route=%2Fwp%2Fv2%2Fcategories&post=323949"},{"taxonomy":"post_tag","embeddable":true,"href":"https:\/\/diariodominicano.com\/index.php?rest_route=%2Fwp%2Fv2%2Ftags&post=323949"}],"curies":[{"name":"wp","href":"https:\/\/api.w.org\/{rel}","templated":true}]}}