{"id":32394,"date":"2019-07-08T12:24:31","date_gmt":"2019-07-08T12:24:31","guid":{"rendered":"http:\/\/diariodominicano.ddns.net\/?p=32394"},"modified":"2019-07-08T12:24:31","modified_gmt":"2019-07-08T12:24:31","slug":"cinco-detenidos-por-protestas-violentas-en-hong-kong","status":"publish","type":"post","link":"https:\/\/diariodominicano.com\/?p=32394","title":{"rendered":"Cinco detenidos por protestas violentas en Hong Kong"},"content":{"rendered":"<p><body><\/p>\n<p><img decoding=\"async\" src=\"img3\/protest11.jpg\" \/>  <\/p>\n<p>Beijing, 8 jul (Prensa Latina) Cinco personas fueron detenidas ayer durante nuevas protestas violentas en Hong Kong, en medio de la agitaci\u00f3n que vive el territorio desde hace varias semanas por la oposici\u00f3n a una ley de extradici\u00f3n, inform\u00f3 hoy la polic\u00eda.<\/p>\n<\/p>\n<p>De acuerdo con la instituci\u00f3n cinco ciudadanos fueron apresados en la noche del domingo tras los enfrentamientos entre manifestantes antigubernamentales y agentes antidisturbios en esa Regi\u00f3n Administrativa Especial en el sur de China.<\/p>\n<\/p>\n<p>Las m\u00e1s recientes protestas estallaron ayer en la noche y ahora los manifestantes adem\u00e1s de la anulaci\u00f3n del proyecto de ley sobre la extradici\u00f3n, exigen la dimisi\u00f3n de la dirigente de Hong Kong, Carrie Lam.<\/p>\n<\/p>\n<p>Seg\u00fan la polic\u00eda, los manifestantes participaban en una &#8216;concentraci\u00f3n ilegal&#8217; y previamente hab\u00edan sido advertidos de la inminencia de una acci\u00f3n de las fuerzas del orden.<\/p>\n<\/p>\n<p>&#8216;Algunos de los participantes en las protestas opusieron resistencia y la polic\u00eda detuvo a cinco personas por haber atacado a un agente y por obstaculizar la labor de las fuerzas del orden en el ejercicio de sus funciones&#8217;, precis\u00f3 el comunicado.<\/p>\n<\/p>\n<p>Hong Kong lleva semanas sumido en una crisis debido a la oposici\u00f3n a los cambios en la ley de extradici\u00f3n.<\/p>\n<\/p>\n<p>Aunque el proyecto de reformas fue suspendido por las autoridades locales, las manifestaciones no se detuvieron y diversas voces dentro y fuera de esa regi\u00f3n del sur de China critican las verdaderas intenciones de esas protestas.<\/p>\n<\/p>\n<p>Precisamente, a principios de la pasada semana, un grupo de protestantes invadieron y destruyeron una de las c\u00e1maras del Consejo Legislativo (Parlamento) de Hong Kong.<\/p>\n<\/p>\n<p>Las im\u00e1genes emitidas muestran a los manifestantes destrozando documentos de la Ley B\u00e1sica, agitando la bandera de la era colonial de Hong Kong y desfigurando el emblema regional.<\/p>\n<\/p>\n<p>La polic\u00eda de Hong Kong confirm\u00f3 el arresto de 18 personas vinculadas con el asalto a la sede del legislativo.<\/p>\n<\/p>\n<p>tgj\/ipf<\/p>\n<h6> 2019-07-08 12:24:31 <\/h6>\n<p><!--\n<link rel=\"stylesheet\" href=\"css\/bootstrap.min.css\">\n\n\n<ul class=\"pagination\">\n\t    \n\t\n\n<li >\n\t<a href='?page_no=1277'>Previous<\/a>\n\t<\/li>\n\n\n       \n    \n\n<li><a href='?page_no=1'>1<\/a><\/li>\n\n\n\n<li><a href='?page_no=2'>2<\/a><\/li>\n\n\n\n<li><a>...<\/a><\/li>\n\n\n\n<li><a href='?page_no=1276'>1276<\/a><\/li>\n\n\n\n<li><a href='?page_no=1277'>1277<\/a><\/li>\n\n\n\n<li class='active'><a>1278<\/a><\/li>\n\n\n\n<li><a href='?page_no=1279'>1279<\/a><\/li>\n\n\n\n<li><a href='?page_no=1280'>1280<\/a><\/li>\n\n\n\n<li><a>...<\/a><\/li>\n\n\n\n<li><a href='?page_no=1549'>1549<\/a><\/li>\n\n\n\n<li><a href='?page_no=1550'>1550<\/a><\/li>\n\n    \n\t\n\n<li >\n\t<a href='?page_no=1279'>Next<\/a>\n\t<\/li>\n\n\n    \n\n<li><a href='?page_no=1550'>Last &rsaquo;&rsaquo;<\/a><\/li>\n\n<\/ul>\n\n\n--><br \/>\n<\/body><\/p>\n","protected":false},"excerpt":{"rendered":"<p>Beijing, 8 jul (Prensa Latina) Cinco personas fueron detenidas ayer durante nuevas protestas violentas en Hong Kong, en medio de la agitaci\u00f3n que vive el territorio desde hace varias semanas por la oposici\u00f3n a una ley de extradici\u00f3n, inform\u00f3 hoy la polic\u00eda. De acuerdo con la instituci\u00f3n cinco ciudadanos fueron apresados en la noche del [&hellip;]<\/p>\n","protected":false},"author":3,"featured_media":0,"comment_status":"open","ping_status":"open","sticky":false,"template":"","format":"standard","meta":{"footnotes":""},"categories":[19],"tags":[],"class_list":["post-32394","post","type-post","status-publish","format-standard","hentry","category-mi-voz"],"_links":{"self":[{"href":"https:\/\/diariodominicano.com\/index.php?rest_route=\/wp\/v2\/posts\/32394","targetHints":{"allow":["GET"]}}],"collection":[{"href":"https:\/\/diariodominicano.com\/index.php?rest_route=\/wp\/v2\/posts"}],"about":[{"href":"https:\/\/diariodominicano.com\/index.php?rest_route=\/wp\/v2\/types\/post"}],"author":[{"embeddable":true,"href":"https:\/\/diariodominicano.com\/index.php?rest_route=\/wp\/v2\/users\/3"}],"replies":[{"embeddable":true,"href":"https:\/\/diariodominicano.com\/index.php?rest_route=%2Fwp%2Fv2%2Fcomments&post=32394"}],"version-history":[{"count":0,"href":"https:\/\/diariodominicano.com\/index.php?rest_route=\/wp\/v2\/posts\/32394\/revisions"}],"wp:attachment":[{"href":"https:\/\/diariodominicano.com\/index.php?rest_route=%2Fwp%2Fv2%2Fmedia&parent=32394"}],"wp:term":[{"taxonomy":"category","embeddable":true,"href":"https:\/\/diariodominicano.com\/index.php?rest_route=%2Fwp%2Fv2%2Fcategories&post=32394"},{"taxonomy":"post_tag","embeddable":true,"href":"https:\/\/diariodominicano.com\/index.php?rest_route=%2Fwp%2Fv2%2Ftags&post=32394"}],"curies":[{"name":"wp","href":"https:\/\/api.w.org\/{rel}","templated":true}]}}