{"id":32393,"date":"2019-07-09T11:30:54","date_gmt":"2019-07-09T11:30:54","guid":{"rendered":"http:\/\/diariodominicano.ddns.net\/?p=32393"},"modified":"2019-07-09T11:30:54","modified_gmt":"2019-07-09T11:30:54","slug":"cubanos-residentes-en-costa-rica-rechazan-incremento-bloqueo-ee-uu","status":"publish","type":"post","link":"https:\/\/diariodominicano.com\/?p=32393","title":{"rendered":"Cubanos residentes en Costa Rica rechazan incremento bloqueo EE.UU."},"content":{"rendered":"<p><body><\/p>\n<p><img decoding=\"async\" src=\"img3\/blo1.jpg\" \/>  <\/p>\n<p>San Jos\u00e9, 9 jul (Prensa Latina) Cubanos residentes en Costa Rica rechazaron hoy la aplicaci\u00f3n del T\u00edtulo III de la Ley Helms-Burton y otras medidas del Gobierno de Estados Unidos para recrudecer el bloqueo econ\u00f3mico, comercial y financiero contra Cuba.<\/p>\n<\/p>\n<p>&#8216;Nuestros principios son inamovibles e invariables. Rechazamos en\u00e9rgicamente las nuevas medidas anunciadas por el Gobierno de (el presidente de Estados Unidos, Donald) Trump contra nuestra patria, nuestro pueblo y en contra de nuestra soberan\u00eda nacional&#8217;, afirm\u00f3 a Prensa Latina Juan Mesa, presidente de la Asociaci\u00f3n Cultural de Cubanos Residentes en Costa Rica (Accrcr) Antonio Maceo.<\/p>\n<\/p>\n<p>Mesa sostuvo que todas estas nuevas acciones de Estados Unidos buscan endurecen a\u00fan m\u00e1s el bloqueo econ\u00f3mico, comercial y financiero impuesto por Washington contra La Habana desde hace casi 60 a\u00f1os, y que las naciones del mundo, por 26 a\u00f1os consecutivos y con votaciones cada vez mayores en la Asamblea General de Naciones Unidas, han llamado a ponerle fin.<\/p>\n<\/p>\n<p>Adem\u00e1s de violar leyes y convenios internacionales, esas medidas &#8216;da\u00f1an a las familias cubanas, a la emigraci\u00f3n y a los ciudadanos estadounidenses, al tiempo que agreden la soberan\u00eda de todos los Estados&#8217;, apunt\u00f3 el presidente de la Accrcr.<\/p>\n<\/p>\n<p>Tras decirle &#8216;al gobierno prepotente e inhumano de los Estados Unidos que le quede claro que los cubanos no nos rendimos, y que &#8216;en Cuba mandan los cubanos\u00bb, Mesa expres\u00f3 que &#8216;la pol\u00edtica exterior de la Revoluci\u00f3n cubana continuar\u00e1 siendo la misma, como la Constituci\u00f3n lo confirma. Nuestros principios son inamovibles, invariables y s\u00f3lidos&#8217;.<\/p>\n<\/p>\n<p>&#8216;Apoyamos total y definitivamente la postura del gobierno cubano ante esta nuevas acciones de la Administraci\u00f3n Trump&#8217;, sostuvo y manifest\u00f3 la total seguridad de que el pueblo y la direcci\u00f3n de Cuba sabr\u00e1n, una vez m\u00e1s, crecerse y vencer estas nuevas medidas del gobierno norteamericano, que constituyen el principal obst\u00e1culo al desarrollo de la isla caribe\u00f1a&#8217;.<\/p>\n<\/p>\n<p>mgt\/ale<\/p>\n<h6> 2019-07-09 11:30:54 <\/h6>\n<p><!--\n<link rel=\"stylesheet\" href=\"css\/bootstrap.min.css\">\n\n\n<ul class=\"pagination\">\n\t    \n\t\n\n<li >\n\t<a href='?page_no=1276'>Previous<\/a>\n\t<\/li>\n\n\n       \n    \n\n<li><a href='?page_no=1'>1<\/a><\/li>\n\n\n\n<li><a href='?page_no=2'>2<\/a><\/li>\n\n\n\n<li><a>...<\/a><\/li>\n\n\n\n<li><a href='?page_no=1275'>1275<\/a><\/li>\n\n\n\n<li><a href='?page_no=1276'>1276<\/a><\/li>\n\n\n\n<li class='active'><a>1277<\/a><\/li>\n\n\n\n<li><a href='?page_no=1278'>1278<\/a><\/li>\n\n\n\n<li><a href='?page_no=1279'>1279<\/a><\/li>\n\n\n\n<li><a>...<\/a><\/li>\n\n\n\n<li><a href='?page_no=1549'>1549<\/a><\/li>\n\n\n\n<li><a href='?page_no=1550'>1550<\/a><\/li>\n\n    \n\t\n\n<li >\n\t<a href='?page_no=1278'>Next<\/a>\n\t<\/li>\n\n\n    \n\n<li><a href='?page_no=1550'>Last &rsaquo;&rsaquo;<\/a><\/li>\n\n<\/ul>\n\n\n--><br \/>\n<\/body><\/p>\n","protected":false},"excerpt":{"rendered":"<p>San Jos\u00e9, 9 jul (Prensa Latina) Cubanos residentes en Costa Rica rechazaron hoy la aplicaci\u00f3n del T\u00edtulo III de la Ley Helms-Burton y otras medidas del Gobierno de Estados Unidos para recrudecer el bloqueo econ\u00f3mico, comercial y financiero contra Cuba. &#8216;Nuestros principios son inamovibles e invariables. Rechazamos en\u00e9rgicamente las nuevas medidas anunciadas por el Gobierno [&hellip;]<\/p>\n","protected":false},"author":3,"featured_media":0,"comment_status":"open","ping_status":"open","sticky":false,"template":"","format":"standard","meta":{"footnotes":""},"categories":[19],"tags":[],"class_list":["post-32393","post","type-post","status-publish","format-standard","hentry","category-mi-voz"],"_links":{"self":[{"href":"https:\/\/diariodominicano.com\/index.php?rest_route=\/wp\/v2\/posts\/32393","targetHints":{"allow":["GET"]}}],"collection":[{"href":"https:\/\/diariodominicano.com\/index.php?rest_route=\/wp\/v2\/posts"}],"about":[{"href":"https:\/\/diariodominicano.com\/index.php?rest_route=\/wp\/v2\/types\/post"}],"author":[{"embeddable":true,"href":"https:\/\/diariodominicano.com\/index.php?rest_route=\/wp\/v2\/users\/3"}],"replies":[{"embeddable":true,"href":"https:\/\/diariodominicano.com\/index.php?rest_route=%2Fwp%2Fv2%2Fcomments&post=32393"}],"version-history":[{"count":0,"href":"https:\/\/diariodominicano.com\/index.php?rest_route=\/wp\/v2\/posts\/32393\/revisions"}],"wp:attachment":[{"href":"https:\/\/diariodominicano.com\/index.php?rest_route=%2Fwp%2Fv2%2Fmedia&parent=32393"}],"wp:term":[{"taxonomy":"category","embeddable":true,"href":"https:\/\/diariodominicano.com\/index.php?rest_route=%2Fwp%2Fv2%2Fcategories&post=32393"},{"taxonomy":"post_tag","embeddable":true,"href":"https:\/\/diariodominicano.com\/index.php?rest_route=%2Fwp%2Fv2%2Ftags&post=32393"}],"curies":[{"name":"wp","href":"https:\/\/api.w.org\/{rel}","templated":true}]}}