{"id":32392,"date":"2019-07-09T11:45:20","date_gmt":"2019-07-09T11:45:20","guid":{"rendered":"http:\/\/diariodominicano.ddns.net\/?p=32392"},"modified":"2019-07-09T11:45:20","modified_gmt":"2019-07-09T11:45:20","slug":"celebra-uruguay-sentencia-a-represores-de-dictadura","status":"publish","type":"post","link":"https:\/\/diariodominicano.com\/?p=32392","title":{"rendered":"Celebra Uruguay sentencia a represores de dictadura"},"content":{"rendered":"<p><body><\/p>\n<p><img decoding=\"async\" src=\"img3\/repres1.jpg\" \/>  <\/p>\n<p>Montevideo, 9 jul (Prensa Latina) El gobierno de Uruguay celebra hoy como d\u00eda feliz para la democracia y la justicia, la condena a prisi\u00f3n perpetua en segunda instancia por un tribunal italiano a 13 represores de la pasada dictadura aqu\u00ed.<\/p>\n<\/p>\n<p>A trav\u00e9s de un comunicado lo considera un resultado &#8216;\u00f3ptimo de justicia y reconstrucci\u00f3n de la verdad sobre la modalidad con la que las fuerzas represivas de la dictadura golpeaban a las fuerzas democr\u00e1ticas y a los disidente pol\u00edticos&#8217;.<\/p>\n<\/p>\n<p>Tambi\u00e9n lo califica de conjugaci\u00f3n de &#8216;justicia y memoria colectiva&#8217;, y fruto del esfuerzo y trabajo de la Presidencia de la Rep\u00fablica, como parte civil, en la persona del secretario Miguel Angel Toma y el abogado representante del pa\u00eds, Andrea Speranzoni.<\/p>\n<\/p>\n<p>La sentencia de apelaci\u00f3n pronunciada ayer por cr\u00edmenes de lesa humanidad de las cuales fueran v\u00edctimas durante la dictadura c\u00edvico-militar, entre 1976 y 1978, ciudadanos italianos y uruguayos, invierte totalmente el veredicto de primera instancia en la cual 13 imputados fueron absueltos y uno solo condenado.<\/p>\n<\/p>\n<p>Tal decisi\u00f3n representa adem\u00e1s una respuesta justiciera para los familiares de las v\u00edctimas y para las instituciones y la sociedad uruguaya en su conjunto en la medida en que todos los imputados fueron considerados responsables de los secuestros y de los homicidios de los que fueron acusados, se\u00f1ala el comunicado.<\/p>\n<\/p>\n<p>Entre los condenados est\u00e1 el exjefe del S2 servicio de inteligencia del Cuerpo de Fusileros Navales de Uruguay (FUSNA), Jorge Tr\u00f3ccoli, escapado en 2007 para evitar el proceso en Uruguay, quien ejerci\u00f3 funciones de coordinaci\u00f3n con los aparatos represivos argentinos en 1978 para la planificaci\u00f3n de homicidios.<\/p>\n<\/p>\n<p>La declaraci\u00f3n gubernamental recuerda que en los a\u00f1os 1970 y 1980 oper\u00f3 el Plan C\u00f3ndor, una organizaci\u00f3n criminal transnacional compuesta por los v\u00e9rtices de inteligencia militar.<\/p>\n<\/p>\n<p>Agrega que asesin\u00f3 a miles de ciudadanos, sindicalistas y militantes de diversos partidos pol\u00edticos y de oposici\u00f3n a las dictaduras que se instalaron, a trav\u00e9s de la violencia, en el Cono Sur.<\/p>\n<\/p>\n<p>mem\/hr<\/p>\n<h6> 2019-07-09 11:45:20 <\/h6>\n<p><!--\n<link rel=\"stylesheet\" href=\"css\/bootstrap.min.css\">\n\n\n<ul class=\"pagination\">\n\t    \n\t\n\n<li >\n\t<a href='?page_no=1275'>Previous<\/a>\n\t<\/li>\n\n\n       \n    \n\n<li><a href='?page_no=1'>1<\/a><\/li>\n\n\n\n<li><a href='?page_no=2'>2<\/a><\/li>\n\n\n\n<li><a>...<\/a><\/li>\n\n\n\n<li><a href='?page_no=1274'>1274<\/a><\/li>\n\n\n\n<li><a href='?page_no=1275'>1275<\/a><\/li>\n\n\n\n<li class='active'><a>1276<\/a><\/li>\n\n\n\n<li><a href='?page_no=1277'>1277<\/a><\/li>\n\n\n\n<li><a href='?page_no=1278'>1278<\/a><\/li>\n\n\n\n<li><a>...<\/a><\/li>\n\n\n\n<li><a href='?page_no=1549'>1549<\/a><\/li>\n\n\n\n<li><a href='?page_no=1550'>1550<\/a><\/li>\n\n    \n\t\n\n<li >\n\t<a href='?page_no=1277'>Next<\/a>\n\t<\/li>\n\n\n    \n\n<li><a href='?page_no=1550'>Last &rsaquo;&rsaquo;<\/a><\/li>\n\n<\/ul>\n\n\n--><br \/>\n<\/body><\/p>\n","protected":false},"excerpt":{"rendered":"<p>Montevideo, 9 jul (Prensa Latina) El gobierno de Uruguay celebra hoy como d\u00eda feliz para la democracia y la justicia, la condena a prisi\u00f3n perpetua en segunda instancia por un tribunal italiano a 13 represores de la pasada dictadura aqu\u00ed. A trav\u00e9s de un comunicado lo considera un resultado &#8216;\u00f3ptimo de justicia y reconstrucci\u00f3n de [&hellip;]<\/p>\n","protected":false},"author":3,"featured_media":0,"comment_status":"open","ping_status":"open","sticky":false,"template":"","format":"standard","meta":{"footnotes":""},"categories":[19],"tags":[],"class_list":["post-32392","post","type-post","status-publish","format-standard","hentry","category-mi-voz"],"_links":{"self":[{"href":"https:\/\/diariodominicano.com\/index.php?rest_route=\/wp\/v2\/posts\/32392","targetHints":{"allow":["GET"]}}],"collection":[{"href":"https:\/\/diariodominicano.com\/index.php?rest_route=\/wp\/v2\/posts"}],"about":[{"href":"https:\/\/diariodominicano.com\/index.php?rest_route=\/wp\/v2\/types\/post"}],"author":[{"embeddable":true,"href":"https:\/\/diariodominicano.com\/index.php?rest_route=\/wp\/v2\/users\/3"}],"replies":[{"embeddable":true,"href":"https:\/\/diariodominicano.com\/index.php?rest_route=%2Fwp%2Fv2%2Fcomments&post=32392"}],"version-history":[{"count":0,"href":"https:\/\/diariodominicano.com\/index.php?rest_route=\/wp\/v2\/posts\/32392\/revisions"}],"wp:attachment":[{"href":"https:\/\/diariodominicano.com\/index.php?rest_route=%2Fwp%2Fv2%2Fmedia&parent=32392"}],"wp:term":[{"taxonomy":"category","embeddable":true,"href":"https:\/\/diariodominicano.com\/index.php?rest_route=%2Fwp%2Fv2%2Fcategories&post=32392"},{"taxonomy":"post_tag","embeddable":true,"href":"https:\/\/diariodominicano.com\/index.php?rest_route=%2Fwp%2Fv2%2Ftags&post=32392"}],"curies":[{"name":"wp","href":"https:\/\/api.w.org\/{rel}","templated":true}]}}