{"id":32391,"date":"2019-07-09T12:06:44","date_gmt":"2019-07-09T12:06:44","guid":{"rendered":"http:\/\/diariodominicano.ddns.net\/?p=32391"},"modified":"2019-07-09T12:06:44","modified_gmt":"2019-07-09T12:06:44","slug":"china-intensificara-combate-y-prevencion-del-maltrato-infantil","status":"publish","type":"post","link":"https:\/\/diariodominicano.com\/?p=32391","title":{"rendered":"China intensificar\u00e1 combate y prevenci\u00f3n del maltrato infantil"},"content":{"rendered":"<p><body><\/p>\n<p><img decoding=\"async\" src=\"img3\/malt1.jpg\" \/>  <\/p>\n<p>Beijing, 9 jul (Prensa Latina) La Comisi\u00f3n nacional de Salud de China inform\u00f3 hoy medidas m\u00e1s estrictas para prevenir y combatir el maltrato infantil, un flagelo que el Gobierno mantiene bajo tolerancia cero.<\/p>\n<\/p>\n<p>Seg\u00fan explic\u00f3 esa entidad, las instituciones e individuos vinculados a ese problema se incluir\u00e1n en una lista negra y nunca m\u00e1s podr\u00e1n ofrecer servicios de cuidado de ni\u00f1os.<\/p>\n<\/p>\n<p>Los centros deben activar las 24 horas del d\u00eda sus sistemas de alarma y vigilancia, con cobertura completa de las \u00e1reas donde hay menores.<\/p>\n<\/p>\n<p>Cada grabaci\u00f3n se guardar\u00e1 por 90 d\u00edas y est\u00e1 prohibido alterar o borrar alg\u00fan fragmento.<\/p>\n<\/p>\n<p>La Comisi\u00f3n requerir\u00e1 chequeos diarios de salud de los infantes y si se detecta alg\u00fan indicio de violencia, se debe reportar a la polic\u00eda.<\/p>\n<\/p>\n<p>Otra medida es que las instituciones que acojan a hijos de trabajadores migrantes deber\u00e1n construir salas apartadas para la alimentaci\u00f3n, descanso, ba\u00f1o y actividades recreativas.<\/p>\n<\/p>\n<p>Todas esas iniciativas se someter\u00e1n a la consulta p\u00fablica desde el pr\u00f3ximo 8 de agosto.<\/p>\n<\/p>\n<p>tgjymr<\/p>\n<h6> 2019-07-09 12:06:44 <\/h6>\n<p><!--\n<link rel=\"stylesheet\" href=\"css\/bootstrap.min.css\">\n\n\n<ul class=\"pagination\">\n\t    \n\t\n\n<li >\n\t<a href='?page_no=1274'>Previous<\/a>\n\t<\/li>\n\n\n       \n    \n\n<li><a href='?page_no=1'>1<\/a><\/li>\n\n\n\n<li><a href='?page_no=2'>2<\/a><\/li>\n\n\n\n<li><a>...<\/a><\/li>\n\n\n\n<li><a href='?page_no=1273'>1273<\/a><\/li>\n\n\n\n<li><a href='?page_no=1274'>1274<\/a><\/li>\n\n\n\n<li class='active'><a>1275<\/a><\/li>\n\n\n\n<li><a href='?page_no=1276'>1276<\/a><\/li>\n\n\n\n<li><a href='?page_no=1277'>1277<\/a><\/li>\n\n\n\n<li><a>...<\/a><\/li>\n\n\n\n<li><a href='?page_no=1549'>1549<\/a><\/li>\n\n\n\n<li><a href='?page_no=1550'>1550<\/a><\/li>\n\n    \n\t\n\n<li >\n\t<a href='?page_no=1276'>Next<\/a>\n\t<\/li>\n\n\n    \n\n<li><a href='?page_no=1550'>Last &rsaquo;&rsaquo;<\/a><\/li>\n\n<\/ul>\n\n\n--><br \/>\n<\/body><\/p>\n","protected":false},"excerpt":{"rendered":"<p>Beijing, 9 jul (Prensa Latina) La Comisi\u00f3n nacional de Salud de China inform\u00f3 hoy medidas m\u00e1s estrictas para prevenir y combatir el maltrato infantil, un flagelo que el Gobierno mantiene bajo tolerancia cero. Seg\u00fan explic\u00f3 esa entidad, las instituciones e individuos vinculados a ese problema se incluir\u00e1n en una lista negra y nunca m\u00e1s podr\u00e1n [&hellip;]<\/p>\n","protected":false},"author":3,"featured_media":0,"comment_status":"open","ping_status":"open","sticky":false,"template":"","format":"standard","meta":{"footnotes":""},"categories":[19],"tags":[],"class_list":["post-32391","post","type-post","status-publish","format-standard","hentry","category-mi-voz"],"_links":{"self":[{"href":"https:\/\/diariodominicano.com\/index.php?rest_route=\/wp\/v2\/posts\/32391","targetHints":{"allow":["GET"]}}],"collection":[{"href":"https:\/\/diariodominicano.com\/index.php?rest_route=\/wp\/v2\/posts"}],"about":[{"href":"https:\/\/diariodominicano.com\/index.php?rest_route=\/wp\/v2\/types\/post"}],"author":[{"embeddable":true,"href":"https:\/\/diariodominicano.com\/index.php?rest_route=\/wp\/v2\/users\/3"}],"replies":[{"embeddable":true,"href":"https:\/\/diariodominicano.com\/index.php?rest_route=%2Fwp%2Fv2%2Fcomments&post=32391"}],"version-history":[{"count":0,"href":"https:\/\/diariodominicano.com\/index.php?rest_route=\/wp\/v2\/posts\/32391\/revisions"}],"wp:attachment":[{"href":"https:\/\/diariodominicano.com\/index.php?rest_route=%2Fwp%2Fv2%2Fmedia&parent=32391"}],"wp:term":[{"taxonomy":"category","embeddable":true,"href":"https:\/\/diariodominicano.com\/index.php?rest_route=%2Fwp%2Fv2%2Fcategories&post=32391"},{"taxonomy":"post_tag","embeddable":true,"href":"https:\/\/diariodominicano.com\/index.php?rest_route=%2Fwp%2Fv2%2Ftags&post=32391"}],"curies":[{"name":"wp","href":"https:\/\/api.w.org\/{rel}","templated":true}]}}