{"id":32388,"date":"2019-07-15T22:10:56","date_gmt":"2019-07-15T22:10:56","guid":{"rendered":"http:\/\/diariodominicano.ddns.net\/?p=32388"},"modified":"2019-07-15T22:10:56","modified_gmt":"2019-07-15T22:10:56","slug":"fallece-el-historiado-hugo-tolentino-dipp","status":"publish","type":"post","link":"https:\/\/diariodominicano.com\/?p=32388","title":{"rendered":"Fallece el historiado Hugo Tolentino Dipp"},"content":{"rendered":"<p><body><\/p>\n<p><img decoding=\"async\" src=\"img3\/Hugo-Tolentino-Dipp.jpg\" \/>  <\/p>\n<p><strong><span class=\"text1noticias\"> <\/span><\/strong><\/p>\n<p><strong><span class=\"text1noticias\">Hugo Tolentino Dipp<\/span><\/strong><\/p>\n<p><strong><span class=\"text1noticias\">Santo Domingo, RD, 15 de julio de 2019.<\/span><\/strong><span class=\"text1noticias\">&#8211; Falleci\u00f3 este lunes el historiador y ex rector de la Universidad Aut\u00f3noma de Santo Domingo, Hugo Tolentino Dipp. Hab\u00eda cumplido 88 a\u00f1os. <\/span><\/p>\n<\/p>\n<p><span class=\"text1noticias\">Se destac\u00f3  como historiador, pol\u00edtico, abogado y educador.<\/span><\/p>\n<\/p>\n<p><span class=\"text1noticias\">El aspirante presidencial del PRM, Luis Abinader, resalt\u00f3 las cualidades c\u00edvicas y patri\u00f3ticas del doctor Tolentino Dipp, Dijo el pa\u00eds lo debe despedir  con honores e imitar su vida ejemplar.<\/span><\/p>\n<p><span class=\"text1noticias\"> <\/span><\/p>\n<p><span class=\"text1noticias\">En un tuit colgado en su p\u00e1gina @luisabinader,  de Twitter, Abinader escribi\u00f3: \u00abGran vac\u00edo nos deja el fallecimiento de don Hugo Tolentino Dipp, funcionario p\u00fablico intachable. Promotor y fundador del PRM y digno ejemplo de honestidad y \u00e9tica. Sus amigos lo lloramos hoy, el pa\u00eds debe despedirlo con honores y todos imitar su vida ejemplar. Paz a tu alma!\u00bb.<\/span><\/p>\n<\/p>\n<p><span class=\"text1noticias\">Paliza dice es partida dolorosa.<\/span><\/p>\n<p><span class=\"text1noticias\">\u00abSiento informar la dolorosa partida de D. Hugo Tolentino Dipp; ejemplo de hombre p\u00fablico, fundador del @PRM_Oficial. Paz a su alma\u00bb, escribi\u00f3 el senador del Partido Revolucionario Moderno por Puerto Plata, Paliza al dar la informaci\u00f3n a trav\u00e9s de su cuenta de Twitter.<\/span><\/p>\n<\/p>\n<p><span class=\"text1noticias\">Hugo Tolentino Dipp presidi\u00f3 la C\u00e1mara de Diputados desde el 16 de agosto de 1982 hasta el 16 de agosto de 1990. Y entre otras funciones p\u00fablicas que desempe\u00f1\u00f3 est\u00e1n secretario de Relaciones Exteriores.<\/span><\/p>\n<\/p>\n<p><span class=\"text1noticias\">Las honras f\u00fanebres al doctor  Hugo Tolentino Dipp ser\u00e1n este mi\u00e9rcoles en la funeraria Blandino de la avenida Abraham Lincoln. Sus restos ser\u00e1n cremados y colocados en el pante\u00f3n familiar en el cementerio Cristo Redentor.<\/span><\/p>\n<\/p>\n<p><span class=\"text1noticias\">Naci\u00f3 el 28 de agosto de 1930, hijo del intelectual y pol\u00edtico Vicente Tolentino Rojas, y Catar Dipp, inmigrante libanesa; su padre fue ministro del  presidente Horacio V\u00e1squez. M\u00e1s tarde desempe\u00f1\u00f3 funciones p\u00fablicas en regimen de Trujillo.<\/span><\/p>\n<p><span class=\"text1noticias\"> <\/span><\/p>\n<p><span class=\"text1noticias\">Graduado de bachiller en la Escuela Normal Superior Eugenio Mar\u00eda de Hostos en 1948, m\u00e1s tarde fue investido  en 1953 de Doctor en Derecho en la Universidad de Santo Domingo; adem\u00e1s de especializarse con t\u00edtulos de Doctor en Derecho de la Universidad Central de Madrid en 1954 y Derecho P\u00fablico en la Universidad de Par\u00eds en 1959 durante su exilio en Europa.<\/span><\/p>\n<p><span class=\"text1noticias\"> <\/span><\/p>\n<p><span class=\"text1noticias\">Desde el a\u00f1o 1960 inicia como profesor ayudante de Historia de las Antillas durante el siglo XIX para la Universidad de Londres, a su regreso en 1963 a la Rep\u00fablica Dominicana fue nombrado profesor en la Universidad de Santo Domingo tras obtener mediante concurso la c\u00e1tedra de derecho internacional.<\/span><\/p>\n<p><span class=\"text1noticias\"> <\/span><\/p>\n<p><span class=\"text1noticias\">Desde ese momento fue un pilar importante en la reforma acad\u00e9mica y administrativa de la instituci\u00f3n, en 1966 fue miembro de la Comisi\u00f3n de Reforma Universitaria, en 1968 es electo Vicerrector Acad\u00e9mico, desde 1970 hasta 1974 fue profesor de Sociolog\u00eda e Historia Social Dominicana y desde 1974 hasta 1976 fue rector de la UASD.<\/span><\/p>\n<p><span class=\"text1noticias\"> <\/span><\/p>\n<p><span class=\"text1noticias\">Cas\u00f3 con Ligia Evangelista Bonetti Guerra, con quien engendr\u00f3 a su \u00fanig\u00e9nita Beatriz Micaela. Cas\u00f3 en segundas nupcias con Sarah Berm\u00fadez Henr\u00edquez.<\/span><\/p>\n<p><span class=\"text1noticias\"> <\/span><\/p>\n<p><span class=\"text1noticias\"><strong>Presidente de la C\u00e1mara de Diputados<\/strong><\/span><\/p>\n<\/p>\n<p><span class=\"text1noticias\">El doctor  Hugo Tolentino Dipp se destac\u00f3  en la pol\u00edtica dominicana. Se inici\u00f3 como diputado por el Distrito Nacional  en los per\u00edodos de 1982-1986 y 1986-1990, en el primer per\u00edodo fue Presidente de la C\u00e1mara de Diputados. <\/span><\/p>\n<\/p>\n<p><span class=\"text1noticias\">En el gobierno del presidente Hip\u00f3lito Mej\u00eda fue  nombrado secretario de Estado de Relaciones Exteriores de la Rep\u00fablica Dominicana en el periodo 2000-2004.<\/span><\/p>\n<p><span class=\"text1noticias\"> <\/span><\/p>\n<p><span class=\"text1noticias\">Dentro del Partido Revolucionario Dominicano ocup\u00f3 importantes posiciones desde 1980 cuando fue designado miembro del Comit\u00e9 Ejecutivo del Partido Revolucionario Dominicano, en 1985 miembro del Comit\u00e9 Pol\u00edtico, en 1989 Vicepresidente, y en 1997 Presidente en Funciones del PRD.<\/span><\/p>\n<p><span class=\"text1noticias\"> <\/span><\/p>\n<p><span class=\"text1noticias\">Fue Diputado Nacional  de la Rep\u00fablica Dominicana. Fue Vicepresidente del Partido Revolucionario Dominicano (PRD), y en agosto de 2014 abandon\u00f3 la organizaci\u00f3n pol\u00edtica para ingresar junto a m\u00e1s de 30 diputados  al Partido Revolucionario Moderno (PRM).<\/span><\/p>\n<\/p>\n<p><strong><span class=\"text1noticias\">El historiador <\/span><\/strong><\/p>\n<p><span class=\"text1noticias\"> <\/span><\/p>\n<p><span class=\"text1noticias\">La  carrera de Hugo Tolentino Dipp como escritor e historiador de la realidad social dominicana est\u00e1 compuesta por una docena de t\u00edtulos en la materia, adem\u00e1s de numerosas conferencias en instituciones educativas de la Rep\u00fablica Dominicana y el extranjero, Los Estados Unidos Am\u00e9rica, M\u00e9xico, Per\u00fa, Espa\u00f1a, Portugal, Argentina, Italia, Guyana, Francia, Alemania y algunos pa\u00edses africanos.<\/span><\/p>\n<p><span class=\"text1noticias\"> <\/span><\/p>\n<p><span class=\"text1noticias\">En 1963 la Academia Dominicana de la Historia lo premi\u00f3 por su obra Perfil Nacionalista de Gregorio Luperon y posteriormente en 1976 obtuvo el Premio Nacional de Historia de la Rep\u00fablica Dominicana. <\/span><\/p>\n<\/p>\n<p><span class=\"text1noticias\">Escribi\u00f3  numerosos ensayos y libros que se unen a su amplia carrera literaria, entre sus obras m\u00e1s destacadas  se incluyen  Perfil Nacionalista de Gregorio Luper\u00f3n, Or\u00edgenes del Prejuicio Racial contra el Indio de Am\u00e9rica, Mitos del Quinto Centenario y Casas de las Am\u00e9ricas.<\/span><\/p>\n<p><span class=\"text1noticias\">Naci\u00f3 el 28 de agosto de 1930, d\u00eda en el cual Rafael Le\u00f3nidas Trujillo se juramentaba como Presidente de la Rep\u00fablica; es hijo del intelectual y pol\u00edtico Vicente Tolentino Rojas, perteneciente a una familia mulata de clase alta de Santiago de los Caballeros, y de Catar Dipp, inmigrante libanesa; su padre fue ministro del derrocado presidente Horacio V\u00e1squez y ten\u00eda establecida su residencia en el Palacio Presidencial,<\/span><\/p>\n<p><span class=\"text1noticias\"> <\/span><\/p>\n<p><span class=\"text1noticias\">Graduado de bachiller en la Escuela Normal Superior Eugenio Mar\u00eda de Hostos en 1948, m\u00e1s tarde se grad\u00faa de Doctor en Derecho en la Universidad de Santo Domingo en el a\u00f1o 1953; adem\u00e1s de especializarse con t\u00edtulos de Doctor en Derecho de la Universidad Central de Madrid en 1954 y Derecho P\u00fablico en la Universidad de Par\u00eds en 1959 durante su exilio en Europa.<\/span><\/p>\n<p><span class=\"text1noticias\"> <\/span><\/p>\n<p><span class=\"text1noticias\">Desde el a\u00f1o 1960 inicia como profesor ayudante de Historia de las Antillas durante el siglo XIX para la Universidad de Londres, a su regreso en 1963 a la Rep\u00fablica Dominicana es nombrado profesor en la Universidad de Santo Domingo tras obtener mediante concurso la c\u00e1tedra de derecho internacional.<\/span><\/p>\n<p><span class=\"text1noticias\"> <\/span><\/p>\n<p><span class=\"text1noticias\">Desde ese momento fue un pilar importante en la reforma acad\u00e9mica y administrativa de dicha instituci\u00f3n, en 1966 fue miembro de la Comisi\u00f3n de Reforma Universitaria, en 1968 es electo Vicerrector Acad\u00e9mico, desde 1970 hasta 1974 fue profesor de Sociolog\u00eda e Historia Social Dominicana y desde 1974 hasta 1976 fue rector de la misma.<\/span><\/p>\n<p><span class=\"text1noticias\"> <\/span><\/p>\n<p><span class=\"text1noticias\">Cas\u00f3 con Ligia Evangelista Bonetti Guerra, con quien engendr\u00f3 a su \u00fanig\u00e9nita Beatriz Micaela, y luego se divorciaron. Cas\u00f3 en segundas nupcias con Sarah Berm\u00fadez Henr\u00edquez.<\/span><\/p>\n<p><span class=\"text1noticias\"> <\/span><\/p>\n<p><span class=\"text1noticias\">Vida Pol\u00edtica<\/span><\/p>\n<p><span class=\"text1noticias\"> <\/span><\/p>\n<p><span class=\"text1noticias\">En el orden pol\u00edtico el Dr. Hugo Tolentino Dipp fue una figura importante en la pol\u00edtica dominicana, se inici\u00f3 como diputado por el Distrito Nacional al Congreso Nacional de la Rep\u00fablica Dominicana en los per\u00edodos de 1982-1986 y 1986-1990, en el primer per\u00edodo fue Presidente de la C\u00e1mara de Diputados. Es nombrado secretario de Estado de Relaciones Exteriores de la Rep\u00fablica Dominicana en el periodo 2000-2004 del gobierno del Ing. Hip\u00f3lito Mej\u00eda.<\/span><\/p>\n<p><span class=\"text1noticias\"> <\/span><\/p>\n<p><span class=\"text1noticias\">Dentro del Partido Revolucionario Dominicano ocupo importantes posiciones desde 1980 cuando fue designado miembro del Comit\u00e9 Ejecutivo del Partido Revolucionario Dominicano, en 1985 miembro del Comit\u00e9 Pol\u00edtico, en 1989 Vicepresidente, y en 1997 Presidente en Funciones de dicha organizaci\u00f3n pol\u00edtica.<\/span><\/p>\n<p><span class=\"text1noticias\"> <\/span><\/p>\n<p><span class=\"text1noticias\">Fue Diputado Nacional en el Congreso Nacional de la Rep\u00fablica Dominicana. Fue Vice-presidente del Partido Revolucionario Dominicano (PRD), y en agosto de 2014 abandon\u00f3 dicha organizaci\u00f3n pol\u00edtica para ingresar junto a m\u00e1s de 30 diputados que decidieron defender la democracia dominicana al Partido Revolucionario Moderno (PRM).<\/span><\/p>\n<p><span class=\"text1noticias\">Vida Literaria<\/span><\/p>\n<p><span class=\"text1noticias\"> <\/span><\/p>\n<p><span class=\"text1noticias\">Su carrera como escritor e historiador de la realidad social dominicana est\u00e1 compuesta por una docena de t\u00edtulos en la materia, adem\u00e1s de numerosas conferencias en instituciones educativas de la Rep\u00fablica Dominicana y el extranjero, en naciones como los Estados Unidos, M\u00e9xico, Per\u00fa, Espa\u00f1a, Portugal, Argentina, Italia, Guyana, Francia, Alemania y algunos pa\u00edses africanos.<\/span><\/p>\n<p><span class=\"text1noticias\"> <\/span><\/p>\n<p><span class=\"text1noticias\">En 1963 la Academia Dominicana de la Historia lo premi\u00f3 por su obra Perfil Nacionalista de Gregorio Luperon y posteriormente en 1976 obtiene el Premio Nacional de Historia de la Rep\u00fablica Dominicana. Desde entonces a escrito numerosos ensayos y libros que se unen a su amplia carrera literaria, entre sus obras m\u00e1s meritorias est\u00e1n: Perfil Nacionalista de Gregorio Luper\u00f3n, Or\u00edgenes del Prejuicio Racial contra el Indio de Am\u00e9rica, Mitos del Quinto Centenario y Casas de las Am\u00e9ricas.<\/span><\/p>\n<p><span class=\"text1noticias\"> <\/span><\/p>\n<p><span class=\"text1noticias\"> <\/span><\/p>\n<p><span class=\"text1noticias\"> <\/span><\/p>\n<h6> 2019-07-15 22:10:56 <\/h6>\n<p><!--\n<link rel=\"stylesheet\" href=\"css\/bootstrap.min.css\">\n\n\n<ul class=\"pagination\">\n\t    \n\t\n\n<li >\n\t<a href='?page_no=1271'>Previous<\/a>\n\t<\/li>\n\n\n       \n    \n\n<li><a href='?page_no=1'>1<\/a><\/li>\n\n\n\n<li><a href='?page_no=2'>2<\/a><\/li>\n\n\n\n<li><a>...<\/a><\/li>\n\n\n\n<li><a href='?page_no=1270'>1270<\/a><\/li>\n\n\n\n<li><a href='?page_no=1271'>1271<\/a><\/li>\n\n\n\n<li class='active'><a>1272<\/a><\/li>\n\n\n\n<li><a href='?page_no=1273'>1273<\/a><\/li>\n\n\n\n<li><a href='?page_no=1274'>1274<\/a><\/li>\n\n\n\n<li><a>...<\/a><\/li>\n\n\n\n<li><a href='?page_no=1549'>1549<\/a><\/li>\n\n\n\n<li><a href='?page_no=1550'>1550<\/a><\/li>\n\n    \n\t\n\n<li >\n\t<a href='?page_no=1273'>Next<\/a>\n\t<\/li>\n\n\n    \n\n<li><a href='?page_no=1550'>Last &rsaquo;&rsaquo;<\/a><\/li>\n\n<\/ul>\n\n\n--><br \/>\n<\/body><\/p>\n","protected":false},"excerpt":{"rendered":"<p>Hugo Tolentino Dipp Santo Domingo, RD, 15 de julio de 2019.&#8211; Falleci\u00f3 este lunes el historiador y ex rector de la Universidad Aut\u00f3noma de Santo Domingo, Hugo Tolentino Dipp. Hab\u00eda cumplido 88 a\u00f1os. Se destac\u00f3 como historiador, pol\u00edtico, abogado y educador. El aspirante presidencial del PRM, Luis Abinader, resalt\u00f3 las cualidades c\u00edvicas y patri\u00f3ticas del [&hellip;]<\/p>\n","protected":false},"author":3,"featured_media":0,"comment_status":"open","ping_status":"open","sticky":false,"template":"","format":"standard","meta":{"footnotes":""},"categories":[19],"tags":[],"class_list":["post-32388","post","type-post","status-publish","format-standard","hentry","category-mi-voz"],"_links":{"self":[{"href":"https:\/\/diariodominicano.com\/index.php?rest_route=\/wp\/v2\/posts\/32388","targetHints":{"allow":["GET"]}}],"collection":[{"href":"https:\/\/diariodominicano.com\/index.php?rest_route=\/wp\/v2\/posts"}],"about":[{"href":"https:\/\/diariodominicano.com\/index.php?rest_route=\/wp\/v2\/types\/post"}],"author":[{"embeddable":true,"href":"https:\/\/diariodominicano.com\/index.php?rest_route=\/wp\/v2\/users\/3"}],"replies":[{"embeddable":true,"href":"https:\/\/diariodominicano.com\/index.php?rest_route=%2Fwp%2Fv2%2Fcomments&post=32388"}],"version-history":[{"count":0,"href":"https:\/\/diariodominicano.com\/index.php?rest_route=\/wp\/v2\/posts\/32388\/revisions"}],"wp:attachment":[{"href":"https:\/\/diariodominicano.com\/index.php?rest_route=%2Fwp%2Fv2%2Fmedia&parent=32388"}],"wp:term":[{"taxonomy":"category","embeddable":true,"href":"https:\/\/diariodominicano.com\/index.php?rest_route=%2Fwp%2Fv2%2Fcategories&post=32388"},{"taxonomy":"post_tag","embeddable":true,"href":"https:\/\/diariodominicano.com\/index.php?rest_route=%2Fwp%2Fv2%2Ftags&post=32388"}],"curies":[{"name":"wp","href":"https:\/\/api.w.org\/{rel}","templated":true}]}}