{"id":323855,"date":"2022-01-13T20:12:56","date_gmt":"2022-01-14T00:12:56","guid":{"rendered":"http:\/\/diariodominicano.com\/?p=323855"},"modified":"2022-01-13T20:12:56","modified_gmt":"2022-01-14T00:12:56","slug":"fedofutbol-hara-entrega-este-fin-de-semana-de-material-deportivo-en-el-sur-este-y-la-capital","status":"publish","type":"post","link":"https:\/\/diariodominicano.com\/?p=323855","title":{"rendered":"Fedof\u00fatbol har\u00e1 entrega este fin de semana\u00a0de material deportivo en el Sur, Este y la capital"},"content":{"rendered":"\n<p><\/p>\n\n\n\n<p>SANTO DOMINGO.- La Federaci\u00f3n Dominicana de F\u00fatbol continuar\u00e1 su recorrido por el pa\u00eds el pr\u00f3ximo fin de semana para seguir ejecutando el programa de entrega de materiales deportivos a las asociaciones provinciales y clubes que est\u00e1n debidamente legalizados. La actividad se desarrollar\u00e1 durante viernes 13, s\u00e1bado 14, y domingo 15 de enero por varias provincias del Sur, Este y la capital.<\/p>\n\n\n\n<p>Este programa se viene ejecutando desde el pasado 5 de diciembre por todo el pa\u00eds gracias a la autogesti\u00f3n implementada por el Comit\u00e9 Ejecutivo de la Fedof\u00fatbol con los ingresos obtenidos de los eventos internacionales que han desarrollado en el pa\u00eds, adem\u00e1s de la ayuda de la FIFA y la Federaci\u00f3n Serbia de F\u00fatbol, quienes han contribuido con parte del equipamiento.<\/p>\n\n\n\n<p>En la agenda de Fedof\u00fatbol est\u00e1 pautado iniciar la entrega el viernes desde las 3:00 PM en el municipio Azua con la asociaci\u00f3n de f\u00fatbol y clubes de esa provincia. Posteriormente, se tiene previsto ejecutar la entrega en Ban\u00ed a partir de las 4:30 de la tarde para la asociaci\u00f3n y miembros afiliados de la provincia Peravia, para cerrar a las 6:30 PM en el Estadio Panamericano de San Crist\u00f3bal con la asociaci\u00f3n y clubes de la provincia San Crist\u00f3bal.<\/p>\n\n\n\n<p>El s\u00e1bado el equipo de trabajo de la Fedof\u00fatbol se movilizar\u00e1 al este del pa\u00eds para llevar este beneficio a las provincias San Pedro de Macor\u00eds (9:30 am), La Romana (11:00 am), El Seibo (2:30 pm) y Hato Mayor (3:30 pm).<\/p>\n\n\n\n<p>El domingo a partir de las 10:30 de la ma\u00f1ana se efectuar\u00e1 la donaci\u00f3n de material deportivo a las asociaciones y clubes del Distrito Nacional y la provincia Santo Domingo en el Centro Ol\u00edmpico Juan Pablo Duarte de la capital.<\/p>\n\n\n\n<p>Es de resaltar que, el kit de \u00fatiles deportivos est\u00e1 comprendido por balones de f\u00fatbol y f\u00fatbol sala, camisetas de entrenamiento, petos o chalecos, uniformes para selecciones provinciales, juego de mallas para porter\u00edas, juego de porter\u00edas, baloneras, silbatos, escaleras, conos, platos o minas, banderines de esquinas, guantes para porteros, uniformes para \u00e1rbitros y bandas para capitanes, zapatos, entre otras cosas.<\/p>\n\n\n\n<p>Fedofutbol Prensa<a target=\"_blank\" href=\"mailto:fedofutbolprensa2019@gmail.com\" rel=\"noreferrer noopener\">fedofutbolprensa2019@gmail.com<\/a><\/p>\n","protected":false},"excerpt":{"rendered":"<p>SANTO DOMINGO.- La Federaci\u00f3n Dominicana de F\u00fatbol continuar\u00e1 su recorrido por el pa\u00eds el pr\u00f3ximo fin de semana para seguir ejecutando el programa de entrega de materiales deportivos a las asociaciones provinciales y clubes que est\u00e1n debidamente legalizados. La actividad se desarrollar\u00e1 durante viernes 13, s\u00e1bado 14, y domingo 15 de enero por varias provincias [&hellip;]<\/p>\n","protected":false},"author":28,"featured_media":323856,"comment_status":"closed","ping_status":"","sticky":false,"template":"","format":"standard","meta":{"footnotes":""},"categories":[17],"tags":[],"class_list":["post-323855","post","type-post","status-publish","format-standard","has-post-thumbnail","hentry","category-deportes"],"_links":{"self":[{"href":"https:\/\/diariodominicano.com\/index.php?rest_route=\/wp\/v2\/posts\/323855","targetHints":{"allow":["GET"]}}],"collection":[{"href":"https:\/\/diariodominicano.com\/index.php?rest_route=\/wp\/v2\/posts"}],"about":[{"href":"https:\/\/diariodominicano.com\/index.php?rest_route=\/wp\/v2\/types\/post"}],"author":[{"embeddable":true,"href":"https:\/\/diariodominicano.com\/index.php?rest_route=\/wp\/v2\/users\/28"}],"replies":[{"embeddable":true,"href":"https:\/\/diariodominicano.com\/index.php?rest_route=%2Fwp%2Fv2%2Fcomments&post=323855"}],"version-history":[{"count":1,"href":"https:\/\/diariodominicano.com\/index.php?rest_route=\/wp\/v2\/posts\/323855\/revisions"}],"predecessor-version":[{"id":323857,"href":"https:\/\/diariodominicano.com\/index.php?rest_route=\/wp\/v2\/posts\/323855\/revisions\/323857"}],"wp:featuredmedia":[{"embeddable":true,"href":"https:\/\/diariodominicano.com\/index.php?rest_route=\/wp\/v2\/media\/323856"}],"wp:attachment":[{"href":"https:\/\/diariodominicano.com\/index.php?rest_route=%2Fwp%2Fv2%2Fmedia&parent=323855"}],"wp:term":[{"taxonomy":"category","embeddable":true,"href":"https:\/\/diariodominicano.com\/index.php?rest_route=%2Fwp%2Fv2%2Fcategories&post=323855"},{"taxonomy":"post_tag","embeddable":true,"href":"https:\/\/diariodominicano.com\/index.php?rest_route=%2Fwp%2Fv2%2Ftags&post=323855"}],"curies":[{"name":"wp","href":"https:\/\/api.w.org\/{rel}","templated":true}]}}