{"id":32382,"date":"2019-07-18T19:49:49","date_gmt":"2019-07-18T19:49:49","guid":{"rendered":"http:\/\/diariodominicano.ddns.net\/?p=32382"},"modified":"2019-07-18T19:49:49","modified_gmt":"2019-07-18T19:49:49","slug":"copppal-y-el-observatorio-ciudadano-redsocial-dan-inicio-a-los-dialogos-hacia-el-pacto-verde-por-la-sostenibilidad","status":"publish","type":"post","link":"https:\/\/diariodominicano.com\/?p=32382","title":{"rendered":"COPPPAL y el Observatorio Ciudadano REDSOCIAL dan inicio a los \u00abDi\u00e1logos Hacia El Pacto Verde por la sostenibilidad\u00bb"},"content":{"rendered":"<p><body><\/p>\n<p><img decoding=\"async\" src=\"img3\/max p0.jpg\" \/>  <\/p>\n<p><strong><span class=\"text1noticias\">Santo Domingo, D.N.- <\/span><\/strong><span class=\"text1noticias\">Con el auspicio de la Conferencia de Partidos de Am\u00e9rica Latina y el Caribe (COPPPAL) y el Observatorio Ciudadano REDSOCIAL-CODI se realiz\u00f3 la primera entrega de  los \u00abDi\u00e1logos Hacia el Pacto Verde por la Sostenibilidad\u00bb con la participaci\u00f3n del Dr. Max Puig.<\/span><\/p>\n<\/p>\n<p><span class=\"text1noticias\">El  doctor Puig, Presidente del Partido Alianza por la Democracia (APD), ex Ministro de Medioambiente y ex senador de la Republica quien hizo una exposici\u00f3n de los desaf\u00edos la situaci\u00f3n del medioambiente, los recursos naturales y las perspectivas sobre la  sostenibilidad del modelo econ\u00f3mico en la Republica Dominicana en los actuales momentos y la forma en que la APD piensa contribuir junto a otras fuerzas pol\u00edticas a un gran acuerdo nacional entre los principales  actores del sistema pol\u00edtico dominicano.<\/span><\/p>\n<\/p>\n<p><span class=\"text1noticias\">En su an\u00e1lisis tom\u00f3 en cuenta la crisis ecol\u00f3gica, demogr\u00e1fica y clim\u00e1tica del Sistema-isla de la Hispaniola en el marco de los objetivos de Desarrollo Sostenible (ODS 2030) . Tambi\u00e9n fue abordada la crisis ecol\u00f3gica global, regional y nacional, los d\u00e9ficits sociales y de distribuci\u00f3n de la renta marco institucional y el debate en la efectividad de la aplicaci\u00f3n de la Leyes ambientales.<\/span><\/p>\n<\/p>\n<p><span class=\"text1noticias\">El prop\u00f3sito Pacto Verde por la Sostenibilidad es establecer un compromiso de los actores pol\u00edticos del  sistema de partidos de la Republica Dominicana con el medioambiente, los recursos naturales y la sostenibilidad. Este seria el primer Pacto nacional que procurar\u00eda establecer un marco de acci\u00f3n pol\u00edtica que garantice la supervivencia de la naci\u00f3n y el bienestar de las presentes y futuras generaciones.<\/span><\/p>\n<\/p>\n<p><strong><span class=\"text1noticias\">El panel estuvo moderado por Juan Carlos Espinal Director Ejecutivo de REDSOCIAL-CODI y David Arias Rodriguez coordinador del Pacto Verde por la Sostenibilidad. cont\u00f3 con la presencia de Manolo Pichardo, presidente de COPPPAL y Mijail Garcia director del Instituto de Formaci\u00f3n Pol\u00edtica Gustavo Carvajal Moreno.<\/span><\/strong><\/p>\n<\/p>\n<p><span class=\"text1noticias\">Adem\u00e1s participaron altos dirigentes de la APD e importantes personalidades de la vida pol\u00edtica nacional y de los partidos afiliados a COPPPAL , as\u00ed como del cuerpo diplom\u00e1tico.<\/span><\/p>\n<\/p>\n<\/p>\n<\/p>\n<\/p>\n<h6> 2019-07-18 19:49:49 <\/h6>\n<p><!--\n<link rel=\"stylesheet\" href=\"css\/bootstrap.min.css\">\n\n\n<ul class=\"pagination\">\n\t    \n\t\n\n<li >\n\t<a href='?page_no=1266'>Previous<\/a>\n\t<\/li>\n\n\n       \n    \n\n<li><a href='?page_no=1'>1<\/a><\/li>\n\n\n\n<li><a href='?page_no=2'>2<\/a><\/li>\n\n\n\n<li><a>...<\/a><\/li>\n\n\n\n<li><a href='?page_no=1265'>1265<\/a><\/li>\n\n\n\n<li><a href='?page_no=1266'>1266<\/a><\/li>\n\n\n\n<li class='active'><a>1267<\/a><\/li>\n\n\n\n<li><a href='?page_no=1268'>1268<\/a><\/li>\n\n\n\n<li><a href='?page_no=1269'>1269<\/a><\/li>\n\n\n\n<li><a>...<\/a><\/li>\n\n\n\n<li><a href='?page_no=1549'>1549<\/a><\/li>\n\n\n\n<li><a href='?page_no=1550'>1550<\/a><\/li>\n\n    \n\t\n\n<li >\n\t<a href='?page_no=1268'>Next<\/a>\n\t<\/li>\n\n\n    \n\n<li><a href='?page_no=1550'>Last &rsaquo;&rsaquo;<\/a><\/li>\n\n<\/ul>\n\n\n--><br \/>\n<\/body><\/p>\n","protected":false},"excerpt":{"rendered":"<p>Santo Domingo, D.N.- Con el auspicio de la Conferencia de Partidos de Am\u00e9rica Latina y el Caribe (COPPPAL) y el Observatorio Ciudadano REDSOCIAL-CODI se realiz\u00f3 la primera entrega de los \u00abDi\u00e1logos Hacia el Pacto Verde por la Sostenibilidad\u00bb con la participaci\u00f3n del Dr. Max Puig. El doctor Puig, Presidente del Partido Alianza por la Democracia [&hellip;]<\/p>\n","protected":false},"author":3,"featured_media":0,"comment_status":"open","ping_status":"open","sticky":false,"template":"","format":"standard","meta":{"footnotes":""},"categories":[19],"tags":[],"class_list":["post-32382","post","type-post","status-publish","format-standard","hentry","category-mi-voz"],"_links":{"self":[{"href":"https:\/\/diariodominicano.com\/index.php?rest_route=\/wp\/v2\/posts\/32382","targetHints":{"allow":["GET"]}}],"collection":[{"href":"https:\/\/diariodominicano.com\/index.php?rest_route=\/wp\/v2\/posts"}],"about":[{"href":"https:\/\/diariodominicano.com\/index.php?rest_route=\/wp\/v2\/types\/post"}],"author":[{"embeddable":true,"href":"https:\/\/diariodominicano.com\/index.php?rest_route=\/wp\/v2\/users\/3"}],"replies":[{"embeddable":true,"href":"https:\/\/diariodominicano.com\/index.php?rest_route=%2Fwp%2Fv2%2Fcomments&post=32382"}],"version-history":[{"count":0,"href":"https:\/\/diariodominicano.com\/index.php?rest_route=\/wp\/v2\/posts\/32382\/revisions"}],"wp:attachment":[{"href":"https:\/\/diariodominicano.com\/index.php?rest_route=%2Fwp%2Fv2%2Fmedia&parent=32382"}],"wp:term":[{"taxonomy":"category","embeddable":true,"href":"https:\/\/diariodominicano.com\/index.php?rest_route=%2Fwp%2Fv2%2Fcategories&post=32382"},{"taxonomy":"post_tag","embeddable":true,"href":"https:\/\/diariodominicano.com\/index.php?rest_route=%2Fwp%2Fv2%2Ftags&post=32382"}],"curies":[{"name":"wp","href":"https:\/\/api.w.org\/{rel}","templated":true}]}}