{"id":32378,"date":"2019-07-26T01:30:19","date_gmt":"2019-07-26T01:30:19","guid":{"rendered":"http:\/\/diariodominicano.ddns.net\/?p=32378"},"modified":"2019-07-26T01:30:19","modified_gmt":"2019-07-26T01:30:19","slug":"cuba-el-dia-que-el-reves-devino-victoria","status":"publish","type":"post","link":"https:\/\/diariodominicano.com\/?p=32378","title":{"rendered":"Cuba: el d\u00eda que el rev\u00e9s devino victoria"},"content":{"rendered":"<p><body><\/p>\n<p><img decoding=\"async\" src=\"img3\/dsh-dia-rebeldia-nacional.jpg\" \/>  <\/p>\n<p><strong> Por Orlando Oramas Leon<\/strong><\/p>\n<p><strong>Bayamo, Cuba, 26 jul (Prensa Latina)<\/strong> Cuba celebra hoy el D\u00eda de la Rebeld\u00eda Nacional, cuando se cumplen 66 a\u00f1os de lo que fue una derrota militar revolucionaria aunque de gran resonancia pol\u00edtica.<\/p>\n<\/p>\n<p>La conmemoraci\u00f3n ser\u00e1 en esta oriental ciudad, plena de historia y escenario tambi\u00e9n de aquellos acontecimientos, que para la ocasi\u00f3n viste sus mejores galas.<\/p>\n<\/p>\n<p>La madrugada de aquel 26 de julio de 1953 j\u00f3venes revolucionarios, bajo el mando de Fidel Castro, asaltaron las fortalezas militares Guillerm\u00f3n Moncada, en Santiago de Cuba, y Carlos Manuel de C\u00e9spedes, en Bayamo, en el a\u00f1o del centenario del natalicio del Ap\u00f3stol Jos\u00e9 Mart\u00ed.<\/p>\n<\/p>\n<p>El cuartel Moncada era la segunda fortaleza militar del pa\u00eds, ocupada por unos mil hombres y el C\u00e9spedes otra importante guarnici\u00f3n.<\/p>\n<\/p>\n<p>Para Fidel Castro y sus compa\u00f1eros de arma, el ataque resultaba la forma de rendir tributo a Mart\u00ed cuando su ideario era mancillado por la dictadura de Fulgencio Batista, quien gobernaba la isla desde el golpe de Estado del 10 de marzo de 1952.<\/p>\n<\/p>\n<p>El plan se elabor\u00f3 en absoluto secreto. Adem\u00e1s de Fidel solamente lo conoc\u00edan dos compa\u00f1eros de la direcci\u00f3n del movimiento y su responsable en Santiago de Cuba. Los dem\u00e1s sab\u00edan que se iba a realizar un combate decisivo, pero ignoraban cual era exactamente \u00e9ste.<\/p>\n<\/p>\n<p>A pesar del derroche de valent\u00eda de los atacantes, en franca desventaja num\u00e9rica y en armamento, ambas acciones resultaron un fracaso militar.<\/p>\n<\/p>\n<p>El r\u00e9gimen reaccion\u00f3 con brutal represi\u00f3n. Batista decret\u00f3 el estado de sitio en Santiago de Cuba y la suspensi\u00f3n de las garant\u00edas constitucionales en todo el territorio nacional; clausur\u00f3 el peri\u00f3dico Noticias de Hoy, \u00f3rgano del Partido Socialista Popular, y aplic\u00f3 la censura a la prensa y la radio.<\/p>\n<\/p>\n<p>La orden del dictador fue eliminar a 10 revolucionarios por cada soldado del r\u00e9gimen ca\u00eddo en combate. Decenas de los j\u00f3venes que segu\u00edan a Fidel fueron ferozmente asesinados. Los sobrevivientes, incluido Fidel, enjuiciados y condenados a prisi\u00f3n.<\/p>\n<\/p>\n<p>Ante el tribunal el l\u00edder del movimiento rebelde denunci\u00f3 el crimen: <\/p>\n<\/p>\n<p>&#8216;No se mat\u00f3 durante un minuto, una hora o un d\u00eda entero, sino que en una semana completa, los golpes, las torturas, los lanzamientos de azotea y los disparos no cesaron un instante como instrumento de exterminio manejados por artesanos perfectos del crimen&#8217;.<\/p>\n<\/p>\n<p>El alegato de autodefensa de Fidel Castro fue conocido despu\u00e9s como La historia me absolver\u00e1. All\u00ed pas\u00f3 de acusado a acusador y denunci\u00f3 los males de la Rep\u00fablica y las penurias del pueblo.<\/p>\n<\/p>\n<p>Un mill\u00f3n y medio de habitantes mayores de seis a\u00f1os no ten\u00edan ning\u00fan grado escolar aprobado. Entre los 15 y 19 a\u00f1os apenas el 17 por ciento recib\u00eda alg\u00fan tipo de educaci\u00f3n, mientras que el grado cultural promedio de los mayores de 15 a\u00f1os no llegaba al tercero.<\/p>\n<\/p>\n<p>En La historia me absolver\u00e1 Fidel ofreci\u00f3 soluciones para toda esa tragedia, a partir de programas sociales que la Revoluci\u00f3n desarrollar\u00eda cuando accediera al poder: <\/p>\n<\/p>\n<p>&#8216;Un gobierno revolucionario con el respaldo del pueblo y el respeto de la naci\u00f3n, despu\u00e9s de limpiar las instituciones de funcionarios venales y corrompidos, proceder\u00eda inmediatamente a industrializar el pa\u00eds&#8217;, expres\u00f3 en su c\u00e9lebre alegato.<\/p>\n<\/p>\n<p>Aquella intervenci\u00f3n adelant\u00f3 a la naci\u00f3n lo que luego ser\u00eda la Reforma Agraria, la primera de las grandes transformaciones revolucionarias contra el latifundismo, cuando las tierras cultivables estaban en manos de unos pocos, en particular de empresas de Estados Unidos: <\/p>\n<\/p>\n<p>&#8216;Un gobierno revolucionario, despu\u00e9s de asentar sobre sus parcelas con car\u00e1cter de due\u00f1os a los 100 mil agricultores peque\u00f1os que hoy pagan rentas, proceder\u00eda a concluir definitivamente el problema de la tierra&#8217;.<\/p>\n<\/p>\n<p>Tambi\u00e9n anunciar\u00eda lo que se concret\u00f3 con la conversi\u00f3n de cuarteles en escuelas (el Moncada uno de ellos) y la campa\u00f1a de alfabetizaci\u00f3n que convirti\u00f3 a Cuba en el primer pa\u00eds de Am\u00e9rica Latina y el Caribe libre de analfabetismo.<\/p>\n<\/p>\n<p>&#8216;Un gobierno revolucionario proceder\u00eda a la reforma integral de nuestra ense\u00f1anza (&#8230;) para preparar a las generaciones que est\u00e1n llamadas a vivir en una patria m\u00e1s feliz. No se olviden las palabras del Ap\u00f3stol: (&#8230;) &#8216;Un pueblo instruido ser\u00e1 siempre fuerte y libre&#8217;.<\/p>\n<\/p>\n<p>Los sucesos del 26 de julio de 1953 fueron una derrota militar, pero resultaron el peque\u00f1o motor que ech\u00f3 a andar a la Revoluci\u00f3n cubana, triunfante apenas seis a\u00f1os despu\u00e9s.<\/p>\n<\/p>\n<p>Como dir\u00eda Fidel: &#8216;El Moncada nos ense\u00f1\u00f3 a convertir los reveses en victorias&#8217;.<\/p>\n<\/p>\n<p>oda\/ool<\/p>\n<h6> 2019-07-26 01:30:19 <\/h6>\n<p><!--\n<link rel=\"stylesheet\" href=\"css\/bootstrap.min.css\">\n\n\n<ul class=\"pagination\">\n\t    \n\t\n\n<li >\n\t<a href='?page_no=1262'>Previous<\/a>\n\t<\/li>\n\n\n       \n    \n\n<li><a href='?page_no=1'>1<\/a><\/li>\n\n\n\n<li><a href='?page_no=2'>2<\/a><\/li>\n\n\n\n<li><a>...<\/a><\/li>\n\n\n\n<li><a href='?page_no=1261'>1261<\/a><\/li>\n\n\n\n<li><a href='?page_no=1262'>1262<\/a><\/li>\n\n\n\n<li class='active'><a>1263<\/a><\/li>\n\n\n\n<li><a href='?page_no=1264'>1264<\/a><\/li>\n\n\n\n<li><a href='?page_no=1265'>1265<\/a><\/li>\n\n\n\n<li><a>...<\/a><\/li>\n\n\n\n<li><a href='?page_no=1549'>1549<\/a><\/li>\n\n\n\n<li><a href='?page_no=1550'>1550<\/a><\/li>\n\n    \n\t\n\n<li >\n\t<a href='?page_no=1264'>Next<\/a>\n\t<\/li>\n\n\n    \n\n<li><a href='?page_no=1550'>Last &rsaquo;&rsaquo;<\/a><\/li>\n\n<\/ul>\n\n\n--><br \/>\n<\/body><\/p>\n","protected":false},"excerpt":{"rendered":"<p>Por Orlando Oramas Leon Bayamo, Cuba, 26 jul (Prensa Latina) Cuba celebra hoy el D\u00eda de la Rebeld\u00eda Nacional, cuando se cumplen 66 a\u00f1os de lo que fue una derrota militar revolucionaria aunque de gran resonancia pol\u00edtica. La conmemoraci\u00f3n ser\u00e1 en esta oriental ciudad, plena de historia y escenario tambi\u00e9n de aquellos acontecimientos, que para [&hellip;]<\/p>\n","protected":false},"author":3,"featured_media":0,"comment_status":"open","ping_status":"open","sticky":false,"template":"","format":"standard","meta":{"footnotes":""},"categories":[19],"tags":[],"class_list":["post-32378","post","type-post","status-publish","format-standard","hentry","category-mi-voz"],"_links":{"self":[{"href":"https:\/\/diariodominicano.com\/index.php?rest_route=\/wp\/v2\/posts\/32378","targetHints":{"allow":["GET"]}}],"collection":[{"href":"https:\/\/diariodominicano.com\/index.php?rest_route=\/wp\/v2\/posts"}],"about":[{"href":"https:\/\/diariodominicano.com\/index.php?rest_route=\/wp\/v2\/types\/post"}],"author":[{"embeddable":true,"href":"https:\/\/diariodominicano.com\/index.php?rest_route=\/wp\/v2\/users\/3"}],"replies":[{"embeddable":true,"href":"https:\/\/diariodominicano.com\/index.php?rest_route=%2Fwp%2Fv2%2Fcomments&post=32378"}],"version-history":[{"count":0,"href":"https:\/\/diariodominicano.com\/index.php?rest_route=\/wp\/v2\/posts\/32378\/revisions"}],"wp:attachment":[{"href":"https:\/\/diariodominicano.com\/index.php?rest_route=%2Fwp%2Fv2%2Fmedia&parent=32378"}],"wp:term":[{"taxonomy":"category","embeddable":true,"href":"https:\/\/diariodominicano.com\/index.php?rest_route=%2Fwp%2Fv2%2Fcategories&post=32378"},{"taxonomy":"post_tag","embeddable":true,"href":"https:\/\/diariodominicano.com\/index.php?rest_route=%2Fwp%2Fv2%2Ftags&post=32378"}],"curies":[{"name":"wp","href":"https:\/\/api.w.org\/{rel}","templated":true}]}}