{"id":32377,"date":"2019-07-26T23:30:38","date_gmt":"2019-07-26T23:30:38","guid":{"rendered":"http:\/\/diariodominicano.ddns.net\/?p=32377"},"modified":"2019-07-26T23:30:38","modified_gmt":"2019-07-26T23:30:38","slug":"hay-que-darle-mas-forma-al-plastico","status":"publish","type":"post","link":"https:\/\/diariodominicano.com\/?p=32377","title":{"rendered":"\u00abHay que darle m\u00e1s forma al pl\u00e1stico\u00bb."},"content":{"rendered":"<p><body><\/p>\n<p>                <span class=\"text1noticias\">               <\/span><\/p>\n<p><span class=\"text1noticias\"><strong>   Navierl Matos Almonte. <\/strong><\/span><\/p>\n<\/p>\n<p><span class=\"text1noticias\">A pesar de que grandes empresas e importantes personalidades de los medios de comunicaci\u00f3n se han pronunciado de manera frecuente y han aportado para reducir el uso de los envases pl\u00e1sticos, este no deja de ser un tema de preocupaci\u00f3n para todo el pa\u00eds, donde a diario se ve el uso exagerado de los contenedores que est\u00e1n hecho de este material. <\/span><\/p>\n<\/p>\n<p><span class=\"text1noticias\">No se puede obviar el hecho de que varias compa\u00f1\u00edas como el Sebelen Bowling Center m\u00e1s conocido como \u00abLa bolera\u00bb,  CCN (Centro Cuesta Nacional), la compa\u00f1\u00eda Multigestiones Ayax y m\u00e1s de 28 locales de la reconocida plaza \u00e1gora mall han tomado la iniciativa para reducir el uso del pl\u00e1stico en el pa\u00eds siendo esta una acci\u00f3n que debe ser aplaudida por todos. <\/span><\/p>\n<\/p>\n<p><span class=\"text1noticias\">Se ha informado que al a\u00f1o en el Pa\u00eds se utiliza m\u00e1s de mil millones de pl\u00e1sticos y su uso es bastante notable ya que al recorrer las calles del gran Santo Domingo se pueden observar las grandes acumulaciones de basuras decoradas principalmente por envases d\u00factiles que dejan en mal estado la imagen de nuestros parques, playas y dem\u00e1s lugares p\u00fablicos. <\/span><\/p>\n<\/p>\n<p><span class=\"text1noticias\">El uso del pl\u00e1stico es uno de los mayores contaminantes al ambiente y es que por esto no solo se debe crear conciencia sino tambi\u00e9n tomar las medidas para educar comprometi\u00e9ndonos sobre el uso del reciclaje y las consecuencias que trae consigo el uso de este material. <\/span><\/p>\n<p><span class=\"text1noticias\">Empezar a tomar nuevos h\u00e1bitos convirtiendo esta iniciativa en un hecho, cambiaria positivamente el marco ambiental y cultural de nuestra isla. <\/span><\/p>\n<\/p>\n<p><span class=\"text1noticias\">                                                                                                                        Navierl Matos Almonte. <\/span><\/p>\n<\/p>\n<\/p>\n<\/p>\n<h6> 2019-07-26 23:30:38 <\/h6>\n<p><!--\n<link rel=\"stylesheet\" href=\"css\/bootstrap.min.css\">\n\n\n<ul class=\"pagination\">\n\t    \n\t\n\n<li >\n\t<a href='?page_no=1261'>Previous<\/a>\n\t<\/li>\n\n\n       \n    \n\n<li><a href='?page_no=1'>1<\/a><\/li>\n\n\n\n<li><a href='?page_no=2'>2<\/a><\/li>\n\n\n\n<li><a>...<\/a><\/li>\n\n\n\n<li><a href='?page_no=1260'>1260<\/a><\/li>\n\n\n\n<li><a href='?page_no=1261'>1261<\/a><\/li>\n\n\n\n<li class='active'><a>1262<\/a><\/li>\n\n\n\n<li><a href='?page_no=1263'>1263<\/a><\/li>\n\n\n\n<li><a href='?page_no=1264'>1264<\/a><\/li>\n\n\n\n<li><a>...<\/a><\/li>\n\n\n\n<li><a href='?page_no=1549'>1549<\/a><\/li>\n\n\n\n<li><a href='?page_no=1550'>1550<\/a><\/li>\n\n    \n\t\n\n<li >\n\t<a href='?page_no=1263'>Next<\/a>\n\t<\/li>\n\n\n    \n\n<li><a href='?page_no=1550'>Last &rsaquo;&rsaquo;<\/a><\/li>\n\n<\/ul>\n\n\n--><br \/>\n<\/body><\/p>\n","protected":false},"excerpt":{"rendered":"<p>Navierl Matos Almonte. A pesar de que grandes empresas e importantes personalidades de los medios de comunicaci\u00f3n se han pronunciado de manera frecuente y han aportado para reducir el uso de los envases pl\u00e1sticos, este no deja de ser un tema de preocupaci\u00f3n para todo el pa\u00eds, donde a diario se ve el uso exagerado [&hellip;]<\/p>\n","protected":false},"author":3,"featured_media":0,"comment_status":"open","ping_status":"open","sticky":false,"template":"","format":"standard","meta":{"footnotes":""},"categories":[19],"tags":[],"class_list":["post-32377","post","type-post","status-publish","format-standard","hentry","category-mi-voz"],"_links":{"self":[{"href":"https:\/\/diariodominicano.com\/index.php?rest_route=\/wp\/v2\/posts\/32377","targetHints":{"allow":["GET"]}}],"collection":[{"href":"https:\/\/diariodominicano.com\/index.php?rest_route=\/wp\/v2\/posts"}],"about":[{"href":"https:\/\/diariodominicano.com\/index.php?rest_route=\/wp\/v2\/types\/post"}],"author":[{"embeddable":true,"href":"https:\/\/diariodominicano.com\/index.php?rest_route=\/wp\/v2\/users\/3"}],"replies":[{"embeddable":true,"href":"https:\/\/diariodominicano.com\/index.php?rest_route=%2Fwp%2Fv2%2Fcomments&post=32377"}],"version-history":[{"count":0,"href":"https:\/\/diariodominicano.com\/index.php?rest_route=\/wp\/v2\/posts\/32377\/revisions"}],"wp:attachment":[{"href":"https:\/\/diariodominicano.com\/index.php?rest_route=%2Fwp%2Fv2%2Fmedia&parent=32377"}],"wp:term":[{"taxonomy":"category","embeddable":true,"href":"https:\/\/diariodominicano.com\/index.php?rest_route=%2Fwp%2Fv2%2Fcategories&post=32377"},{"taxonomy":"post_tag","embeddable":true,"href":"https:\/\/diariodominicano.com\/index.php?rest_route=%2Fwp%2Fv2%2Ftags&post=32377"}],"curies":[{"name":"wp","href":"https:\/\/api.w.org\/{rel}","templated":true}]}}