{"id":32376,"date":"2019-07-27T09:16:45","date_gmt":"2019-07-27T09:16:45","guid":{"rendered":"http:\/\/diariodominicano.ddns.net\/?p=32376"},"modified":"2019-07-27T09:16:45","modified_gmt":"2019-07-27T09:16:45","slug":"tareas-exigidas-a-los-padres-dominicanos","status":"publish","type":"post","link":"https:\/\/diariodominicano.com\/?p=32376","title":{"rendered":"Tareas exigidas a los padres dominicanos"},"content":{"rendered":"<p><body><\/p>\n<p><img decoding=\"async\" src=\"img3\/guillermina marizan2707.jpg\" \/>  <\/p>\n<\/p>\n<p><strong> <\/strong><\/p>\n<p><strong>Por: Dra. Guillermina Altagracia Marizan Santana,<\/strong><\/p>\n<p>Juez y Directora de la Comisi\u00f3n de G\u00e9nero del Consejo Regional de Desarrollo, Inc. (CRD).<\/p>\n<\/p>\n<\/p>\n<p>Conforme a la visi\u00f3n estrat\u00e9gica del Consejo Regional de Desarrollo, Inc. (CRD en torno al desarrollo nacional, ciertamente para nuestra naci\u00f3n vencer la crisis de valores y los alarmantes niveles de delincuencia junto al atraso socioecon\u00f3mico y sociopol\u00edtico que le estacan, necesita de quienes tienen el rol de ser padres y cabezas de familias, que redefinan sus tareas y responsabilidades sociales, para con ello, desbloquear las barreras que obstruyen  a la sociedad y al Estado trazarse mejores senderos, adem\u00e1s, lograr un cambio de mentalidad y visi\u00f3n en los liderazgos locales y nacionales.<\/p>\n<\/p>\n<\/p>\n<p>teniendo de palanca el referido cometido, prioriza a cargo de los mismos, procurar una consistente y bien articulada labor de saneamiento moral, no solo para proteger a sus hijos de los serios impactos de las enfermedades sociales que actualmente nos abaten,  sino tambi\u00e9n, para lograr en ellos, la fortaleza mental que les permita su soluci\u00f3n,  mediante la construcci\u00f3n de ambientes que sean garantes de un mejor porvenir a las presentes y futuras generaciones.<\/p>\n<\/p>\n<\/p>\n<p>Accionar que categoriza  su relevancia, al entenderla facilitadora de una nueva forma de pensar, que impone a los padres dominicanos, para que sustentado en su autoridad y experiencia, orienten y conduzcan a sus hijos, hacia la pr\u00e1ctica de la honestidad, la responsabilidad  y al cumplimiento del deber, para as\u00ed aunar voluntades colectivas, engendradoras de conductas que vayan en consonancia con el estricto respeto por los derechos y obligaciones de cada ciudadano.<\/p>\n<\/p>\n<\/p>\n<p><strong>Dimensi\u00f3n dada por el CRD a las pautas sugeridas:<\/strong><\/p>\n<\/p>\n<\/p>\n<p>Las pautas trazadas y sugeridas, el CRD la asume plenamente, al ponderarlas como factores claves, para promover el  bienestar y la seguridad ciudadana de manera sustentable, en virtud de que las funciones de los gu\u00edas y mentores de los n\u00facleos familiares, hoy en d\u00eda, sobrepasan los objetivos de alimentar, cuidar y dar una profesi\u00f3n a los hijos, al tener entre sus principales exigencias, la formaci\u00f3n de los mismos para que desarrollen sus vidas sin corromperse, a fin de que sean hombres y mujeres de bien, ejemplos de los m\u00e1s altos grados de dignidad y civismo.<\/p>\n<\/p>\n<\/p>\n<p>Acogimiento del referido proceder, que enmarca como palanca vital para impulsar los cambios que en todos los ordenes necesitamos, con el prop\u00f3sito de establecer las reglas en las que debemos descansar y motorizar, las transformaciones requeridas por nuestros estamentos sociales y pol\u00edticos, para vencer sus debilidades y la fragilidad.<\/p>\n<\/p>\n<\/p>\n<p>Los objetivos se\u00f1alados, el Consejo Regional de Desarrollo, Inc. (CRD) lo define como primordiales para nuestro pa\u00eds y otras naciones mundo, al entender que dan raz\u00f3n de ser a la existencia social de cada padre, al conducirlo hacia un rompimiento con la inercia y la falta de valent\u00eda, para as\u00ed permitirle concentrar esfuerzos y acciones en las familias y en todas nuestras instituciones, edificadoras de columnas firmes que den a Rep\u00fablica Dominicana la solidez moral e institucional que requiere para asegurar un mejor presente y futuro a las actuales y futuras generaciones.<\/p>\n<\/p>\n<\/p>\n<p><strong>La autora es:<\/strong><\/p>\n<p><strong> <\/strong><\/p>\n<p><strong>Dra. Guillermina Altagracia Marizan Santana, Directora de la Comisi\u00f3n de G\u00e9nero del Consejo Regional de Desarrollo, Inc. (CRD),  Juez y Doctora en Derecho, Tel. 809-244-5496 y Correo:  crdnordeste@yahoo.es<\/strong><\/p>\n<h6> 2019-07-27 09:16:45 <\/h6>\n<p><!--\n<link rel=\"stylesheet\" href=\"css\/bootstrap.min.css\">\n\n\n<ul class=\"pagination\">\n\t    \n\t\n\n<li >\n\t<a href='?page_no=1260'>Previous<\/a>\n\t<\/li>\n\n\n       \n    \n\n<li><a href='?page_no=1'>1<\/a><\/li>\n\n\n\n<li><a href='?page_no=2'>2<\/a><\/li>\n\n\n\n<li><a>...<\/a><\/li>\n\n\n\n<li><a href='?page_no=1259'>1259<\/a><\/li>\n\n\n\n<li><a href='?page_no=1260'>1260<\/a><\/li>\n\n\n\n<li class='active'><a>1261<\/a><\/li>\n\n\n\n<li><a href='?page_no=1262'>1262<\/a><\/li>\n\n\n\n<li><a href='?page_no=1263'>1263<\/a><\/li>\n\n\n\n<li><a>...<\/a><\/li>\n\n\n\n<li><a href='?page_no=1549'>1549<\/a><\/li>\n\n\n\n<li><a href='?page_no=1550'>1550<\/a><\/li>\n\n    \n\t\n\n<li >\n\t<a href='?page_no=1262'>Next<\/a>\n\t<\/li>\n\n\n    \n\n<li><a href='?page_no=1550'>Last &rsaquo;&rsaquo;<\/a><\/li>\n\n<\/ul>\n\n\n--><br \/>\n<\/body><\/p>\n","protected":false},"excerpt":{"rendered":"<p>Por: Dra. Guillermina Altagracia Marizan Santana, Juez y Directora de la Comisi\u00f3n de G\u00e9nero del Consejo Regional de Desarrollo, Inc. (CRD). Conforme a la visi\u00f3n estrat\u00e9gica del Consejo Regional de Desarrollo, Inc. (CRD en torno al desarrollo nacional, ciertamente para nuestra naci\u00f3n vencer la crisis de valores y los alarmantes niveles de delincuencia junto al [&hellip;]<\/p>\n","protected":false},"author":3,"featured_media":0,"comment_status":"open","ping_status":"open","sticky":false,"template":"","format":"standard","meta":{"footnotes":""},"categories":[19],"tags":[],"class_list":["post-32376","post","type-post","status-publish","format-standard","hentry","category-mi-voz"],"_links":{"self":[{"href":"https:\/\/diariodominicano.com\/index.php?rest_route=\/wp\/v2\/posts\/32376","targetHints":{"allow":["GET"]}}],"collection":[{"href":"https:\/\/diariodominicano.com\/index.php?rest_route=\/wp\/v2\/posts"}],"about":[{"href":"https:\/\/diariodominicano.com\/index.php?rest_route=\/wp\/v2\/types\/post"}],"author":[{"embeddable":true,"href":"https:\/\/diariodominicano.com\/index.php?rest_route=\/wp\/v2\/users\/3"}],"replies":[{"embeddable":true,"href":"https:\/\/diariodominicano.com\/index.php?rest_route=%2Fwp%2Fv2%2Fcomments&post=32376"}],"version-history":[{"count":0,"href":"https:\/\/diariodominicano.com\/index.php?rest_route=\/wp\/v2\/posts\/32376\/revisions"}],"wp:attachment":[{"href":"https:\/\/diariodominicano.com\/index.php?rest_route=%2Fwp%2Fv2%2Fmedia&parent=32376"}],"wp:term":[{"taxonomy":"category","embeddable":true,"href":"https:\/\/diariodominicano.com\/index.php?rest_route=%2Fwp%2Fv2%2Fcategories&post=32376"},{"taxonomy":"post_tag","embeddable":true,"href":"https:\/\/diariodominicano.com\/index.php?rest_route=%2Fwp%2Fv2%2Ftags&post=32376"}],"curies":[{"name":"wp","href":"https:\/\/api.w.org\/{rel}","templated":true}]}}