{"id":32375,"date":"2019-07-27T09:36:48","date_gmt":"2019-07-27T09:36:48","guid":{"rendered":"http:\/\/diariodominicano.ddns.net\/?p=32375"},"modified":"2019-07-27T09:36:48","modified_gmt":"2019-07-27T09:36:48","slug":"leonel-fernandez-mas-alla-del-tiempo","status":"publish","type":"post","link":"https:\/\/diariodominicano.com\/?p=32375","title":{"rendered":"Leonel Fern\u00e1ndez, Mas all\u00e1 del Tiempo"},"content":{"rendered":"<p><body><\/p>\n<p><img decoding=\"async\" src=\"img3\/Luis Collado2707.jpg\" \/>  <\/p>\n<p><strong> <\/strong><\/p>\n<p><strong><span class=\"text1noticias\">\u00a8A\u00d1OS DE AVANCE: ESCRITOS DE TEORIA Y ACCION\u00a8<\/span><\/strong><\/p>\n<\/p>\n<p><strong><span class=\"text1noticias\">Por Luis Collado<\/span><\/strong><\/p>\n<\/p>\n<p><span class=\"text1noticias\">M\u00e1s all\u00e1 del tiempo lo que pretende sugerir es que la historia se convierte en el testigo de una \u00e9poca, una verdad. No importa cu\u00e1ntas veces las manecillas del reloj hayan girado, sigue siendo posible regresar a ese momento y reconstruir parcialmente los sucesos, quiz\u00e1s, dialogar con aquel Dr. Leonel Fern\u00e1ndez. Sus art\u00edculos en su obra \u00a8<strong>A\u00d1OS DE AVANCE: ESCRITOS DE TEORIA Y ACCION<\/strong>\u00a8, nos permiten descender a esta etapa en la vida del ex presidente de la Republica Dominicana, recoger ideas, inquietudes y motivaciones que influyeron en la conformaci\u00f3n de su personalidad. Ni un momento antes, ni un segundo despu\u00e9s. <\/span><\/p>\n<\/p>\n<p><span class=\"text1noticias\">De ah\u00ed, que he considerado de inter\u00e9s la obra, no tan solo por la estatura del ciudadano que escribe, el ex Presidente Dr. Leonel Fern\u00e1ndez, hoy  convertido en un estadista reconocido como  uno de los grandes  especialistas en relaciones y negociaciones internacionales de dimensi\u00f3n mundial, sino por sus aportes hist\u00f3ricos. <\/span><\/p>\n<\/p>\n<p><span class=\"text1noticias\">En sus art\u00edculos convergen figuras  como el Profesor Juan Bosch, el  Dr. Joaqu\u00edn Balaguer, el Dr. Jos\u00e9 Francisco Pe\u00f1a G\u00f3mez, don Antonio Guzm\u00e1n, el Licenciado Jacobo Majluta, \u00bfpor qu\u00e9 no, el Ingeniero Hip\u00f3lito Mej\u00eda?, entre otros, criollos e internacionales, que retratan una \u00e9poca donde se discut\u00edan ideas, valores y principios; no necesariamente unidad de criterios ni unanimidad. Se exponen las luchas de intereses, en sus diversas manifestaciones, las principales corrientes del pensamiento pol\u00edtico econ\u00f3mico, aunque con una indiscutible influencia del pensamiento marxista en la interpretaci\u00f3n de los sucesos hist\u00f3ricos.  <\/span><\/p>\n<\/p>\n<p><strong><span class=\"text1noticias\">A\u00d1OS DE AVANCE: ESCRITOS DE TEORIA Y ACCION<\/span><\/strong><span class=\"text1noticias\">, no tiene desperdicios. Presenta al   Dr. Leonel Fern\u00e1ndez, no aquel que naci\u00f3 en el a\u00f1o 1953, enti\u00e9ndase postguerras mundiales,  en la Ciudad de Santo Domingo de Guzm\u00e1n; sino al que, tras emigrar a los Estados Unidos, retorna al finalizar sus estudios secundarios  a la Republica Dominicana, a\u00f1o 1973; esto es, despu\u00e9s de la Revoluci\u00f3n y Guerra de Abril del a\u00f1o 1965. Seg\u00fan expresa, \u00a8ya desde 1974 escrib\u00eda en las p\u00e1ginas de Vanguardia del Pueblo\u00a8, peri\u00f3dico pol\u00edtico creado bajo la direcci\u00f3n del Profesor Juan Bosch, a\u00f1o 1973, como un medio de difusi\u00f3n de las teor\u00edas peledeistas antes de haber alcanzado el Poder y Poder\u00edo Pol\u00edticos.<\/span><\/p>\n<\/p>\n<p><span class=\"text1noticias\"> Es de admirar que antes de los veinti\u00fan a\u00f1os, el ex mandatario presidencial, ya participaba en la actividad pol\u00edtica partidaria, exhibiendo dotes excepcionales en esos veintid\u00f3s art\u00edculos que comprende esa obra;  con un dominio indiscutible de la geopol\u00edtica internacional, la Historia de los Estados Unidos de Norteam\u00e9rica y consciente del valor estrat\u00e9gico de las naciones de Am\u00e9rica Latina en la Pol\u00edtica Exterior de Estados Unidos.<\/span><\/p>\n<\/p>\n<p><span class=\"text1noticias\"> A su temprana edad era un investigador consumador y \u00e1vido de informaci\u00f3n. No obstante, influenciado por el  dogmatismo boschista, las repercusiones pol\u00edticas de la Guerra Fr\u00eda, la tesis de boschista sobre la composici\u00f3n social, tal vez por el contexto de esa \u00e9poca y, curiosamente, la personalizaci\u00f3n de las luchas pol\u00edticas en la Republica Dominicana. <\/span><\/p>\n<\/p>\n<p><span class=\"text1noticias\">El Dr. Leonel Fern\u00e1ndez confiesa que asumi\u00f3 las actividades pol\u00edticas partidarias desde muy temprana edad,  lo que se desprende de sus art\u00edculos y testimonio sobre su integraci\u00f3n a la vida pol\u00edtica, considerando la fecha de su nacimiento, a\u00f1o 1953; y  enfatiza sus inclinaciones por la investigaci\u00f3n social y formaci\u00f3n acad\u00e9mica, no exclusivamente en la Ciudad de New York, Estados Unidos; sino en la Republica Dominicana, optando por radicarse definitivamente en suelo criollo, pese a tener la posibilidad de proseguir radicado en la actual metr\u00f3polis mundial angloamericana.    <\/span><\/p>\n<\/p>\n<p><span class=\"text1noticias\">El hecho de que ese Dr. Leonel Fern\u00e1ndez, aquel de la Guerra Fr\u00eda, prefiera citarnos los debates entre el Profesor Juan Bosch y el Dr. Juan Isidro Jim\u00e9nez Grullon para evitar pronunciarse sobre su criterio de oligarqu\u00eda; o que proceda a indicar la existencia de una oligarqu\u00eda esclavista, oligarqu\u00eda ganadera patriarcal, peque\u00f1os burgueses sin burgues\u00eda y sin una cultura liberal democr\u00e1tica, sin artesanos, obreros y, en medio de una sociedad cuya econom\u00eda principal fuera la conuquera y, generalmente, aislada de los procesos internacionales; manifiesta su condici\u00f3n de disc\u00edpulo del escritor de La Ma\u00f1osa, El Oro y la Paz, La Mujer, Luis Pie, Judas Iscariotes el Calumniado, De Crist\u00f3bal Colon a Fidel Castro, Composici\u00f3n Social Dominicana, El Caribe: Frontera Imperial.    <\/span><\/p>\n<\/p>\n<p><span class=\"text1noticias\">Ahora bien, \u00bfpor qu\u00e9 mantienen sus art\u00edculos esa vigencia, en mi humilde opini\u00f3n?, pues el autor profundiza en los an\u00e1lisis de los procesos de conformaci\u00f3n del clientelismo pol\u00edtico criollo a causa de la pobreza y las limitaciones econ\u00f3micas vigentes, explicando el surgimiento del populismo;  sostiene que la ausencia de estructuras pol\u00edticas partidarias capaces de canalizar  los intereses formados en Am\u00e9rica Latina, produjo los reg\u00edmenes de fuerza, el predominio de grupos minoritarios supeditados a los intereses geopol\u00edticos internacionales en funci\u00f3n de determinadas agendas econ\u00f3micas; no necesariamente, sociales. Y prosigue con su exposici\u00f3n de la geopol\u00edtica mundial ahondando sobre el desarrollo de Estados Unidos como econom\u00eda hegem\u00f3nica, la creaci\u00f3n de su estructura militar para garantizar sus pol\u00edticas e intereses en la regi\u00f3n y a nivel mundial.<\/span><\/p>\n<\/p>\n<p><span class=\"text1noticias\"> Lo que implico, seg\u00fan los criterios de este, hoy estadista,  apropiarse por diferentes medios  de los territorios de Luisiana, propiedad de Francia; 1803; Florida, 1810 y 1821, propiedad de Espa\u00f1a; Oreg\u00f3n, Washington, Idaho, Wyoming y Montana, 1846, territorios ingleses; Texas,  Arizona, Nuevo M\u00e9xico, California, Nevada y Utah, 1846-1848, pertenecientes al Estado Mexicano; la intervenci\u00f3n de  USA, a\u00f1o 1898,  en la  guerra de independencia de Cuba contra Espa\u00f1a; hasta militarizar una parte de esa isla; y as\u00ed sucesivamente, en Puerto Rico, Filipinas, continuando con su pol\u00edtica de la \u00a8diplomacia del d\u00f3lar\u00a8, intervenciones militares, apropiaci\u00f3n de los territorios de Panam\u00e1, otrora territorio colombiano.  <\/span><\/p>\n<\/p>\n<p><span class=\"text1noticias\">De sus art\u00edculos no escapan sus reflexiones sobre la Gran Depresi\u00f3n en USA, a\u00f1o 1929, sus implicaciones internas y mundiales; ponderaci\u00f3n de las principales corrientes pol\u00edticas internacionales europeas y norteamericanas, las intervenciones norteamericanas, causas y efectos; dedicando un cap\u00edtulo especial al Doctor Jos\u00e9 Francisco Pe\u00f1a G\u00f3mez,  el ascenso del PRD a la Presidencia de la Republica, a\u00f1o 1978, y a las crisis pol\u00edticas y econ\u00f3micas, ulteriores, enfatizando la poblada del a\u00f1o 1984.  <\/span><\/p>\n<\/p>\n<p><span class=\"text1noticias\">Sin embargo,  los  testimonios de ese Dr. Leonel Fern\u00e1ndez, a\u00f1os 1981 al 1984, l\u00f3gicamente, ense\u00f1ado por el Profesor Juan Bosch, no reconoce meritos en los logros del Dr. Jos\u00e9 Francisco Pe\u00f1a G\u00f3mez, tras la salida o derrota de Bosch del PRD,  minimiza y cuestiona el liderazgo de este insigne dominicano en cuanto a la obtenci\u00f3n del voto popular, a\u00f1o 1978, para que don Antonio Guzm\u00e1n ascendiera a las escalinatas de la Presidencia de la Republica Dominicana; pues, refugi\u00e1ndose en el Profesor Juan Bosch, sostiene que no bastaba el apoyo popular para ganar las elecciones, siendo concluyente en que nuestro pa\u00eds era una colonia norteamericana donde no impera la democracia ni siquiera representativa (ver p\u00e1ginas 136,137 y 138 obra citada); as\u00ed refuta que las condiciones personales del Dr. Jos\u00e9 Francisco Pe\u00f1a G\u00f3mez, al frente del PRD, tuvieran valor alguno para determinar el \u00e9xito pol\u00edtico de esa organizaci\u00f3n pol\u00edtica donde otrora militara el Profesor Juan Bosch, (ver p\u00e1gina 141, p\u00e1rrafo II obra \u00eddem),  al margen ciertas incongruencias de contenido, al respecto; mas no as\u00ed en cuanto a la guerra medi\u00e1tica y pol\u00edtica comunicacional del \u00f3rgano utilizado, sumamente coherente en su prop\u00f3sito, pues, en esencia, era notoria la l\u00ednea comunicacional asumida por el Partido de la Liberaci\u00f3n Dominicana (PLD) minimizando, cuestionando y desconociendo logro alguno de la parcela perredeista de ese periodo. <\/span><\/p>\n<\/p>\n<p><span class=\"text1noticias\">Tambi\u00e9n, se aprecia el connotado car\u00e1cter propagand\u00edstico de sus art\u00edculos y manipulaciones de los hechos reflejando las diferencias personales de ambos l\u00edderes pol\u00edticos y, todav\u00eda m\u00e1s, la radicalizaci\u00f3n del Profesor Juan Bosch versus el Dr. Jos\u00e9 Francisco Pe\u00f1a G\u00f3mez, trascendiendo el distanciamiento personal, mas all\u00e1 de las afinidades y diferencias pol\u00edticas.  <\/span><\/p>\n<p><span class=\"text1noticias\"> <\/span><\/p>\n<p><span class=\"text1noticias\">En su obra, <strong>A\u00d1OS DE AVANCE: ESCRITOS DE TEORIA Y ACCION,<\/strong> podemos encontrarnos, m\u00e1s all\u00e1 del tiempo, con una colecci\u00f3n de fotograf\u00edas donde el Dr. Leonel Antonio Fern\u00e1ndez Reyna aparece participando en eventos pol\u00edticos, ejerciendo en los tribunales de justicia nacionales y en su rol de periodista investigador; destaca, entre estas, su imagen jovial junto al famoso Volkswagen de su propiedad; que tantos mitos y cuentos ha inspirado. <\/span><\/p>\n<\/p>\n<p><span class=\"text1noticias\">Todo lo expuesto nos ofrece un testimonio de sus ra\u00edces con aquellas generaciones de l\u00edderes pol\u00edticos que  trataban de formarse intelectualmente y aprender los valores y principios fundamentales inherentes a la cultura democr\u00e1tica, predominando una visi\u00f3n \u00e9tica colectiva de la pol\u00edtica nacional, y no de aquellos cuya praxis pol\u00edtica  \u00fanicamente concibieron la actividad pol\u00edtica partidaria como una v\u00eda  de ascenso social y para satisfacer  apetitos individuales, sin importar los medios ni sus implicaciones para nuestra sociedad.    <\/span><\/p>\n<\/p>\n<p><span class=\"text1noticias\">E<strong>l autor es:<\/strong><\/span><\/p>\n<p><span class=\"text1noticias\"><strong>Luis Collado, Abogado y pol\u00edtico<\/strong><\/span><\/p>\n<p><span class=\"text1noticias\"><strong>\t\t\t\t\t\t    <\/strong><\/span><\/p>\n<\/p>\n<h6> 2019-07-27 09:36:48 <\/h6>\n<p><!--\n<link rel=\"stylesheet\" href=\"css\/bootstrap.min.css\">\n\n\n<ul class=\"pagination\">\n\t    \n\t\n\n<li >\n\t<a href='?page_no=1259'>Previous<\/a>\n\t<\/li>\n\n\n       \n    \n\n<li><a href='?page_no=1'>1<\/a><\/li>\n\n\n\n<li><a href='?page_no=2'>2<\/a><\/li>\n\n\n\n<li><a>...<\/a><\/li>\n\n\n\n<li><a href='?page_no=1258'>1258<\/a><\/li>\n\n\n\n<li><a href='?page_no=1259'>1259<\/a><\/li>\n\n\n\n<li class='active'><a>1260<\/a><\/li>\n\n\n\n<li><a href='?page_no=1261'>1261<\/a><\/li>\n\n\n\n<li><a href='?page_no=1262'>1262<\/a><\/li>\n\n\n\n<li><a>...<\/a><\/li>\n\n\n\n<li><a href='?page_no=1549'>1549<\/a><\/li>\n\n\n\n<li><a href='?page_no=1550'>1550<\/a><\/li>\n\n    \n\t\n\n<li >\n\t<a href='?page_no=1261'>Next<\/a>\n\t<\/li>\n\n\n    \n\n<li><a href='?page_no=1550'>Last &rsaquo;&rsaquo;<\/a><\/li>\n\n<\/ul>\n\n\n--><br \/>\n<\/body><\/p>\n","protected":false},"excerpt":{"rendered":"<p>\u00a8A\u00d1OS DE AVANCE: ESCRITOS DE TEORIA Y ACCION\u00a8 Por Luis Collado M\u00e1s all\u00e1 del tiempo lo que pretende sugerir es que la historia se convierte en el testigo de una \u00e9poca, una verdad. No importa cu\u00e1ntas veces las manecillas del reloj hayan girado, sigue siendo posible regresar a ese momento y reconstruir parcialmente los sucesos, [&hellip;]<\/p>\n","protected":false},"author":3,"featured_media":0,"comment_status":"open","ping_status":"open","sticky":false,"template":"","format":"standard","meta":{"footnotes":""},"categories":[19],"tags":[],"class_list":["post-32375","post","type-post","status-publish","format-standard","hentry","category-mi-voz"],"_links":{"self":[{"href":"https:\/\/diariodominicano.com\/index.php?rest_route=\/wp\/v2\/posts\/32375","targetHints":{"allow":["GET"]}}],"collection":[{"href":"https:\/\/diariodominicano.com\/index.php?rest_route=\/wp\/v2\/posts"}],"about":[{"href":"https:\/\/diariodominicano.com\/index.php?rest_route=\/wp\/v2\/types\/post"}],"author":[{"embeddable":true,"href":"https:\/\/diariodominicano.com\/index.php?rest_route=\/wp\/v2\/users\/3"}],"replies":[{"embeddable":true,"href":"https:\/\/diariodominicano.com\/index.php?rest_route=%2Fwp%2Fv2%2Fcomments&post=32375"}],"version-history":[{"count":0,"href":"https:\/\/diariodominicano.com\/index.php?rest_route=\/wp\/v2\/posts\/32375\/revisions"}],"wp:attachment":[{"href":"https:\/\/diariodominicano.com\/index.php?rest_route=%2Fwp%2Fv2%2Fmedia&parent=32375"}],"wp:term":[{"taxonomy":"category","embeddable":true,"href":"https:\/\/diariodominicano.com\/index.php?rest_route=%2Fwp%2Fv2%2Fcategories&post=32375"},{"taxonomy":"post_tag","embeddable":true,"href":"https:\/\/diariodominicano.com\/index.php?rest_route=%2Fwp%2Fv2%2Ftags&post=32375"}],"curies":[{"name":"wp","href":"https:\/\/api.w.org\/{rel}","templated":true}]}}