{"id":32372,"date":"2019-07-27T21:05:57","date_gmt":"2019-07-27T21:05:57","guid":{"rendered":"http:\/\/diariodominicano.ddns.net\/?p=32372"},"modified":"2019-07-27T21:05:57","modified_gmt":"2019-07-27T21:05:57","slug":"colombianos-marchan-en-defensa-de-la-vida-de-los-lideres-sociales","status":"publish","type":"post","link":"https:\/\/diariodominicano.com\/?p=32372","title":{"rendered":"Colombianos marchan en defensa de la vida de los l\u00edderes sociales"},"content":{"rendered":"<p><body><\/p>\n<p><img decoding=\"async\" src=\"img3\/138262492_15642073350841n.jpg\" \/>  <\/p>\n<\/p>\n<p>Personas participan en una manifestaci\u00f3n en demanda de acciones para detener la desaparici\u00f3n de l\u00edderes sociales, en la ciudad de Bogot\u00e1, capital de Colombia, el 26 de julio de 2019. (Xinhua\/Jhon Paz)<\/p>\n<p><strong>BOGOT\u00c1, 26 jul (Xinhua) &#8212;<\/strong> Unas cien mil personas marcharon hoy por las principales ciudades de Colombia, donde los congresistas opositores e independientes promovieron una caminata por la vida de los l\u00edderes sociales, que en los \u00faltimos tres a\u00f1os 462 de ellos han sido ultimados en varias regiones por grupos irregulares.<\/p>\n<\/p>\n<p>\u00abRechazamos profundamente todas las expresiones violentas que han tenido como combustible el narcotr\u00e1fico, el microtr\u00e1fico, el crimen organizado, la extracci\u00f3n ilegal de minerales, el contrabando, pr\u00e1cticas de las cuales se valen muchos de los que han acallado las voces de los l\u00edderes sociales en nuestro pa\u00eds\u00bb, afirm\u00f3 el presidente colombiano, Iv\u00e1n Duque, desde la caribe\u00f1a ciudad de Cartagena de Indias, donde march\u00f3 por las calles de esa localidad.<\/p>\n<\/p>\n<p>Duque afirm\u00f3 que las investigaciones que inici\u00f3 la Fiscal\u00eda General de la Naci\u00f3n han permitido esclarecer el 56 por ciento de los asesinatos de los l\u00edderes sociales.<\/p>\n<\/p>\n<p>\u00abLos principales verdugos de los l\u00edderes sociales\u00bb son los rebeldes del Ej\u00e9rcito de Liberaci\u00f3n Nacional (ELN), bandas criminales como el Clan del Golfo, Los Caparros, Los Pelusos, Los Puntilleros y Los Pachenca.<\/p>\n<\/p>\n<p>\u00abA todos los colombianos nos duele cuando se pierde una vida en nuestro pa\u00eds, cuando se acalla una voz, cuando se apaga una ilusi\u00f3n producto de la violencia\u00bb, dijo el jefe de Estado.<\/p>\n<\/p>\n<p>En la capital colombiana unas 15.000 personas marcharon por el centro de la ciudad y llegaron a la hist\u00f3rica Plaza de Bol\u00edvar, donde expresaron su apoyo a los l\u00edderes sociales.<\/p>\n<\/p>\n<p>La estatal Defensor\u00eda del Pueblo se\u00f1al\u00f3 que desde el 2016 hasta enero pasado se reportaron 462 l\u00edderes sociales asesinados en Colombia.<\/p>\n<h6> 2019-07-27 21:05:57 <\/h6>\n<p><!--\n<link rel=\"stylesheet\" href=\"css\/bootstrap.min.css\">\n\n\n<ul class=\"pagination\">\n\t    \n\t\n\n<li >\n\t<a href='?page_no=1257'>Previous<\/a>\n\t<\/li>\n\n\n       \n    \n\n<li><a href='?page_no=1'>1<\/a><\/li>\n\n\n\n<li><a href='?page_no=2'>2<\/a><\/li>\n\n\n\n<li><a>...<\/a><\/li>\n\n\n\n<li><a href='?page_no=1256'>1256<\/a><\/li>\n\n\n\n<li><a href='?page_no=1257'>1257<\/a><\/li>\n\n\n\n<li class='active'><a>1258<\/a><\/li>\n\n\n\n<li><a href='?page_no=1259'>1259<\/a><\/li>\n\n\n\n<li><a href='?page_no=1260'>1260<\/a><\/li>\n\n\n\n<li><a>...<\/a><\/li>\n\n\n\n<li><a href='?page_no=1549'>1549<\/a><\/li>\n\n\n\n<li><a href='?page_no=1550'>1550<\/a><\/li>\n\n    \n\t\n\n<li >\n\t<a href='?page_no=1259'>Next<\/a>\n\t<\/li>\n\n\n    \n\n<li><a href='?page_no=1550'>Last &rsaquo;&rsaquo;<\/a><\/li>\n\n<\/ul>\n\n\n--><br \/>\n<\/body><\/p>\n","protected":false},"excerpt":{"rendered":"<p>Personas participan en una manifestaci\u00f3n en demanda de acciones para detener la desaparici\u00f3n de l\u00edderes sociales, en la ciudad de Bogot\u00e1, capital de Colombia, el 26 de julio de 2019. (Xinhua\/Jhon Paz) BOGOT\u00c1, 26 jul (Xinhua) &#8212; Unas cien mil personas marcharon hoy por las principales ciudades de Colombia, donde los congresistas opositores e independientes [&hellip;]<\/p>\n","protected":false},"author":3,"featured_media":0,"comment_status":"open","ping_status":"open","sticky":false,"template":"","format":"standard","meta":{"footnotes":""},"categories":[19],"tags":[],"class_list":["post-32372","post","type-post","status-publish","format-standard","hentry","category-mi-voz"],"_links":{"self":[{"href":"https:\/\/diariodominicano.com\/index.php?rest_route=\/wp\/v2\/posts\/32372","targetHints":{"allow":["GET"]}}],"collection":[{"href":"https:\/\/diariodominicano.com\/index.php?rest_route=\/wp\/v2\/posts"}],"about":[{"href":"https:\/\/diariodominicano.com\/index.php?rest_route=\/wp\/v2\/types\/post"}],"author":[{"embeddable":true,"href":"https:\/\/diariodominicano.com\/index.php?rest_route=\/wp\/v2\/users\/3"}],"replies":[{"embeddable":true,"href":"https:\/\/diariodominicano.com\/index.php?rest_route=%2Fwp%2Fv2%2Fcomments&post=32372"}],"version-history":[{"count":0,"href":"https:\/\/diariodominicano.com\/index.php?rest_route=\/wp\/v2\/posts\/32372\/revisions"}],"wp:attachment":[{"href":"https:\/\/diariodominicano.com\/index.php?rest_route=%2Fwp%2Fv2%2Fmedia&parent=32372"}],"wp:term":[{"taxonomy":"category","embeddable":true,"href":"https:\/\/diariodominicano.com\/index.php?rest_route=%2Fwp%2Fv2%2Fcategories&post=32372"},{"taxonomy":"post_tag","embeddable":true,"href":"https:\/\/diariodominicano.com\/index.php?rest_route=%2Fwp%2Fv2%2Ftags&post=32372"}],"curies":[{"name":"wp","href":"https:\/\/api.w.org\/{rel}","templated":true}]}}