{"id":32371,"date":"2019-07-28T11:54:55","date_gmt":"2019-07-28T11:54:55","guid":{"rendered":"http:\/\/diariodominicano.ddns.net\/?p=32371"},"modified":"2019-07-28T11:54:55","modified_gmt":"2019-07-28T11:54:55","slug":"cuba-recupera-la-majestuosa-estatua-de-la-republica","status":"publish","type":"post","link":"https:\/\/diariodominicano.com\/?p=32371","title":{"rendered":"Cuba recupera la majestuosa Estatua de la Rep\u00fablica"},"content":{"rendered":"<p><body><\/p>\n<p><img decoding=\"async\" src=\"img3\/138263675_1564301615943_title0h.jpg\" \/><br \/><img decoding=\"async\" src=\"img3\/138263675_15643016101441n.jpg\" \/><br \/><img decoding=\"async\" src=\"http:\/\/10.0.0.82:8080\/img3\/138263675_15643016101751n.jp\" \/>  <\/p>\n<p><strong>Por Ra\u00fal Menchaca<\/strong><\/p>\n<p><strong> <\/strong><\/p>\n<p><strong> <\/strong><\/p>\n<p><strong> <\/strong><\/p>\n<p><strong>CUBA-HABANA-ESTATUA DE LA REPUBLICA<\/strong><\/p>\n<p><strong> <\/strong><\/p>\n<p><strong>Imagen del 15 de julio de 2019, de una vista de la Estatua de la Rep\u00fablica, el vest\u00edbulo del Capitolio de La Habana, Cuba. Cuba recuper\u00f3 la Estatua de la Rep\u00fablica, una gigantesca escultura enchapada en oro, reinaugurada esta semana por el ex presidente cubano Ra\u00fal Castro y el ministro de Asuntos Exteriores ruso, Sergey Lavrov. (Xinhua\/Joaqu\u00edn Hern\u00e1ndez)<\/strong><\/p>\n<\/p>\n<p><strong>LA HABANA, 27 jul (Xinhua) &#8212;<\/strong> Cuba recuper\u00f3 la Estatua de la Rep\u00fablica, una gigantesca escultura enchapada en oro, reinaugurada esta semana por el ex presidente cubano Ra\u00fal Castro y el ministro de Asuntos Exteriores ruso, Sergey Lavrov.<\/p>\n<\/p>\n<p>Noventa a\u00f1os despu\u00e9s de ser colocada en el Capitolio de La Habana, un majestuoso edificio construido entre 1926 y 1929, la estatua de unos 18 metros de altura est\u00e1 colocada en el vest\u00edbulo del inmueble, sede oficial de la Asamblea Nacional del Poder Popular (parlamento unicameral) del pa\u00eds caribe\u00f1o.<\/p>\n<\/p>\n<p>Especialistas rusos, ocho mujeres y 14 hombres, se encargaron durante ocho meses de la restauraci\u00f3n de la obra, que fue recubierta con finas l\u00e1minas de oro de 24 quilates, elaborados con varios kilogramos de ese metal precioso donados por el gobierno del presidente ruso, Vladimir Putin.<\/p>\n<\/p>\n<p>\u00abAhora s\u00ed que est\u00e1 hermosa\u00bb, dijo a Xinhua Lidia Fadragas, una mujer de l\u00facidos 98 a\u00f1os que recuerda \u00abcomo si fuera hoy\u00bb el d\u00eda que inauguraron el Capitolio cuando ella ten\u00eda ocho a\u00f1os de edad.<\/p>\n<\/p>\n<p>El enchapado de la escultura estuvo a cargo de la empresa rusa CMC Development, que se encarga adem\u00e1s de revestir de oro la c\u00fapula del Capitolio, un trabajo en fase de terminaci\u00f3n, como parte de los festejos por el aniversario 500 de La Habana, que se celebrar\u00e1 en noviembre pr\u00f3ximo.<\/p>\n<\/p>\n<p>Los trabajos incluyeron la limpieza qu\u00edmica y mec\u00e1nica, la reparaci\u00f3n de fisuras y el laminado con oro, una labor que el historiador de La Habana, Eusebio Leal, reconoci\u00f3 como \u00abmuy seria\u00bb.<\/p>\n<\/p>\n<p>Colocada justo debajo de la c\u00fapula, en el centro del Sal\u00f3n de los Pasos Perdidos, la imponente figura es obra del escultor italiano Angelo Zanelli (1879-1942) y se alza, con casi 50 toneladas de peso, sobre un pedestal de 2,50 metros de m\u00e1rmol antiguo tra\u00eddo desde Egipto.<\/p>\n<\/p>\n<p>Para el historiador, la estatua, que representa la virtud tutelar del pueblo cubano, constituye \u00abel s\u00edmbolo de la Patria invicta y luchadora\u00bb, y es expresi\u00f3n de \u00abla voluntad continuada del pueblo cubano, que inici\u00f3 sus luchas en 1868\u00bb.<\/p>\n<\/p>\n<p>Para los visitantes cubanos y extranjeros, resulta ineludible pararse a los pies de la escultura, donde se marca el kil\u00f3metro cero de las carreteras cubanas con la r\u00e9plica de un diamante perteneciente al \u00faltimo zar ruso, Nicol\u00e1s II, cuyo original est\u00e1 en las b\u00f3vedas del Banco Central de Cuba, tras un sonado robo en 1946.<\/p>\n<\/p>\n<p>\u00abHe llevado a mis hijos a visitar el Capitolio y siempre nos detenemos ante la Estatua de la Rep\u00fablica, porque es algo admirable\u00bb, afirma Irma Echeverr\u00eda, empleada de una empresa estatal de comercio.<\/p>\n<\/p>\n<p>La mujer, de unos 50 a\u00f1os, comenta que tras ver en televisi\u00f3n \u00abla magn\u00edfica restauraci\u00f3n\u00bb tiene planificado volver con sus hijos \u00abpara que comparen y vean lo linda que qued\u00f3\u00bb.<\/p>\n<\/p>\n<p>De acuerdo con historiadores cubanos, Zanelli se inspir\u00f3 en la diosa griega Atenea y model\u00f3 la estatua representando a una mujer erguida, que viste una t\u00fanica y lleva un casco, con un escudo en su mano izquierda y una lanza en la derecha.<\/p>\n<\/p>\n<p>En busca de representar a una t\u00edpica mujer cubana, el escultor utiliz\u00f3 como modelos a dos habaneras, la joven y bella mulata Lily Valty, de quien tom\u00f3 el escultural cuerpo, y Elena de C\u00e1rdenas y Echarte, de quien copi\u00f3 el rostro.<\/p>\n<\/p>\n<p>Construida en bronce y con un enchape original de oro de 22 quilates, la monumental estatua fue fundida en talleres de Roma, Italia, y trasladada a Cuba en tres piezas, que despu\u00e9s fueron ensambladas en el mismo Capitolio habanero.<\/p>\n<\/p>\n<p>En la actualidad, es considerada como la tercera mayor estatua bajo techo, solo superada por el Buda de Oro de Jap\u00f3n, y el Memorial Abraham Lincoln en Estados Unidos.<\/p>\n<\/p>\n<p>CUBA-HABANA-ESTATUA DE LA REPUBLICA<\/p>\n<\/p>\n<p>Imagen del 15 de julio de 2019, de una vista de la Estatua de la Rep\u00fablica, el vest\u00edbulo del Capitolio de La Habana, Cuba. Cuba recuper\u00f3 la Estatua de la Rep\u00fablica, una gigantesca escultura enchapada en oro, reinaugurada esta semana por el ex presidente cubano Ra\u00fal Castro y el ministro de Asuntos Exteriores ruso, Sergey Lavrov. (Xinhua\/Joaqu\u00edn Hern\u00e1ndez)<\/p>\n<\/p>\n<p>CUBA-HABANA-ESTATUA DE LA REPUBLICA<\/p>\n<\/p>\n<p>Imagen del 10 de abril de 2018, de una vista de la sala del Parlamento, en el Capitolio de La Habana, Cuba. Cuba recuper\u00f3 la Estatua de la Rep\u00fablica, una gigantesca escultura enchapada en oro, reinaugurada esta semana por el ex presidente cubano Ra\u00fal Castro y el ministro de Asuntos Exteriores ruso, Sergey Lavrov. (Xinhua\/Joaqu\u00edn Hern\u00e1ndez)<\/p>\n<\/p>\n<h6> 2019-07-28 11:54:55 <\/h6>\n<p><!--\n<link rel=\"stylesheet\" href=\"css\/bootstrap.min.css\">\n\n\n<ul class=\"pagination\">\n\t    \n\t\n\n<li >\n\t<a href='?page_no=1256'>Previous<\/a>\n\t<\/li>\n\n\n       \n    \n\n<li><a href='?page_no=1'>1<\/a><\/li>\n\n\n\n<li><a href='?page_no=2'>2<\/a><\/li>\n\n\n\n<li><a>...<\/a><\/li>\n\n\n\n<li><a href='?page_no=1255'>1255<\/a><\/li>\n\n\n\n<li><a href='?page_no=1256'>1256<\/a><\/li>\n\n\n\n<li class='active'><a>1257<\/a><\/li>\n\n\n\n<li><a href='?page_no=1258'>1258<\/a><\/li>\n\n\n\n<li><a href='?page_no=1259'>1259<\/a><\/li>\n\n\n\n<li><a>...<\/a><\/li>\n\n\n\n<li><a href='?page_no=1549'>1549<\/a><\/li>\n\n\n\n<li><a href='?page_no=1550'>1550<\/a><\/li>\n\n    \n\t\n\n<li >\n\t<a href='?page_no=1258'>Next<\/a>\n\t<\/li>\n\n\n    \n\n<li><a href='?page_no=1550'>Last &rsaquo;&rsaquo;<\/a><\/li>\n\n<\/ul>\n\n\n--><br \/>\n<\/body><\/p>\n","protected":false},"excerpt":{"rendered":"<p>Por Ra\u00fal Menchaca CUBA-HABANA-ESTATUA DE LA REPUBLICA Imagen del 15 de julio de 2019, de una vista de la Estatua de la Rep\u00fablica, el vest\u00edbulo del Capitolio de La Habana, Cuba. Cuba recuper\u00f3 la Estatua de la Rep\u00fablica, una gigantesca escultura enchapada en oro, reinaugurada esta semana por el ex presidente cubano Ra\u00fal Castro y [&hellip;]<\/p>\n","protected":false},"author":3,"featured_media":0,"comment_status":"open","ping_status":"open","sticky":false,"template":"","format":"standard","meta":{"footnotes":""},"categories":[19],"tags":[],"class_list":["post-32371","post","type-post","status-publish","format-standard","hentry","category-mi-voz"],"_links":{"self":[{"href":"https:\/\/diariodominicano.com\/index.php?rest_route=\/wp\/v2\/posts\/32371","targetHints":{"allow":["GET"]}}],"collection":[{"href":"https:\/\/diariodominicano.com\/index.php?rest_route=\/wp\/v2\/posts"}],"about":[{"href":"https:\/\/diariodominicano.com\/index.php?rest_route=\/wp\/v2\/types\/post"}],"author":[{"embeddable":true,"href":"https:\/\/diariodominicano.com\/index.php?rest_route=\/wp\/v2\/users\/3"}],"replies":[{"embeddable":true,"href":"https:\/\/diariodominicano.com\/index.php?rest_route=%2Fwp%2Fv2%2Fcomments&post=32371"}],"version-history":[{"count":0,"href":"https:\/\/diariodominicano.com\/index.php?rest_route=\/wp\/v2\/posts\/32371\/revisions"}],"wp:attachment":[{"href":"https:\/\/diariodominicano.com\/index.php?rest_route=%2Fwp%2Fv2%2Fmedia&parent=32371"}],"wp:term":[{"taxonomy":"category","embeddable":true,"href":"https:\/\/diariodominicano.com\/index.php?rest_route=%2Fwp%2Fv2%2Fcategories&post=32371"},{"taxonomy":"post_tag","embeddable":true,"href":"https:\/\/diariodominicano.com\/index.php?rest_route=%2Fwp%2Fv2%2Ftags&post=32371"}],"curies":[{"name":"wp","href":"https:\/\/api.w.org\/{rel}","templated":true}]}}