{"id":32370,"date":"2019-07-28T15:49:05","date_gmt":"2019-07-28T15:49:05","guid":{"rendered":"http:\/\/diariodominicano.ddns.net\/?p=32370"},"modified":"2019-07-28T15:49:05","modified_gmt":"2019-07-28T15:49:05","slug":"la-propuesta-de-habilitar-a-medina","status":"publish","type":"post","link":"https:\/\/diariodominicano.com\/?p=32370","title":{"rendered":"LA PROPUESTA DE HABILITAR A MEDINA"},"content":{"rendered":"<p><body><\/p>\n<p><img decoding=\"async\" src=\"img3\/luis00.jpg\" \/>  <\/p>\n<p><strong> <\/strong><\/p>\n<p><strong>Luis Mayobanex Rodriguez<\/strong><\/p>\n<p><strong>Coordinador en el exterior Partido Alianza Pa\u00eds<\/strong><\/p>\n<p><strong> <\/strong><\/p>\n<p><strong>New york.-<\/strong> Pretender habilitar a Danilo Medina para que pueda optar por la presidencia de la Rep\u00fablica bajo el presupuesto de que esto agudizar\u00e1 el conflicto interno del PLD, me parece una pobre idea que donde s\u00ed agudizar\u00e1 el desencuentro y la desconfianza es en el partido del que es l\u00edder o co-l\u00edder el ex presidente Hip\u00f3lito Mej\u00eda.<\/p>\n<\/p>\n<p>Con su propuesta, el ex presidente da por un hecho que \u00e9l no ser\u00e1 presidente del pa\u00eds en el 2020 y su apuesta a un mayor nivel de confrontaci\u00f3n entre Danilo y Leonel para el 2024, lo que constituye una admisi\u00f3n, de su parte,  que Leonel Fern\u00e1ndez ganar\u00e1 en las elecciones de mayo y ser\u00e1 presidente a partir del 16 de agosto del 2020.<\/p>\n<\/p>\n<p>Descarta, al mismo tiempo, la candidatura de Luis Abinader, con la agravante de que si ocurriera lo contrario a su estrategia y su oponente interno ganara las primarias de su partido y las presidenciales del 20, ya Hip\u00f3lito contribuy\u00f3 a habilitar un candidato (DM) para el 24, con muchos recursos y poder, que ser\u00eda el principal oponente, u otro de su facci\u00f3n, a la reelecci\u00f3n del candidato de su propio partido.<\/p>\n<\/p>\n<p>Depender en la lucha por el poder pol\u00edtico de una naci\u00f3n a lo que pueda suceder en el factor partidario dominante dentro del campo enemigo, es semejante a ir a una guerra dependiendo de las armas y dem\u00e1s recursos militares de su propio enemigo.<\/p>\n<\/p>\n<p>La din\u00e1mica que han seguido en las \u00faltimas semanas las dos facciones m\u00e1s importantes dentro del PRM, sea concertar con tal o cual facci\u00f3n del pelede\u00edsmo para combatir uno a Medina y el otro a Fern\u00e1ndez, nos presenta a un partido opositor con una brumosa visi\u00f3n tanto en los \u00e1mbitos de la t\u00e1ctica como de la estrategia.<\/p>\n<\/p>\n<p>Por dem\u00e1s, este err\u00e1tico proceder debilita su vida institucional y pone en tela de duda su propia condici\u00f3n de Partido, suministrando as\u00ed municiones para quienes, sobre todo desde el campo del peled\u00e9, indican que en su ADN el PRM arrastra la condici\u00f3n de federaci\u00f3n de grupos que caracteriz\u00f3 al PRD.<\/p>\n<\/p>\n<p>Nada de esto sirve al anhelo sincero de millares de perreme\u00edstas que aspiran a un partido unificado, respetuoso de sus propias leyes internas, sus pol\u00edticas y que sea, a la vez, un partido combativo.<\/p>\n<\/p>\n<p>Lo hasta aqu\u00ed comentado y todo lo ocurrido alrededor de la pugna que gener\u00f3 los aprestos oficialistas por modificar la Constituci\u00f3n, nos dice que estamos en un momento propicio para articular \u00abuna aguerrida oposici\u00f3n democr\u00e1tica, ciudadana, popular y alternativa\u00bb que levantando una propuesta pol\u00edtico electoral de \u00abcambio radical y &#8230;ruptura con el modelo corrupto y de privilegios\u00bb que ha encarnado el PLD, sea al mismo tiempo un factor de primer orden en la lucha por sacar al oficialismo del control del Estado.<\/p>\n<p>Ahora es.<\/p>\n<h6> 2019-07-28 15:49:05 <\/h6>\n<p><!--\n<link rel=\"stylesheet\" href=\"css\/bootstrap.min.css\">\n\n\n<ul class=\"pagination\">\n\t    \n\t\n\n<li >\n\t<a href='?page_no=1255'>Previous<\/a>\n\t<\/li>\n\n\n       \n    \n\n<li><a href='?page_no=1'>1<\/a><\/li>\n\n\n\n<li><a href='?page_no=2'>2<\/a><\/li>\n\n\n\n<li><a>...<\/a><\/li>\n\n\n\n<li><a href='?page_no=1254'>1254<\/a><\/li>\n\n\n\n<li><a href='?page_no=1255'>1255<\/a><\/li>\n\n\n\n<li class='active'><a>1256<\/a><\/li>\n\n\n\n<li><a href='?page_no=1257'>1257<\/a><\/li>\n\n\n\n<li><a href='?page_no=1258'>1258<\/a><\/li>\n\n\n\n<li><a>...<\/a><\/li>\n\n\n\n<li><a href='?page_no=1549'>1549<\/a><\/li>\n\n\n\n<li><a href='?page_no=1550'>1550<\/a><\/li>\n\n    \n\t\n\n<li >\n\t<a href='?page_no=1257'>Next<\/a>\n\t<\/li>\n\n\n    \n\n<li><a href='?page_no=1550'>Last &rsaquo;&rsaquo;<\/a><\/li>\n\n<\/ul>\n\n\n--><br \/>\n<\/body><\/p>\n","protected":false},"excerpt":{"rendered":"<p>Luis Mayobanex Rodriguez Coordinador en el exterior Partido Alianza Pa\u00eds New york.- Pretender habilitar a Danilo Medina para que pueda optar por la presidencia de la Rep\u00fablica bajo el presupuesto de que esto agudizar\u00e1 el conflicto interno del PLD, me parece una pobre idea que donde s\u00ed agudizar\u00e1 el desencuentro y la desconfianza es en [&hellip;]<\/p>\n","protected":false},"author":3,"featured_media":0,"comment_status":"open","ping_status":"open","sticky":false,"template":"","format":"standard","meta":{"footnotes":""},"categories":[19],"tags":[],"class_list":["post-32370","post","type-post","status-publish","format-standard","hentry","category-mi-voz"],"_links":{"self":[{"href":"https:\/\/diariodominicano.com\/index.php?rest_route=\/wp\/v2\/posts\/32370","targetHints":{"allow":["GET"]}}],"collection":[{"href":"https:\/\/diariodominicano.com\/index.php?rest_route=\/wp\/v2\/posts"}],"about":[{"href":"https:\/\/diariodominicano.com\/index.php?rest_route=\/wp\/v2\/types\/post"}],"author":[{"embeddable":true,"href":"https:\/\/diariodominicano.com\/index.php?rest_route=\/wp\/v2\/users\/3"}],"replies":[{"embeddable":true,"href":"https:\/\/diariodominicano.com\/index.php?rest_route=%2Fwp%2Fv2%2Fcomments&post=32370"}],"version-history":[{"count":0,"href":"https:\/\/diariodominicano.com\/index.php?rest_route=\/wp\/v2\/posts\/32370\/revisions"}],"wp:attachment":[{"href":"https:\/\/diariodominicano.com\/index.php?rest_route=%2Fwp%2Fv2%2Fmedia&parent=32370"}],"wp:term":[{"taxonomy":"category","embeddable":true,"href":"https:\/\/diariodominicano.com\/index.php?rest_route=%2Fwp%2Fv2%2Fcategories&post=32370"},{"taxonomy":"post_tag","embeddable":true,"href":"https:\/\/diariodominicano.com\/index.php?rest_route=%2Fwp%2Fv2%2Ftags&post=32370"}],"curies":[{"name":"wp","href":"https:\/\/api.w.org\/{rel}","templated":true}]}}