{"id":32369,"date":"2019-07-29T20:52:15","date_gmt":"2019-07-29T20:52:15","guid":{"rendered":"http:\/\/diariodominicano.ddns.net\/?p=32369"},"modified":"2019-07-29T20:52:15","modified_gmt":"2019-07-29T20:52:15","slug":"aristides-y-el-jazmin-de-malabar","status":"publish","type":"post","link":"https:\/\/diariodominicano.com\/?p=32369","title":{"rendered":"&#13;Ar\u00edstides y el jazm\u00edn de Malabar"},"content":{"rendered":"<p><body><\/p>\n<p><img decoding=\"async\" src=\"img3\/image001.jpg\" \/>  <\/p>\n<\/p>\n<p><strong>Juan Llado  <\/strong><\/p>\n<\/p>\n<\/p>\n<p>Con la lectura de algunos libros sobre Duarte, cuyo seud\u00f3nimo en la clandestina La Trinitaria era \u00abAr\u00edstides\u00bb, se descubren nuevas perspectivas sobre su vida. En su obra \u00abEl pensamiento y la acci\u00f3n en la vida de Juan Pablo Duarte\u00bb (2013) Carlos F. Perez y Perez (CFPP) nos regala una rica historiograf\u00eda signada tanto por la fina prosa que la engalana como por los datos que aporta. El habr\u00e1 tomado alguna licencia en su interpretaci\u00f3n de ciertos hechos, pero al final dibuja una figura de Duarte que compagina fielmente con el rol de Padre de la Patria que le hemos conferido.<\/p>\n<\/p>\n<p>En esta ocasi\u00f3n, sin embargo, inspira rastrear, a trav\u00e9s del libro de CFPP y sin que esta sea su faceta cumbre, la historia militar de Duarte. Su catadura de l\u00edder queda enteramente retratada con la sucesi\u00f3n de rangos militares que le fueron conferidos u ofrecidos, algunos por sus compa\u00f1eros de armas y otros por los gobiernos o sus representantes. Si a esa cuenta le a\u00f1adimos las veces en que se le ofreci\u00f3 la gloria pol\u00edtica de cimeras posiciones del Estado concluiremos que el patricio no solo inspir\u00f3 la haza\u00f1a nacionalista, sino que siempre se comport\u00f3 a la altura del insigne estadista que nunca ocupo la presidencia de la rep\u00fablica.<\/p>\n<\/p>\n<p>De su trayectoria militar se conoce que a su regreso de Europa, imbuido del ideal patrio, Duarte tuvo conciencia de que sus planes independentistas requerir\u00edan el dominio del arte militar por su parte y el de sus consorcios. En ese tenor, el prol\u00edfico historiador Emilio Rodr\u00edguez Demorizi escribi\u00f3: \u00abEn la biblioteca de Duarte se encontraron libros militares, traducciones fragmentarias, de su pu\u00f1o y letra, que tambi\u00e9n evidencian que \u00e9l estudiaba y ense\u00f1aba manejo de armas\u00bb. \u00abDuarte inculc\u00f3 en sus compa\u00f1eros de lucha la necesidad de un estudio profundo de las ciencias militares, de manera especial las materias b\u00e1sicas, como son t\u00e1ctica, topograf\u00eda, esgrima y tiro\u00bb.<\/p>\n<\/p>\n<p>En 1834 Duarte se engancha a los 21 a\u00f1os en la Guardia Nacional Haitiana como \u00abcabo furiel\u00bb. A\u00f1os despu\u00e9s fundaba La Trinitaria (1838) y los miembros de la organizaci\u00f3n clandestina lo invistieron con el rango interino de General de los Ej\u00e9rcitos de la Republica Dominicana y Director General de la Revoluci\u00f3n (pag.112 de CFPP). Mientras, en la milicia fue elegido en 1842 por sus compa\u00f1eros de armas para ostentar el rango de capit\u00e1n. Posteriormente, en 1843, las huestes reformistas antiboyeristas lo eligen Coronel Comandante (p\u00e1g. 95 de CFPP) y jefe de la Guardia Nacional, un cuerpo militar dirigido por los haitianos pero compuesto mayormente por dominicanos.<\/p>\n<\/p>\n<\/p>\n<p><strong>Jazmin de Malabar<\/strong><\/p>\n<\/p>\n<\/p>\n<p>Pero fue al regreso de su primer exilio, en marzo del 1844, cuando el pueblo y el Ejercito lo nombran General en Jefe de los Ej\u00e9rcitos de la Republica (p\u00e1g. 174 de CFPP). Declin\u00f3 ese rango al exhortar a sus conciudadanos a subordinarse a la Junta Central Gubernativa, la cual lo nombr\u00f3 entonces General de Brigada y comandante de la plaza de Santo Domingo (pag.174 de CFPP). Pero la guarnici\u00f3n de la plaza solicit\u00f3 a la Junta que lo nombraran General de Divisi\u00f3n y Comandante en Jefe del Ej\u00e9rcito (pag.195 de CFPP). Fue con este rango que procedi\u00f3 a Bani a respaldar a Pedro Santana en su confrontaci\u00f3n con los soldados haitianos que ocupaban Azua, aunque al Santana declinar su oferta debi\u00f3 regresar a Santo Domingo sin haber luchado.<\/p>\n<\/p>\n<p>Naturalmente, se podr\u00eda afirmar que el rango m\u00e1s alto que logr\u00f3 Duarte fue cuando en el Cibao lo proclamaron presidente de la rep\u00fablica en julio 1844. Pero el declin\u00f3 ese honor y nunca ejerci\u00f3 como comandante en jefe de las fuerzas armadas. La \u00faltima oportunidad de ostentar un alto rango militar fue cuando el c\u00f3nsul espa\u00f1ol en Caracas le ofreci\u00f3 nombrarlo Capit\u00e1n General de Santo Domingo si apoyaba la anexi\u00f3n a Espa\u00f1a, lo cual fue rechazado con firmeza. Cuando Duarte ya estaba en su segundo exilio en Venezuela, los presidentes Ignacio Maria Gonzalez y Ulises Francisco Espaillat lo invitaron a regresar al pa\u00eds, pero no le ofrecieron ning\u00fan cargo ni militar ni civil. Tal vez desencantado por las luchas pol\u00edticas que se libraban en ese entonces y porque desestimaron su oferta de servicio, Duarte prefiri\u00f3 quedarse en Caracas hasta su muerte en 1876.<\/p>\n<\/p>\n<p>A pesar de las varias investiduras militares que tuvo, Duarte solo particip\u00f3 en una escaramuza marginal en 1843. \u00abDespu\u00e9s de la ca\u00edda de Boyer en Hait\u00ed, se dirige a tomar el palacio de Gobierno sito frente a la plaza de armas, comandando haitianos y dominicanos, siendo ya capit\u00e1n de la Guardia Nacional. Son tiroteados, hay muertos y heridos, y Duarte tiene que refugiarse en casa de un t\u00edo, pero como ya hemos dicho, nunca se da por vencido, hay constancia en su labor, salt\u00f3 la muralla que rodeaba la ciudad y se dirigi\u00f3 a San Crist\u00f3bal, donde convence al coronel Roca y tambi\u00e9n al comandante haitiano para que movilizaran las tropas y vinieran junto con \u00e9l y, todos juntos, ocupar el gobierno de la ciudad. Ya en el poder, las nuevas autoridades haitianas ven a Duarte como un aliado\u00bb hasta que descubrieron sus verdaderas intenciones.<\/p>\n<\/p>\n<p>Despu\u00e9s de ese episodio Duarte no particip\u00f3 en ninguna otra operaci\u00f3n militar. Por eso algunos piensan que Sanchez, habiendo enhestado la bandera dominicana en la Puerta del Conde la noche del 27 de febrero y combatido contra los espa\u00f1oles en la Guerra de la Restauraci\u00f3n, es m\u00e1s meritorio que Duarte. Pero ese alegato debe ser rechazado en vista de que fueron las circunstancias las que no permitieron a Duarte confrontar esos retos y no alguna pusilanimidad.  Tampoco titube\u00f3 en ofrendar los bienes familiares para apuntalar la lucha independentista.<\/p>\n<\/p>\n<p>Son memorables las ofertas de sus servicios para combatir a los haitianos en marzo de 1844 y a los espa\u00f1oles en 1864, cuando regres\u00f3 al pa\u00eds a ponerse a las \u00f3rdenes del movimiento de la restauraci\u00f3n. Ambas ofertas fueron rechazadas. Pero ya el valor personal del patricio hab\u00eda sido probado durante los a\u00f1os de aciaga clandestinidad de La Trinitaria, la escaramuzas que siguieron a la toma de la ciudad de Santo Domingo por los reformistas haitianos y las tres semanas de clandestinidad y persecuci\u00f3n que sufri\u00f3 despu\u00e9s que el presidente Herard ordenara su detenci\u00f3n. Nunca necesit\u00f3 de un rango ni ninguna investidura militar para demostrar su coraje.<\/p>\n<\/p>\n<p>En reconocimiento p\u00f3stumo a sus m\u00e9ritos, el Presidente Joaquin Balaguer ascendi\u00f3 \u00abal General de Brigada Juan Pablo Duarte al rango de General del Ej\u00e9rcito Nacional\u00bb mediante el Decreto No.32-94, haci\u00e9ndole merecedor de los honores que le confiere ese grado. Pero a pesar de que el Museo de Cera Juan Pablo Duarte contiene una imagen del pr\u00f3cer en vestimenta militar, cualquier historiador dar\u00e1 testimonio de que fue m\u00e1s un estadista que un guerrero militar, siempre intentando remontar la empinada y rom\u00e1ntica asta del ideal.<\/p>\n<\/p>\n<p>\u00abLos estudios que se han hecho hasta el presente no han demostrado que Duarte como pol\u00edtico o como militar fuera una cosa extraordinaria, pero los que se hagan de este como sujeto moral pondr\u00e1n en evidencia que en este sentido era extraordinario, inigualable, porque es muy dif\u00edcil que pueda haber un pol\u00edtico o un militar dominicano que pueda ser moralmente igual o mejor que \u00e9l.\u00bb (Pat\u00edn Veloz, E., Duarte y la Historia, Instituto Duartiano, 2013) En uno de sus mejores ensayos sobre Duarte, \u00abHero\u00edsmo e Identidad\u00bb (2002), Mariano Lebr\u00f3n Savi\u00f1\u00f3n nos dice: \u00abDuarte no fue un gran poeta.\u00bb \u00abHay, sin embargo, muchas cosas admirables en su cultura y en su formaci\u00f3n personal. Tocaba guitarra y piano, era buen matem\u00e1tico, pol\u00edtico sagaz y estratega y en Hamburgo atesor\u00f3 un culto especial por la historia.\u00bb \u00abSu cultura era de hundida ra\u00edz human\u00edstica. Pero, sobre todo, era un verdadero rom\u00e1ntico.\u00bb  El humanista italiano Salvatore Loi englob\u00f3 todo eso llam\u00e1ndole \u00abCavaliere Dell?humanita\u00bb.<\/p>\n<\/p>\n<p>Duarte nunca ocup\u00f3 la primera magistratura del estado y, en consecuencia, los reconocimientos a su obra nunca ser\u00e1n suficientes. De ah\u00ed que el entorno de sus estatuas deba siempre ser decorado con el jazm\u00edn de Malabar, la perfumada especie de gardenia que importo Filomena Gomez de Cova desde Caracas y que era usada en la cabellera de las mujeres partidarias de los trinitarios. Cual s\u00edmbolo independentista, el mismo Duarte le cant\u00f3 en verso: Es cual rosa de monta\u00f1a\/ de Quisqueya flor sencilla\/ que da vida y no mancilla\/ ni tolera flor extra\u00f1a. | 29 de julio de 2019 | Acento.com.do<\/p>\n<\/p>\n<h6> 2019-07-29 20:52:15 <\/h6>\n<p><!--\n<link rel=\"stylesheet\" href=\"css\/bootstrap.min.css\">\n\n\n<ul class=\"pagination\">\n\t    \n\t\n\n<li >\n\t<a href='?page_no=1254'>Previous<\/a>\n\t<\/li>\n\n\n       \n    \n\n<li><a href='?page_no=1'>1<\/a><\/li>\n\n\n\n<li><a href='?page_no=2'>2<\/a><\/li>\n\n\n\n<li><a>...<\/a><\/li>\n\n\n\n<li><a href='?page_no=1253'>1253<\/a><\/li>\n\n\n\n<li><a href='?page_no=1254'>1254<\/a><\/li>\n\n\n\n<li class='active'><a>1255<\/a><\/li>\n\n\n\n<li><a href='?page_no=1256'>1256<\/a><\/li>\n\n\n\n<li><a href='?page_no=1257'>1257<\/a><\/li>\n\n\n\n<li><a>...<\/a><\/li>\n\n\n\n<li><a href='?page_no=1549'>1549<\/a><\/li>\n\n\n\n<li><a href='?page_no=1550'>1550<\/a><\/li>\n\n    \n\t\n\n<li >\n\t<a href='?page_no=1256'>Next<\/a>\n\t<\/li>\n\n\n    \n\n<li><a href='?page_no=1550'>Last &rsaquo;&rsaquo;<\/a><\/li>\n\n<\/ul>\n\n\n--><br \/>\n<\/body><\/p>\n","protected":false},"excerpt":{"rendered":"<p>Juan Llado Con la lectura de algunos libros sobre Duarte, cuyo seud\u00f3nimo en la clandestina La Trinitaria era \u00abAr\u00edstides\u00bb, se descubren nuevas perspectivas sobre su vida. En su obra \u00abEl pensamiento y la acci\u00f3n en la vida de Juan Pablo Duarte\u00bb (2013) Carlos F. Perez y Perez (CFPP) nos regala una rica historiograf\u00eda signada tanto [&hellip;]<\/p>\n","protected":false},"author":3,"featured_media":0,"comment_status":"open","ping_status":"open","sticky":false,"template":"","format":"standard","meta":{"footnotes":""},"categories":[19],"tags":[],"class_list":["post-32369","post","type-post","status-publish","format-standard","hentry","category-mi-voz"],"_links":{"self":[{"href":"https:\/\/diariodominicano.com\/index.php?rest_route=\/wp\/v2\/posts\/32369","targetHints":{"allow":["GET"]}}],"collection":[{"href":"https:\/\/diariodominicano.com\/index.php?rest_route=\/wp\/v2\/posts"}],"about":[{"href":"https:\/\/diariodominicano.com\/index.php?rest_route=\/wp\/v2\/types\/post"}],"author":[{"embeddable":true,"href":"https:\/\/diariodominicano.com\/index.php?rest_route=\/wp\/v2\/users\/3"}],"replies":[{"embeddable":true,"href":"https:\/\/diariodominicano.com\/index.php?rest_route=%2Fwp%2Fv2%2Fcomments&post=32369"}],"version-history":[{"count":0,"href":"https:\/\/diariodominicano.com\/index.php?rest_route=\/wp\/v2\/posts\/32369\/revisions"}],"wp:attachment":[{"href":"https:\/\/diariodominicano.com\/index.php?rest_route=%2Fwp%2Fv2%2Fmedia&parent=32369"}],"wp:term":[{"taxonomy":"category","embeddable":true,"href":"https:\/\/diariodominicano.com\/index.php?rest_route=%2Fwp%2Fv2%2Fcategories&post=32369"},{"taxonomy":"post_tag","embeddable":true,"href":"https:\/\/diariodominicano.com\/index.php?rest_route=%2Fwp%2Fv2%2Ftags&post=32369"}],"curies":[{"name":"wp","href":"https:\/\/api.w.org\/{rel}","templated":true}]}}