{"id":32368,"date":"2019-08-02T21:37:08","date_gmt":"2019-08-02T21:37:08","guid":{"rendered":"http:\/\/diariodominicano.ddns.net\/?p=32368"},"modified":"2019-08-02T21:37:08","modified_gmt":"2019-08-02T21:37:08","slug":"unificar-elecciones","status":"publish","type":"post","link":"https:\/\/diariodominicano.com\/?p=32368","title":{"rendered":"&#13;\u00bfUnificar elecciones?"},"content":{"rendered":"<p><body><\/p>\n<p><img decoding=\"async\" src=\"img3\/Danilo Cruz Pichardo02.jpg\" \/>  <\/p>\n<p><strong>Danilo Cruz Pichardo<\/strong><\/p>\n<p><strong>danilocruzpichardo@gmail.com<\/strong><\/p>\n<\/p>\n<p>          M\u00faltiples voces se han levantado, como si fuese una orquesta afinada y bien ensayada, para abogar por la unificaci\u00f3n de las elecciones municipales con las legislativas y presidenciales que deber\u00e1n celebrarse  en febrero y mayo del a\u00f1o entrante.<\/p>\n<p>          El pretexto se basa en que el Estado dominicano se ahorrar\u00eda miles de millones de pesos en el hipot\u00e9tico caso de que esos comicios se celebren el mismo d\u00eda. Todo lo que significa austeridad para el pa\u00eds es importante, porque as\u00ed ese dinero puede destinarse a equipamiento de hospitales, construcci\u00f3n de carreteras, caminos vecinales, acueductos y viviendas econ\u00f3micas para familias pobres, entre otras prioridades.<\/p>\n<p>          Lo que sorprende, sin embargo, es que la mayor\u00eda de los que agitan para esta unificaci\u00f3n eleccionaria no se han caracterizado nunca por procurar ahorro para el pa\u00eds. \u00a1Todo lo contrario!<\/p>\n<p>          En el fondo todos sabemos, adem\u00e1s, que ese no es el prop\u00f3sito fundamental. El supuesto ahorro econ\u00f3mico, con la unificaci\u00f3n de los procesos eleccionarios, es un simple pretexto para reformar la Constituci\u00f3n de la Rep\u00fablica y habilitar al presidente Danilo Medina para el certamen electoral del a\u00f1o 2024. <\/p>\n<p>           Naturalmente, dentro de esas reformas  incluir\u00edan la celebraci\u00f3n de ambos comicios el mismo d\u00eda, pero ese enorme c\u00famulo de sufragios es un obst\u00e1culo para la agilidad del conteo y, posiblemente, facilite el fraude electoral. Y no descarto que se repita el mismo tollo del 2016. Con el mismo tiro  estar\u00edan matando dos p\u00e1jaros a la vez. \u00a1Qu\u00e9 inteligentes son esos muchachos!<\/p>\n<p>          Si las bocinas gubernamentales procuran austeridad sencillamente que soliciten su exclusi\u00f3n de la n\u00f3mina p\u00fablica, renunciando al gasto innecesario, al derroche, al despilfarro y a la francachela en que han vivido en los 19 a\u00f1os de gobierno pelede\u00edsta.<\/p>\n<p>           Si los diputados danilistas, asimismo,  quieren austeridad que sometan un proyecto reduciendo sus sueldos, que eliminen el cofrecito, demanden  un Poder Legislativo unicameral y renuncien a todos los privilegios. Inclusive muchos de ellos, dado su reconocido poder econ\u00f3mico, pueden darse el lujo de trabajar de forma honor\u00edfica o donar sus salarios a entidades caritativas, tales como asilos de ancianos, guarder\u00edas infantiles o patronatos de enfermedades catastr\u00f3ficas.<\/p>\n<p>           Todo eso es un sue\u00f1o, no va a ocurrir nunca. Y pretenden convencer a la poblaci\u00f3n de la necesidad de una reforma constitucional que lo que hace es recrudecer los traumas recientes, porque la realidad es que la gente no quiere que se le trate ese tema en estos momentos.<\/p>\n<p>          Danilo Medina tiene tiempo de sobra para cabildear su regreso, pero todo indica que no quiere irse a su casa sin resolver ese problema (problema que no es ning\u00fan problema), como si se tratara de una situaci\u00f3n de vida a muerte para un hombre que, al terminar su mandato, habr\u00eda gobernado ocho a\u00f1os consecutivos.<\/p>\n<p>          Y todo el que disiente de una reforma en estos momentos lo perciben como un enemigo del gobierno, raz\u00f3n por la que destituyeron a Isidoro Santana, ministro de Econom\u00eda, Planificaci\u00f3n y Desarrollo, uno de los pocos funcionarios del gobierno que no ha sido mencionado en esc\u00e1ndalos de corrupci\u00f3n.<\/p>\n<p>           Pero todo dominicano que est\u00e9 en contra de esa reforma tiene derecho a expresarlo, pues la todav\u00eda vigente ley 6132 nos ampara. Tambi\u00e9n la actual Constituci\u00f3n, en su art\u00edculo 49, establece el derecho a expresi\u00f3n e informaci\u00f3n. La carta magna s\u00f3lo debe de reformarse  para beneficio de la poblaci\u00f3n, no para satisfacer ambiciones de nadie en particular.<\/p>\n<p>          Y cuando se reforme deber\u00eda de aprovecharse la ocasi\u00f3n para  poner un candado que diga: \u00abEsta Constituci\u00f3n no puede ser reformada en un tiempo menor de 20 a\u00f1os y s\u00f3lo mediante la v\u00eda del refer\u00e9ndum.\u00bb<\/p>\n<h6> 2019-08-02 21:37:08 <\/h6>\n<p><!--\n<link rel=\"stylesheet\" href=\"css\/bootstrap.min.css\">\n\n\n<ul class=\"pagination\">\n\t    \n\t\n\n<li >\n\t<a href='?page_no=1253'>Previous<\/a>\n\t<\/li>\n\n\n       \n    \n\n<li><a href='?page_no=1'>1<\/a><\/li>\n\n\n\n<li><a href='?page_no=2'>2<\/a><\/li>\n\n\n\n<li><a>...<\/a><\/li>\n\n\n\n<li><a href='?page_no=1252'>1252<\/a><\/li>\n\n\n\n<li><a href='?page_no=1253'>1253<\/a><\/li>\n\n\n\n<li class='active'><a>1254<\/a><\/li>\n\n\n\n<li><a href='?page_no=1255'>1255<\/a><\/li>\n\n\n\n<li><a href='?page_no=1256'>1256<\/a><\/li>\n\n\n\n<li><a>...<\/a><\/li>\n\n\n\n<li><a href='?page_no=1549'>1549<\/a><\/li>\n\n\n\n<li><a href='?page_no=1550'>1550<\/a><\/li>\n\n    \n\t\n\n<li >\n\t<a href='?page_no=1255'>Next<\/a>\n\t<\/li>\n\n\n    \n\n<li><a href='?page_no=1550'>Last &rsaquo;&rsaquo;<\/a><\/li>\n\n<\/ul>\n\n\n--><br \/>\n<\/body><\/p>\n","protected":false},"excerpt":{"rendered":"<p>Danilo Cruz Pichardo danilocruzpichardo@gmail.com M\u00faltiples voces se han levantado, como si fuese una orquesta afinada y bien ensayada, para abogar por la unificaci\u00f3n de las elecciones municipales con las legislativas y presidenciales que deber\u00e1n celebrarse en febrero y mayo del a\u00f1o entrante. El pretexto se basa en que el Estado dominicano se ahorrar\u00eda miles de [&hellip;]<\/p>\n","protected":false},"author":3,"featured_media":0,"comment_status":"open","ping_status":"open","sticky":false,"template":"","format":"standard","meta":{"footnotes":""},"categories":[19],"tags":[],"class_list":["post-32368","post","type-post","status-publish","format-standard","hentry","category-mi-voz"],"_links":{"self":[{"href":"https:\/\/diariodominicano.com\/index.php?rest_route=\/wp\/v2\/posts\/32368","targetHints":{"allow":["GET"]}}],"collection":[{"href":"https:\/\/diariodominicano.com\/index.php?rest_route=\/wp\/v2\/posts"}],"about":[{"href":"https:\/\/diariodominicano.com\/index.php?rest_route=\/wp\/v2\/types\/post"}],"author":[{"embeddable":true,"href":"https:\/\/diariodominicano.com\/index.php?rest_route=\/wp\/v2\/users\/3"}],"replies":[{"embeddable":true,"href":"https:\/\/diariodominicano.com\/index.php?rest_route=%2Fwp%2Fv2%2Fcomments&post=32368"}],"version-history":[{"count":0,"href":"https:\/\/diariodominicano.com\/index.php?rest_route=\/wp\/v2\/posts\/32368\/revisions"}],"wp:attachment":[{"href":"https:\/\/diariodominicano.com\/index.php?rest_route=%2Fwp%2Fv2%2Fmedia&parent=32368"}],"wp:term":[{"taxonomy":"category","embeddable":true,"href":"https:\/\/diariodominicano.com\/index.php?rest_route=%2Fwp%2Fv2%2Fcategories&post=32368"},{"taxonomy":"post_tag","embeddable":true,"href":"https:\/\/diariodominicano.com\/index.php?rest_route=%2Fwp%2Fv2%2Ftags&post=32368"}],"curies":[{"name":"wp","href":"https:\/\/api.w.org\/{rel}","templated":true}]}}