{"id":32367,"date":"2019-08-02T22:57:05","date_gmt":"2019-08-02T22:57:05","guid":{"rendered":"http:\/\/diariodominicano.ddns.net\/?p=32367"},"modified":"2019-08-02T22:57:05","modified_gmt":"2019-08-02T22:57:05","slug":"investigador-de-ee-uu-resalta-importancia-de-ley-sobre-viajes-a-cuba","status":"publish","type":"post","link":"https:\/\/diariodominicano.com\/?p=32367","title":{"rendered":"Investigador de EE.UU. resalta importancia de ley sobre viajes a Cuba"},"content":{"rendered":"<p><body><\/p>\n<p><img decoding=\"async\" src=\"img3\/cuba-turistas-Hvieja2.jpg\" \/>  <\/p>\n<p> Foto: The Nation<\/p>\n<p><strong>Washington, 2 ago (Prensa Latina)<\/strong> Aprobar una ley de viajes a Cuba acabar\u00eda con la capacidad que tienen hoy los presidentes norteamericanos de sacrificar el derecho a viajar en el altar de la pol\u00edtica electoral, estim\u00f3 un estudioso del tema.<\/p>\n<\/p>\n<p>El investigador estadounidense Peter Kornbluh, director del Proyecto de Documentaci\u00f3n sobre Cuba en el Archivo de Seguridad Nacional de la Universidad George Washington, destac\u00f3 en un art\u00edculo publicado en la versi\u00f3n digital de la revista The Nation la reciente introducci\u00f3n en el Congreso de la Ley de libertad para que los estadounidenses viajen a Cuba.<\/p>\n<\/p>\n<p>Pocas personas son conscientes de que Cuba es la \u00fanica naci\u00f3n en el mundo a la que un estatuto del parlamento proh\u00edbe a los ciudadanos norteamericanos ir para unas simples vacaciones, se\u00f1al\u00f3 el experto en las relaciones entre los dos pa\u00edses.<\/p>\n<\/p>\n<p>Kornbluh record\u00f3 que desde el final de la administraci\u00f3n de Dwight D. Eisenhower (1953-1961) hasta la d\u00e9cada de 1990, las restricciones a los viajes, como el bloqueo impuesto contra la isla hace casi 60 a\u00f1os, cayeron bajo la autoridad ejecutiva de los presidentes.<\/p>\n<\/p>\n<p>Eso cambi\u00f3 en 1996, cuando Bill Clinton (1993-2001) firm\u00f3 la punitiva Ley Helms-Burton, que codific\u00f3 el bloqueo como legislaci\u00f3n, junto con restricciones a los viajes; y luego, en 2000, cuando el Congreso estableci\u00f3 que el Secretario del Tesoro no puede autorizar transacciones vinculadas con visitas a la naci\u00f3n antillana, rememor\u00f3 el estudioso.<\/p>\n<\/p>\n<p>Tal lenguaje legislativo &#8216;fue utilizado primero por el presidente George W. Bush (2001-2009) como la base legal para restringir el derecho constitucional de los ciudadanos estadounidenses a viajar a la isla y ver sus realidades complejas por s\u00ed mismos. Ahora lo est\u00e1 usando Donald Trump&#8217;, indic\u00f3.<\/p>\n<\/p>\n<p>Kornbluh apunt\u00f3 que, entre uno y otro mandatario, el expresidente Barack Obama (2009-2017) intent\u00f3 eludir las restricciones legales a los viajes &#8216;tur\u00edsticos&#8217; con una serie de medidas que ahora han sido revertidas en gran parte por Trump.<\/p>\n<\/p>\n<p>Explic\u00f3 que, incluso con las prohibiciones de la actual administraci\u00f3n, los ciudadanos estadounidenses a\u00fan pueden ir legalmente a Cuba, sobre todo bajo la categor\u00eda de &#8216;apoyo al pueblo cubano&#8217;, &#8216;pero el asalto de Trump al derecho a viajar ha sembrado confusi\u00f3n&#8217;.<\/p>\n<\/p>\n<p>Por eso estim\u00f3 que la aprobaci\u00f3n del mencionado proyecto de ley, introducido este mes en el Senado y en la C\u00e1mara de Representantes, &#8216;pondr\u00eda fin a la capacidad de Trump, as\u00ed como a la de los futuros presidentes&#8217;, de violar el derecho de los norteamericanos a viajar en funci\u00f3n de intereses electorales.<\/p>\n<\/p>\n<p>Sin embargo, reconoci\u00f3 que la normativa enfrenta una batalla cuesta arriba en el Congreso, donde, seg\u00fan dijo, el l\u00edder de la mayor\u00eda republicana en el Senado, Mitch McConnell, ya ha se\u00f1alado que no la presentar\u00e1 a votaci\u00f3n este a\u00f1o.<\/p>\n<\/p>\n<p>A pesar de eso, consider\u00f3 que el ataque flagrante de Trump a la libertad de viajar, junto con el electorado natural de millones de ciudadanos que han acudido en masa a Cuba en los \u00faltimos a\u00f1os, pueden combinarse para dar a esta \u00faltima iniciativa una mejor oportunidad de \u00e9xito que intentos previos.<\/p>\n<\/p>\n<p>mgt\/mar<\/p>\n<h6> 2019-08-02 22:57:05 <\/h6>\n<p><!--\n<link rel=\"stylesheet\" href=\"css\/bootstrap.min.css\">\n\n\n<ul class=\"pagination\">\n\t    \n\t\n\n<li >\n\t<a href='?page_no=1252'>Previous<\/a>\n\t<\/li>\n\n\n       \n    \n\n<li><a href='?page_no=1'>1<\/a><\/li>\n\n\n\n<li><a href='?page_no=2'>2<\/a><\/li>\n\n\n\n<li><a>...<\/a><\/li>\n\n\n\n<li><a href='?page_no=1251'>1251<\/a><\/li>\n\n\n\n<li><a href='?page_no=1252'>1252<\/a><\/li>\n\n\n\n<li class='active'><a>1253<\/a><\/li>\n\n\n\n<li><a href='?page_no=1254'>1254<\/a><\/li>\n\n\n\n<li><a href='?page_no=1255'>1255<\/a><\/li>\n\n\n\n<li><a>...<\/a><\/li>\n\n\n\n<li><a href='?page_no=1549'>1549<\/a><\/li>\n\n\n\n<li><a href='?page_no=1550'>1550<\/a><\/li>\n\n    \n\t\n\n<li >\n\t<a href='?page_no=1254'>Next<\/a>\n\t<\/li>\n\n\n    \n\n<li><a href='?page_no=1550'>Last &rsaquo;&rsaquo;<\/a><\/li>\n\n<\/ul>\n\n\n--><br \/>\n<\/body><\/p>\n","protected":false},"excerpt":{"rendered":"<p>Foto: The Nation Washington, 2 ago (Prensa Latina) Aprobar una ley de viajes a Cuba acabar\u00eda con la capacidad que tienen hoy los presidentes norteamericanos de sacrificar el derecho a viajar en el altar de la pol\u00edtica electoral, estim\u00f3 un estudioso del tema. El investigador estadounidense Peter Kornbluh, director del Proyecto de Documentaci\u00f3n sobre Cuba [&hellip;]<\/p>\n","protected":false},"author":3,"featured_media":0,"comment_status":"open","ping_status":"open","sticky":false,"template":"","format":"standard","meta":{"footnotes":""},"categories":[19],"tags":[],"class_list":["post-32367","post","type-post","status-publish","format-standard","hentry","category-mi-voz"],"_links":{"self":[{"href":"https:\/\/diariodominicano.com\/index.php?rest_route=\/wp\/v2\/posts\/32367","targetHints":{"allow":["GET"]}}],"collection":[{"href":"https:\/\/diariodominicano.com\/index.php?rest_route=\/wp\/v2\/posts"}],"about":[{"href":"https:\/\/diariodominicano.com\/index.php?rest_route=\/wp\/v2\/types\/post"}],"author":[{"embeddable":true,"href":"https:\/\/diariodominicano.com\/index.php?rest_route=\/wp\/v2\/users\/3"}],"replies":[{"embeddable":true,"href":"https:\/\/diariodominicano.com\/index.php?rest_route=%2Fwp%2Fv2%2Fcomments&post=32367"}],"version-history":[{"count":0,"href":"https:\/\/diariodominicano.com\/index.php?rest_route=\/wp\/v2\/posts\/32367\/revisions"}],"wp:attachment":[{"href":"https:\/\/diariodominicano.com\/index.php?rest_route=%2Fwp%2Fv2%2Fmedia&parent=32367"}],"wp:term":[{"taxonomy":"category","embeddable":true,"href":"https:\/\/diariodominicano.com\/index.php?rest_route=%2Fwp%2Fv2%2Fcategories&post=32367"},{"taxonomy":"post_tag","embeddable":true,"href":"https:\/\/diariodominicano.com\/index.php?rest_route=%2Fwp%2Fv2%2Ftags&post=32367"}],"curies":[{"name":"wp","href":"https:\/\/api.w.org\/{rel}","templated":true}]}}