{"id":32366,"date":"2019-08-03T18:32:03","date_gmt":"2019-08-03T18:32:03","guid":{"rendered":"http:\/\/diariodominicano.ddns.net\/?p=32366"},"modified":"2019-08-03T18:32:03","modified_gmt":"2019-08-03T18:32:03","slug":"cada-ser-humano-es-una-victoria-de-dios","status":"publish","type":"post","link":"https:\/\/diariodominicano.com\/?p=32366","title":{"rendered":"CADA SER HUMANO ES UNA VICTORIA DE DIOS"},"content":{"rendered":"<p><body><\/p>\n<p><img decoding=\"async\" src=\"img3\/victor0308.jpg\" \/>  <\/p>\n<p>COMPARTIENDO DI\u00c1LOGOS CONMIGO MISMO<\/p>\n<\/p>\n<p>CADA SER HUMANO ES UNA VICTORIA DE DIOS <\/p>\n<\/p>\n<p>\u00abAnte la curiosidad mundana, <\/p>\n<p>dej\u00e9monos interpelar por los latidos del alma\u00bb<\/p>\n<\/p>\n<\/p>\n<p>El pensamiento es libre y nuestro caminar ha de serlo tambi\u00e9n.<\/p>\n<p>Porque somos hijos del tiempo la eternidad nos pertenece. <\/p>\n<p>Quienes no sienten el paso celeste en su vida es que no observan.<\/p>\n<p>Uno piensa con la cabeza, pero tambi\u00e9n madura con el coraz\u00f3n.<\/p>\n<p>Ese esp\u00edritu interior es el que nos invita a vivir, a ponernos en pie.<\/p>\n<p>Hemos de comprender los lenguajes para hacernos humanidad.<\/p>\n<p>Somos el deseo, la esencia misma de un latido, el pulso de Dios. <\/p>\n<p>En Dios vivo, me crezco y me recreo, para verme en su poes\u00eda.<\/p>\n<\/p>\n<p>Vuelva a nosotros el don de la valent\u00eda, para salir de m\u00ed mismo.<\/p>\n<p>No me gusta este mundo de falsedades que agujerea y lapida. <\/p>\n<p>Tampoco me ensimisma este espacio de prisiones que ahorcan. <\/p>\n<p>Ya est\u00e1 bien de tantos ahogos y acosos de unos contra otros. <\/p>\n<p>Pong\u00e1monos a custodiarnos, dejemos la lucha entre hermanos. <\/p>\n<p>Estamos al l\u00edmite del verbo, reconduzcamos la conjugaci\u00f3n.<\/p>\n<p>Coexistimos en el ayer, pero adem\u00e1s en el hoy y en el ma\u00f1ana.<\/p>\n<p>Dejemos de ahogarnos en  nuestras miserias, tomemos la luz.<\/p>\n<\/p>\n<p>No hay l\u00e1mpara m\u00e1s segura que las manos creativas del Creador.<\/p>\n<p>Son asistencias llagadas por amor, que nos instan a despertar.<\/p>\n<p>Porque la muerte es una experiencia reconciliadora de toda alma.<\/p>\n<p>Y esto es hermoso, volver al Padre que nos cre\u00f3 como un artesano. <\/p>\n<p>A esos activos dedos siempre dispuestos a acogernos y consolarnos.<\/p>\n<p>A dejarnos acompa\u00f1ar en los momentos de dolor con mil caricias.<\/p>\n<p>Porque al fin seremos lo que nunca debi\u00e9ramos haber abandonado:<\/p>\n<p>La po\u00e9tica de ese reino de m\u00edstica y la gloria de ese reinado de Jes\u00fas. <\/p>\n<\/p>\n<\/p>\n<p>V\u00edctor Corcoba Herrero<\/p>\n<p>corcoba@telefonica.net<\/p>\n<p>3 de agosto de 2019 <\/p>\n<\/p>\n<h6> 2019-08-03 18:32:03 <\/h6>\n<p><!--\n<link rel=\"stylesheet\" href=\"css\/bootstrap.min.css\">\n\n\n<ul class=\"pagination\">\n\t    \n\t\n\n<li >\n\t<a href='?page_no=1251'>Previous<\/a>\n\t<\/li>\n\n\n       \n    \n\n<li><a href='?page_no=1'>1<\/a><\/li>\n\n\n\n<li><a href='?page_no=2'>2<\/a><\/li>\n\n\n\n<li><a>...<\/a><\/li>\n\n\n\n<li><a href='?page_no=1250'>1250<\/a><\/li>\n\n\n\n<li><a href='?page_no=1251'>1251<\/a><\/li>\n\n\n\n<li class='active'><a>1252<\/a><\/li>\n\n\n\n<li><a href='?page_no=1253'>1253<\/a><\/li>\n\n\n\n<li><a href='?page_no=1254'>1254<\/a><\/li>\n\n\n\n<li><a>...<\/a><\/li>\n\n\n\n<li><a href='?page_no=1549'>1549<\/a><\/li>\n\n\n\n<li><a href='?page_no=1550'>1550<\/a><\/li>\n\n    \n\t\n\n<li >\n\t<a href='?page_no=1253'>Next<\/a>\n\t<\/li>\n\n\n    \n\n<li><a href='?page_no=1550'>Last &rsaquo;&rsaquo;<\/a><\/li>\n\n<\/ul>\n\n\n--><br \/>\n<\/body><\/p>\n","protected":false},"excerpt":{"rendered":"<p>COMPARTIENDO DI\u00c1LOGOS CONMIGO MISMO CADA SER HUMANO ES UNA VICTORIA DE DIOS \u00abAnte la curiosidad mundana, dej\u00e9monos interpelar por los latidos del alma\u00bb El pensamiento es libre y nuestro caminar ha de serlo tambi\u00e9n. Porque somos hijos del tiempo la eternidad nos pertenece. Quienes no sienten el paso celeste en su vida es que no [&hellip;]<\/p>\n","protected":false},"author":3,"featured_media":0,"comment_status":"open","ping_status":"open","sticky":false,"template":"","format":"standard","meta":{"footnotes":""},"categories":[19],"tags":[],"class_list":["post-32366","post","type-post","status-publish","format-standard","hentry","category-mi-voz"],"_links":{"self":[{"href":"https:\/\/diariodominicano.com\/index.php?rest_route=\/wp\/v2\/posts\/32366","targetHints":{"allow":["GET"]}}],"collection":[{"href":"https:\/\/diariodominicano.com\/index.php?rest_route=\/wp\/v2\/posts"}],"about":[{"href":"https:\/\/diariodominicano.com\/index.php?rest_route=\/wp\/v2\/types\/post"}],"author":[{"embeddable":true,"href":"https:\/\/diariodominicano.com\/index.php?rest_route=\/wp\/v2\/users\/3"}],"replies":[{"embeddable":true,"href":"https:\/\/diariodominicano.com\/index.php?rest_route=%2Fwp%2Fv2%2Fcomments&post=32366"}],"version-history":[{"count":0,"href":"https:\/\/diariodominicano.com\/index.php?rest_route=\/wp\/v2\/posts\/32366\/revisions"}],"wp:attachment":[{"href":"https:\/\/diariodominicano.com\/index.php?rest_route=%2Fwp%2Fv2%2Fmedia&parent=32366"}],"wp:term":[{"taxonomy":"category","embeddable":true,"href":"https:\/\/diariodominicano.com\/index.php?rest_route=%2Fwp%2Fv2%2Fcategories&post=32366"},{"taxonomy":"post_tag","embeddable":true,"href":"https:\/\/diariodominicano.com\/index.php?rest_route=%2Fwp%2Fv2%2Ftags&post=32366"}],"curies":[{"name":"wp","href":"https:\/\/api.w.org\/{rel}","templated":true}]}}