{"id":32364,"date":"2019-08-04T11:57:01","date_gmt":"2019-08-04T11:57:01","guid":{"rendered":"http:\/\/diariodominicano.ddns.net\/?p=32364"},"modified":"2019-08-04T11:57:01","modified_gmt":"2019-08-04T11:57:01","slug":"son-demoniacos-el-relato-de-jovenes-sordomudos-abusados-en-argentina","status":"publish","type":"post","link":"https:\/\/diariodominicano.com\/?p=32364","title":{"rendered":"\u00abSon demon\u00edacos\u00bb, el relato de j\u00f3venes sordomudos abusados en Argentina"},"content":{"rendered":"<p><body><\/p>\n<p><img decoding=\"async\" src=\"img3\/37281425f2bbab21ae2650a700c51603859a1ade.jpg\" \/><br \/><img decoding=\"async\" src=\"img3\/0c952ff3fad0d30950bd8ba4959db47f80844aef.jpg\" \/>  <\/p>\n<\/p>\n<p>AFP\/Archivos \/ Andres Larrovere<\/p>\n<p>Ezequiel Villalonga, durante una entrevista con al AFP, el 1 de agosto de 2019 en Mendoza (Argentina)<\/p>\n<p>A sus 18 a\u00f1os, Ezequiel Villalonga descree de la Iglesia cat\u00f3lica. Sordomudo, pas\u00f3 a\u00f1os en el instituto especializado Pr\u00f3volo, que se convirti\u00f3 en un infierno de abusos para \u00e9l y sus compa\u00f1eros, un caso que estremece a Argentina con un juicio que empieza este lunes.<\/p>\n<\/p>\n<p>\u00abYo pienso que la Iglesia, todo adentro, es falso. Todo lo que nos hacen leer, decir, c\u00f3mo debe ser la persona&#8230; Pienso que son falsos y demon\u00edacos\u00bb, expresa en lengua de se\u00f1as que tuvo que aprender de grande.<\/p>\n<\/p>\n<p>Ten\u00eda siete meses cuando su mam\u00e1, Natalia, supo que era sordo. Poco despu\u00e9s comenz\u00f3 con estimulaci\u00f3n temprana en el prestigioso Pr\u00f3volo de Mendoza, dedicado a la ense\u00f1anza de ni\u00f1os con discapacidad auditiva o trastornos del lenguaje y que le hab\u00edan recomendado como uno de los mejores.<\/p>\n<\/p>\n<p>Desde los 4 a\u00f1os y hasta los 16, cuando estall\u00f3 el caso y se cerr\u00f3 el instituto, Ezequiel estuvo interno all\u00ed y solo volv\u00eda a su casa los fines de semana.<\/p>\n<\/p>\n<p>\u00abEra muy mala la vida ah\u00ed adentro, nosotros no aprend\u00edamos nada, no ten\u00edamos comunicaci\u00f3n, no sab\u00edamos lengua de se\u00f1as, escrib\u00edamos y no sab\u00edamos qu\u00e9, pregunt\u00e1bamos a otros compa\u00f1eros y, tambi\u00e9n, nadie entend\u00eda nada\u00bb, cuenta a la AFP en la sede de la ONG humanitaria Xumek (sol, en lengua ind\u00edgena huarpe), a la que pertenece su abogado.<\/p>\n<\/p>\n<p>Su testimonio, grabado en c\u00e1mara gesell durante la instrucci\u00f3n de la causa, es uno de los relatos de una veintena de v\u00edctimas menores que se escuchar\u00e1 en el juicio contra los curas Nicola Corradi (83) y Horacio Corbacho (59), y el jardinero Armando G\u00f3mez (49), quienes podr\u00edan ser condenados hasta a 50 a\u00f1os de prisi\u00f3n.<\/p>\n<\/p>\n<p>\u00abYo quiero que todos est\u00e9n ya con una pena. Corbacho, Corradi y G\u00f3mez y as\u00ed seamos todos felices\u00bb, confiesa Ezequiel.<\/p>\n<\/p>\n<p>Corradi lleg\u00f3 a Argentina, pa\u00eds del papa Francisco, en 1970 proveniente del Pr\u00f3volo de Verona (Italia) y se hizo cargo de la instituci\u00f3n, primero en La Plata y luego, en 1998, en Mendoza, donde lo detuvieron preventivamente el 26 de noviembre de 2016.<\/p>\n<\/p>\n<p>El a\u00f1o pasado, el exmonaguillo Jorge Bord\u00f3n, ahora de 50 a\u00f1os, fue condenado a 10 a\u00f1os de c\u00e1rcel tras confesar abusos sexuales contra cinco v\u00edctimas en el centro educativo. Catorce imputados m\u00e1s ser\u00e1n objeto de otros dos procesos.<\/p>\n<\/p>\n<p>&#8211; \u00ab\u00bfC\u00f3mo son capaces?\u00bb &#8211;<\/p>\n<\/p>\n<p>Paola Gonz\u00e1lez se quiebra cuando recuerda el momento en que le confirmaron que su hija Milagros, hoy de 16 a\u00f1os, hab\u00eda sido abusada en el prestigioso colegio gratuito en el que hab\u00eda confiado.<\/p>\n<\/p>\n<p>\u00abSi vos hubieras visto su cuerpito y estatura cuando entr\u00f3. Era muy chiquita. Yo no entiendo, no puedo concebir tanta maldad. \u00bfC\u00f3mo son capaces de hacerle da\u00f1o a un ser tan fr\u00e1gil?\u00bb, se pregunta ante la AFP en su modesta casa de Mendoza.<\/p>\n<\/p>\n<p>AFP\/Archivos \/ Andres Larrovere<\/p>\n<p>Paola Gonz\u00e1lez (D) y su hija Milagros (I), supuesta v\u00edctima de abusos sexuales en un colegio cat\u00f3lico, el 31 de julio de 2019 en Mendoza (Argentina) <\/p>\n<p>A fines de 2016, dos testigos protegidos iniciaron la causa con su denuncia de abusos sexuales. La prensa lo report\u00f3 y la alarma se encendi\u00f3 entre las familias.<\/p>\n<\/p>\n<p>\u00abLe pregunt\u00e9 (si hab\u00eda sido abusada). Lo \u00fanico que hizo ella fue sentarse y hacer la se\u00f1a de que le desprend\u00edan el pantal\u00f3n y se lo bajaban y baj\u00f3 de nuevo su mirada\u00bb, recuerda con precisi\u00f3n.<\/p>\n<\/p>\n<p>El paso siguiente fue presentarse en la fiscal\u00eda con su hija, casi imposibilitada de comunicarse. Una m\u00e9dica forense dijo que no se ve\u00edan lesiones externas y Paola sinti\u00f3 alivio.<\/p>\n<\/p>\n<p>Pero el examen prosigui\u00f3: \u00abY ah\u00ed te dicen lo que ning\u00fan padre o madre quiere escuchar: que tu hijo ha sido abusado por mucho tiempo\u00bb.<\/p>\n<\/p>\n<p>\u00abDelante de tu hija no pod\u00e9s llorar, por m\u00e1s amor (que sientas). Es ella, son ellos los que pasaron todo eso. A partir de ese momento es convertir el dolor en lucha\u00bb, agrega esta empleada de limpieza, madre de siete hijos.<\/p>\n<\/p>\n<p>\u00abEs una gran victoria que la causa se ha elevado a juicio\u00bb, valora.<\/p>\n<\/p>\n<p>Pero al recordar el camino recorrido se indigna. \u00abLa Iglesia ni siquiera ha respondido a la justicia, ha entorpecido tambi\u00e9n, ha ocultado pruebas y ha atacado de manera despiadada, desestimando los testimonios de los sobrevivientes\u00bb, denuncia.<\/p>\n<\/p>\n<p>&#8211; \u00abPerd\u00f3n\u00bb &#8211;<\/p>\n<\/p>\n<p>\u00abNo hay suficientes palabras para solidarizarnos con el horror que han vivido y que les ha lastimado tanto. Y sobre eso hay que pedir perd\u00f3n y tratar de sanar de la mejor manera posible, sin odio\u00bb, dice a la AFP el monse\u00f1or Alberto Bochatey, obispo auxiliar de La Plata.<\/p>\n<\/p>\n<p>Bochatey fue designado comisario apost\u00f3lico por el papa Francisco en julio de 2017 como interventor de la Compa\u00f1\u00eda de Mar\u00eda, de la que surgieron los institutos Pr\u00f3volo.<\/p>\n<\/p>\n<p>\u00abCuando me nombraron, lo primero que quise hacer fue acercarme a las v\u00edctimas para pedir perd\u00f3n, y me sacaron volando. Hasta el d\u00eda de hoy no lo pude hacer. Habr\u00e1 que esperar que termine el juicio\u00bb, declara.<\/p>\n<\/p>\n<p>El obispo dice estar \u00abmuy feliz de que empiece el juicio\u00bb e invita a diferenciar lo que llama \u00ablas v\u00edctimas verdaderas\u00bb de los que se aprovechan.<\/p>\n<h6> 2019-08-04 11:57:01 <\/h6>\n<p><!--\n<link rel=\"stylesheet\" href=\"css\/bootstrap.min.css\">\n\n\n<ul class=\"pagination\">\n\t    \n\t\n\n<li >\n\t<a href='?page_no=1249'>Previous<\/a>\n\t<\/li>\n\n\n       \n    \n\n<li><a href='?page_no=1'>1<\/a><\/li>\n\n\n\n<li><a href='?page_no=2'>2<\/a><\/li>\n\n\n\n<li><a>...<\/a><\/li>\n\n\n\n<li><a href='?page_no=1248'>1248<\/a><\/li>\n\n\n\n<li><a href='?page_no=1249'>1249<\/a><\/li>\n\n\n\n<li class='active'><a>1250<\/a><\/li>\n\n\n\n<li><a href='?page_no=1251'>1251<\/a><\/li>\n\n\n\n<li><a href='?page_no=1252'>1252<\/a><\/li>\n\n\n\n<li><a>...<\/a><\/li>\n\n\n\n<li><a href='?page_no=1549'>1549<\/a><\/li>\n\n\n\n<li><a href='?page_no=1550'>1550<\/a><\/li>\n\n    \n\t\n\n<li >\n\t<a href='?page_no=1251'>Next<\/a>\n\t<\/li>\n\n\n    \n\n<li><a href='?page_no=1550'>Last &rsaquo;&rsaquo;<\/a><\/li>\n\n<\/ul>\n\n\n--><br \/>\n<\/body><\/p>\n","protected":false},"excerpt":{"rendered":"<p>AFP\/Archivos \/ Andres Larrovere Ezequiel Villalonga, durante una entrevista con al AFP, el 1 de agosto de 2019 en Mendoza (Argentina) A sus 18 a\u00f1os, Ezequiel Villalonga descree de la Iglesia cat\u00f3lica. Sordomudo, pas\u00f3 a\u00f1os en el instituto especializado Pr\u00f3volo, que se convirti\u00f3 en un infierno de abusos para \u00e9l y sus compa\u00f1eros, un caso [&hellip;]<\/p>\n","protected":false},"author":3,"featured_media":0,"comment_status":"open","ping_status":"open","sticky":false,"template":"","format":"standard","meta":{"footnotes":""},"categories":[19],"tags":[],"class_list":["post-32364","post","type-post","status-publish","format-standard","hentry","category-mi-voz"],"_links":{"self":[{"href":"https:\/\/diariodominicano.com\/index.php?rest_route=\/wp\/v2\/posts\/32364","targetHints":{"allow":["GET"]}}],"collection":[{"href":"https:\/\/diariodominicano.com\/index.php?rest_route=\/wp\/v2\/posts"}],"about":[{"href":"https:\/\/diariodominicano.com\/index.php?rest_route=\/wp\/v2\/types\/post"}],"author":[{"embeddable":true,"href":"https:\/\/diariodominicano.com\/index.php?rest_route=\/wp\/v2\/users\/3"}],"replies":[{"embeddable":true,"href":"https:\/\/diariodominicano.com\/index.php?rest_route=%2Fwp%2Fv2%2Fcomments&post=32364"}],"version-history":[{"count":0,"href":"https:\/\/diariodominicano.com\/index.php?rest_route=\/wp\/v2\/posts\/32364\/revisions"}],"wp:attachment":[{"href":"https:\/\/diariodominicano.com\/index.php?rest_route=%2Fwp%2Fv2%2Fmedia&parent=32364"}],"wp:term":[{"taxonomy":"category","embeddable":true,"href":"https:\/\/diariodominicano.com\/index.php?rest_route=%2Fwp%2Fv2%2Fcategories&post=32364"},{"taxonomy":"post_tag","embeddable":true,"href":"https:\/\/diariodominicano.com\/index.php?rest_route=%2Fwp%2Fv2%2Ftags&post=32364"}],"curies":[{"name":"wp","href":"https:\/\/api.w.org\/{rel}","templated":true}]}}