{"id":323628,"date":"2022-01-12T17:33:16","date_gmt":"2022-01-12T21:33:16","guid":{"rendered":"http:\/\/diariodominicano.com\/?p=323628"},"modified":"2022-01-12T17:34:10","modified_gmt":"2022-01-12T21:34:10","slug":"viceministro-juan-vila-invita-a-inicio-trabajos-remozamiento-complejo-deportivo-de-la-barranquita","status":"publish","type":"post","link":"https:\/\/diariodominicano.com\/?p=323628","title":{"rendered":"Viceministro Juan Vila invita a inicio trabajos\u00a0remozamiento complejo deportivo de La Barranquita"},"content":{"rendered":"\n<p> <strong>Ministro de deportes, Francisco Camacho y el  viceministro Juan Vila, en el complejo deportivo de La Barranquita<\/strong> <\/p>\n\n\n\n<p><strong>SANTIAGO DE LOS CABALLEROS, Santiago, Rep\u00fablica Dominicana (12-01-2022).-<\/strong>&nbsp;El viceministro de desarrollo deportivo para la regi\u00f3n norte, licenciado Juan Vila, inmortal del deporte dominicano, est\u00e1 invitando al inicio de los trabajos de remozamiento del complejo deportivo de La Barranquita, este jueves a partir de las diez de la ma\u00f1ana.<\/p>\n\n\n\n<p><strong>E<\/strong>n una comunicaci\u00f3n de prensa enviada por el periodista Am\u00e9rico Cabrera, director de prensa MIDEREC-Santiago, indica lo siguiente: Viceministro de desarrollo deportivo regi\u00f3n norte e inmortal del deporte dominicano, Juan Vila, invita al inicio de los trabajos de remozamiento del complejo deportivo de La Barranquita.<\/p>\n\n\n\n<p><strong>D<\/strong>\u00eda: Jueves, 13 de enero del 2022<\/p>\n\n\n\n<p>Hora: 10:00 AM<\/p>\n\n\n\n<p>Oscar Polanco<a rel=\"noreferrer noopener\" target=\"_blank\" href=\"mailto:oscarpolanco.santiagord@gmail.com\">oscarpolanco.santiagord@gmail.com<\/a><\/p>\n\n\n\n<p><\/p>\n","protected":false},"excerpt":{"rendered":"<p>Ministro de deportes, Francisco Camacho y el viceministro Juan Vila, en el complejo deportivo de La Barranquita SANTIAGO DE LOS CABALLEROS, Santiago, Rep\u00fablica Dominicana (12-01-2022).-&nbsp;El viceministro de desarrollo deportivo para la regi\u00f3n norte, licenciado Juan Vila, inmortal del deporte dominicano, est\u00e1 invitando al inicio de los trabajos de remozamiento del complejo deportivo de La Barranquita, [&hellip;]<\/p>\n","protected":false},"author":28,"featured_media":323629,"comment_status":"closed","ping_status":"","sticky":false,"template":"","format":"standard","meta":{"footnotes":""},"categories":[17],"tags":[],"class_list":["post-323628","post","type-post","status-publish","format-standard","has-post-thumbnail","hentry","category-deportes"],"_links":{"self":[{"href":"https:\/\/diariodominicano.com\/index.php?rest_route=\/wp\/v2\/posts\/323628","targetHints":{"allow":["GET"]}}],"collection":[{"href":"https:\/\/diariodominicano.com\/index.php?rest_route=\/wp\/v2\/posts"}],"about":[{"href":"https:\/\/diariodominicano.com\/index.php?rest_route=\/wp\/v2\/types\/post"}],"author":[{"embeddable":true,"href":"https:\/\/diariodominicano.com\/index.php?rest_route=\/wp\/v2\/users\/28"}],"replies":[{"embeddable":true,"href":"https:\/\/diariodominicano.com\/index.php?rest_route=%2Fwp%2Fv2%2Fcomments&post=323628"}],"version-history":[{"count":2,"href":"https:\/\/diariodominicano.com\/index.php?rest_route=\/wp\/v2\/posts\/323628\/revisions"}],"predecessor-version":[{"id":323631,"href":"https:\/\/diariodominicano.com\/index.php?rest_route=\/wp\/v2\/posts\/323628\/revisions\/323631"}],"wp:featuredmedia":[{"embeddable":true,"href":"https:\/\/diariodominicano.com\/index.php?rest_route=\/wp\/v2\/media\/323629"}],"wp:attachment":[{"href":"https:\/\/diariodominicano.com\/index.php?rest_route=%2Fwp%2Fv2%2Fmedia&parent=323628"}],"wp:term":[{"taxonomy":"category","embeddable":true,"href":"https:\/\/diariodominicano.com\/index.php?rest_route=%2Fwp%2Fv2%2Fcategories&post=323628"},{"taxonomy":"post_tag","embeddable":true,"href":"https:\/\/diariodominicano.com\/index.php?rest_route=%2Fwp%2Fv2%2Ftags&post=323628"}],"curies":[{"name":"wp","href":"https:\/\/api.w.org\/{rel}","templated":true}]}}