{"id":32361,"date":"2019-08-05T12:18:05","date_gmt":"2019-08-05T12:18:05","guid":{"rendered":"http:\/\/diariodominicano.ddns.net\/?p=32361"},"modified":"2019-08-05T12:18:05","modified_gmt":"2019-08-05T12:18:05","slug":"reino-unido-reitera-decision-de-salir-de-la-ue-el-31-de-octubre","status":"publish","type":"post","link":"https:\/\/diariodominicano.com\/?p=32361","title":{"rendered":"Reino Unido reitera decisi\u00f3n de salir de la UE el 31 de octubre"},"content":{"rendered":"<p><body><\/p>\n<p><img decoding=\"async\" src=\"img3\/reinou.jpg\" \/>  <\/p>\n<p>Londres, 5 ago (Prensa Latina) Reino Unido abandonar\u00e1 la Uni\u00f3n Europea (UE) el 31 de octubre, pase lo que pase, dijo hoy James Slack, secretario de Prensa del primer ministro brit\u00e1nico, Boris Johnson.<\/p>\n<\/p>\n<p>El vocero del n\u00famero 10 de Downing Street respondi\u00f3 as\u00ed a la informaci\u00f3n publicada por el diario Sunday Telegraph, sobre las palabras del asesor del Gobierno, Dominic Cummings, sugiriendo que el parlamento brit\u00e1nico hab\u00eda perdido su oportunidad de bloquear un Brexit sin acuerdo.<\/p>\n<\/p>\n<p>El portavoz gubernamental dijo que Londres seguir\u00e1 contactando con los interlocutores del bloque comunitario en busca de un acuerdo de salida.<\/p>\n<\/p>\n<p>Tambi\u00e9n manifest\u00f3 que su Gobierno espera que la UE cambie de posici\u00f3n con respecto al mecanismo de salvaguarda irlandesa, un punto conflictivo en las negociaciones.<\/p>\n<\/p>\n<p>El diario inform\u00f3 que Cummings, uno de los arquitectos de la campa\u00f1a de 2016 para abandonar la UE, dijo a los ministros que si Johnson pierde la moci\u00f3n de censura en la C\u00e1mara de los Comunes podr\u00eda convocar elecciones despu\u00e9s del 31 de octubre, fecha l\u00edmite para el Brexit.<\/p>\n<\/p>\n<p>A la pregunta de si Johnson estaba de acuerdo en que era demasiado tarde para detener el Brexit sin acuerdo, el vocero oficial reiter\u00f3 que Reino Unido abandonar\u00e1 la UE el 31 de octubre, cualesquiera que sean las circunstancias.<\/p>\n<\/p>\n<p>&#8216;No hay peros ni condiciones. Debemos restaurar la confianza en nuestra democracia y cumplir las repetidas promesas del Parlamento a los ciudadanos dejando la UE&#8217; para esa fecha, apunt\u00f3.<\/p>\n<\/p>\n<p>Slack subray\u00f3 que &#8216;los pol\u00edticos no pueden elegir qu\u00e9 votos respetar. Prometieron respetar el resultado del refer\u00e9ndum y nosotros debemos hacerlo&#8217;, dijo.<\/p>\n<\/p>\n<p>mgt\/mml<\/p>\n<h6> 2019-08-05 12:18:05 <\/h6>\n<p><!--\n<link rel=\"stylesheet\" href=\"css\/bootstrap.min.css\">\n\n\n<ul class=\"pagination\">\n\t    \n\t\n\n<li >\n\t<a href='?page_no=1247'>Previous<\/a>\n\t<\/li>\n\n\n       \n    \n\n<li><a href='?page_no=1'>1<\/a><\/li>\n\n\n\n<li><a href='?page_no=2'>2<\/a><\/li>\n\n\n\n<li><a>...<\/a><\/li>\n\n\n\n<li><a href='?page_no=1246'>1246<\/a><\/li>\n\n\n\n<li><a href='?page_no=1247'>1247<\/a><\/li>\n\n\n\n<li class='active'><a>1248<\/a><\/li>\n\n\n\n<li><a href='?page_no=1249'>1249<\/a><\/li>\n\n\n\n<li><a href='?page_no=1250'>1250<\/a><\/li>\n\n\n\n<li><a>...<\/a><\/li>\n\n\n\n<li><a href='?page_no=1549'>1549<\/a><\/li>\n\n\n\n<li><a href='?page_no=1550'>1550<\/a><\/li>\n\n    \n\t\n\n<li >\n\t<a href='?page_no=1249'>Next<\/a>\n\t<\/li>\n\n\n    \n\n<li><a href='?page_no=1550'>Last &rsaquo;&rsaquo;<\/a><\/li>\n\n<\/ul>\n\n\n--><br \/>\n<\/body><\/p>\n","protected":false},"excerpt":{"rendered":"<p>Londres, 5 ago (Prensa Latina) Reino Unido abandonar\u00e1 la Uni\u00f3n Europea (UE) el 31 de octubre, pase lo que pase, dijo hoy James Slack, secretario de Prensa del primer ministro brit\u00e1nico, Boris Johnson. El vocero del n\u00famero 10 de Downing Street respondi\u00f3 as\u00ed a la informaci\u00f3n publicada por el diario Sunday Telegraph, sobre las palabras [&hellip;]<\/p>\n","protected":false},"author":3,"featured_media":0,"comment_status":"open","ping_status":"open","sticky":false,"template":"","format":"standard","meta":{"footnotes":""},"categories":[19],"tags":[],"class_list":["post-32361","post","type-post","status-publish","format-standard","hentry","category-mi-voz"],"_links":{"self":[{"href":"https:\/\/diariodominicano.com\/index.php?rest_route=\/wp\/v2\/posts\/32361","targetHints":{"allow":["GET"]}}],"collection":[{"href":"https:\/\/diariodominicano.com\/index.php?rest_route=\/wp\/v2\/posts"}],"about":[{"href":"https:\/\/diariodominicano.com\/index.php?rest_route=\/wp\/v2\/types\/post"}],"author":[{"embeddable":true,"href":"https:\/\/diariodominicano.com\/index.php?rest_route=\/wp\/v2\/users\/3"}],"replies":[{"embeddable":true,"href":"https:\/\/diariodominicano.com\/index.php?rest_route=%2Fwp%2Fv2%2Fcomments&post=32361"}],"version-history":[{"count":0,"href":"https:\/\/diariodominicano.com\/index.php?rest_route=\/wp\/v2\/posts\/32361\/revisions"}],"wp:attachment":[{"href":"https:\/\/diariodominicano.com\/index.php?rest_route=%2Fwp%2Fv2%2Fmedia&parent=32361"}],"wp:term":[{"taxonomy":"category","embeddable":true,"href":"https:\/\/diariodominicano.com\/index.php?rest_route=%2Fwp%2Fv2%2Fcategories&post=32361"},{"taxonomy":"post_tag","embeddable":true,"href":"https:\/\/diariodominicano.com\/index.php?rest_route=%2Fwp%2Fv2%2Ftags&post=32361"}],"curies":[{"name":"wp","href":"https:\/\/api.w.org\/{rel}","templated":true}]}}