{"id":32360,"date":"2019-08-05T12:24:05","date_gmt":"2019-08-05T12:24:05","guid":{"rendered":"http:\/\/diariodominicano.ddns.net\/?p=32360"},"modified":"2019-08-05T12:24:05","modified_gmt":"2019-08-05T12:24:05","slug":"presentan-proyecto-para-despenalizar-el-aborto-en-nueva-zelanda","status":"publish","type":"post","link":"https:\/\/diariodominicano.com\/?p=32360","title":{"rendered":"Presentan proyecto para despenalizar el aborto en Nueva Zelanda"},"content":{"rendered":"<p><body><\/p>\n<p><img decoding=\"async\" src=\"img3\/nuevz.jpg\" \/>  <\/p>\n<p>Wellington, 5 ago (Prensa Latina) El gobierno neozeland\u00e9s present\u00f3 hoy un proyecto de ley para despenalizar el aborto y permitir que las mujeres elijan la interrupci\u00f3n hasta las 20 semanas de embarazo.<\/p>\n<\/p>\n<p>De ser aprobada, la nueva legislaci\u00f3n sustituir\u00eda las leyes de aborto vigentes desde 1977, que norman el procedimiento solo si dos m\u00e9dicos pueden certificar que el embarazo pone en peligro el f\u00edsico de la madre o su salud mental.<\/p>\n<\/p>\n<p>&#8216;El prop\u00f3sito es modernizar nuestra ley y garantizar que el aborto sea tratado y regulado como un problema de salud&#8217;, dijo Andrew Little, ministro de Justicia, en un comunicado.<\/p>\n<\/p>\n<p>Una mujer tiene derecho a elegir qu\u00e9 le sucede a su cuerpo, agreg\u00f3. La propuesta tambi\u00e9n propone el establecimiento de \u00e1reas de salud seguras y proh\u00edbe a los activistas contra el aborto hacer campa\u00f1a cerca de las cl\u00ednicas.<\/p>\n<\/p>\n<p>Este proyecto de ley, que cumple con el voto de campa\u00f1a de la primera ministra Jacinda Ardern, ser\u00e1 presentado el jueves al Parlamento para una votaci\u00f3n preliminar.<\/p>\n<\/p>\n<p>La legislaci\u00f3n ser\u00e1 tratada como &#8216;tema de conciencia&#8217;, por lo que los parlamentarios no est\u00e1n obligados a emitir su voto de acuerdo con las l\u00edneas de su partido.<\/p>\n<\/p>\n<p>Mientras, los defensores de los derechos al aborto abogan para que la reforma extienda el l\u00edmite de 20 semanas.<\/p>\n<\/p>\n<p>El proyecto de ley se someter\u00e1 a un per\u00edodo de consulta p\u00fablica de seis meses antes de ser sometido a votaci\u00f3n en el Poder Legislativo.<\/p>\n<\/p>\n<p>Seg\u00fan estad\u00edsticas locales, con una poblaci\u00f3n de 4.8 millones de habitantes, en Nueva Zelanda se realizaron en 2017 alrededor de 13 mil abortos.<\/p>\n<\/p>\n<p>mem\/jcd\/adr<\/p>\n<h6> 2019-08-05 12:24:05 <\/h6>\n<p><!--\n<link rel=\"stylesheet\" href=\"css\/bootstrap.min.css\">\n\n\n<ul class=\"pagination\">\n\t    \n\t\n\n<li >\n\t<a href='?page_no=1246'>Previous<\/a>\n\t<\/li>\n\n\n       \n    \n\n<li><a href='?page_no=1'>1<\/a><\/li>\n\n\n\n<li><a href='?page_no=2'>2<\/a><\/li>\n\n\n\n<li><a>...<\/a><\/li>\n\n\n\n<li><a href='?page_no=1245'>1245<\/a><\/li>\n\n\n\n<li><a href='?page_no=1246'>1246<\/a><\/li>\n\n\n\n<li class='active'><a>1247<\/a><\/li>\n\n\n\n<li><a href='?page_no=1248'>1248<\/a><\/li>\n\n\n\n<li><a href='?page_no=1249'>1249<\/a><\/li>\n\n\n\n<li><a>...<\/a><\/li>\n\n\n\n<li><a href='?page_no=1549'>1549<\/a><\/li>\n\n\n\n<li><a href='?page_no=1550'>1550<\/a><\/li>\n\n    \n\t\n\n<li >\n\t<a href='?page_no=1248'>Next<\/a>\n\t<\/li>\n\n\n    \n\n<li><a href='?page_no=1550'>Last &rsaquo;&rsaquo;<\/a><\/li>\n\n<\/ul>\n\n\n--><br \/>\n<\/body><\/p>\n","protected":false},"excerpt":{"rendered":"<p>Wellington, 5 ago (Prensa Latina) El gobierno neozeland\u00e9s present\u00f3 hoy un proyecto de ley para despenalizar el aborto y permitir que las mujeres elijan la interrupci\u00f3n hasta las 20 semanas de embarazo. De ser aprobada, la nueva legislaci\u00f3n sustituir\u00eda las leyes de aborto vigentes desde 1977, que norman el procedimiento solo si dos m\u00e9dicos pueden [&hellip;]<\/p>\n","protected":false},"author":3,"featured_media":0,"comment_status":"open","ping_status":"open","sticky":false,"template":"","format":"standard","meta":{"footnotes":""},"categories":[19],"tags":[],"class_list":["post-32360","post","type-post","status-publish","format-standard","hentry","category-mi-voz"],"_links":{"self":[{"href":"https:\/\/diariodominicano.com\/index.php?rest_route=\/wp\/v2\/posts\/32360","targetHints":{"allow":["GET"]}}],"collection":[{"href":"https:\/\/diariodominicano.com\/index.php?rest_route=\/wp\/v2\/posts"}],"about":[{"href":"https:\/\/diariodominicano.com\/index.php?rest_route=\/wp\/v2\/types\/post"}],"author":[{"embeddable":true,"href":"https:\/\/diariodominicano.com\/index.php?rest_route=\/wp\/v2\/users\/3"}],"replies":[{"embeddable":true,"href":"https:\/\/diariodominicano.com\/index.php?rest_route=%2Fwp%2Fv2%2Fcomments&post=32360"}],"version-history":[{"count":0,"href":"https:\/\/diariodominicano.com\/index.php?rest_route=\/wp\/v2\/posts\/32360\/revisions"}],"wp:attachment":[{"href":"https:\/\/diariodominicano.com\/index.php?rest_route=%2Fwp%2Fv2%2Fmedia&parent=32360"}],"wp:term":[{"taxonomy":"category","embeddable":true,"href":"https:\/\/diariodominicano.com\/index.php?rest_route=%2Fwp%2Fv2%2Fcategories&post=32360"},{"taxonomy":"post_tag","embeddable":true,"href":"https:\/\/diariodominicano.com\/index.php?rest_route=%2Fwp%2Fv2%2Ftags&post=32360"}],"curies":[{"name":"wp","href":"https:\/\/api.w.org\/{rel}","templated":true}]}}