{"id":32355,"date":"2019-08-06T12:40:10","date_gmt":"2019-08-06T12:40:10","guid":{"rendered":"http:\/\/diariodominicano.ddns.net\/?p=32355"},"modified":"2019-08-06T12:40:10","modified_gmt":"2019-08-06T12:40:10","slug":"japon-pide-un-mundo-sin-armamento-nuclear-a-74-anos-de-hiroshima","status":"publish","type":"post","link":"https:\/\/diariodominicano.com\/?p=32355","title":{"rendered":"Jap\u00f3n pide un mundo sin armamento nuclear a 74 a\u00f1os de Hiroshima"},"content":{"rendered":"<p><body><\/p>\n<p><img decoding=\"async\" src=\"img3\/hiros1.jpg\" \/>  <\/p>\n<p>Tokio, 6 ago (Prensa Latina) Al conmemorar hoy 74 a\u00f1os del bombardeo at\u00f3mico en la ciudad nipona de Hiroshima, el alcalde de la localidad, Kazumi Matsui, pidi\u00f3 que Jap\u00f3n se sume al tratado de la ONU sobre la prohibici\u00f3n de armas nucleares.<\/p>\n<\/p>\n<p>&#8216;Insto a los l\u00edderes de Jap\u00f3n a manifestar el pacifismo de la Constituci\u00f3n japonesa al mostrar liderazgo para dar el siguiente paso hacia un mundo libre de armas nucleares&#8217;, reclam\u00f3 Matsui en la ceremonia realizada este martes para recordar a las v\u00edctimas de la tragedia.<\/p>\n<\/p>\n<p>Sin embargo, en una conferencia de prensa posterior al acto, el primer ministro japon\u00e9s, Shinzo Abe, justific\u00f3 la negativa de adherirse al pacto internacional porque &#8216;no se basa en los aspectos reales de la seguridad&#8217;.<\/p>\n<\/p>\n<p>No obstante, el gobernante manifest\u00f3 estar dispuesto a hacer de mediador con pa\u00edses que a\u00fan disponen armamento at\u00f3mico.<\/p>\n<\/p>\n<p>Unas 50 mil personas, entre ellas algunos sobrevivientes, participaron en la ceremonia de hoy en el parque del Memorial de la Paz de Hiroshima que cont\u00f3 con un minuto de silencio a las 8:15 a.m. (hora local), momento en el que el avi\u00f3n lanz\u00f3 el artefacto explosivo.<\/p>\n<\/p>\n<p>En el marco de la Segunda Guerra Mundial, el presidente de Estados Unidos, Harry S. Truman, autoriz\u00f3 un bombardeo sobre Hiroshima ya que Jap\u00f3n se hab\u00eda negado a aceptar la rendici\u00f3n propuesta por los aliados.<\/p>\n<\/p>\n<p>El 6 de agosto, un avi\u00f3n bombardero Boeing B-29, bautizado Enola Gay, dej\u00f3 caer la bomba &#8216;Little Boy&#8217; que hizo estallar una carga de 15 mil toneladas de TNT y devast\u00f3 un rango de 13 kil\u00f3metros cuadrados.<\/p>\n<\/p>\n<p>Tres d\u00edas despu\u00e9s la fuerza a\u00e9rea estadounidense sobrevol\u00f3 la ciudad de Kokura, sin embargo, el cielo estaba tan nublado que fue preciso ejecutar el plan alternativo, lanzar la bomba &#8216;Fat Man&#8217; sobre Nagasaki.<\/p>\n<\/p>\n<p>Ambos ataques de las fuerzas estadounidenses provocaron la muerte de m\u00e1s de 140 mil personas y en el mismo mes de agosto el emperador nip\u00f3n Hirohito oficializ\u00f3 un anuncio de rendici\u00f3n materializado el 2 de septiembre de ese a\u00f1o.<\/p>\n<\/p>\n<p>mv\/avr<\/p>\n<h6> 2019-08-06 12:40:10 <\/h6>\n<p><!--\n<link rel=\"stylesheet\" href=\"css\/bootstrap.min.css\">\n\n\n<ul class=\"pagination\">\n\t    \n\t\n\n<li >\n\t<a href='?page_no=1241'>Previous<\/a>\n\t<\/li>\n\n\n       \n    \n\n<li><a href='?page_no=1'>1<\/a><\/li>\n\n\n\n<li><a href='?page_no=2'>2<\/a><\/li>\n\n\n\n<li><a>...<\/a><\/li>\n\n\n\n<li><a href='?page_no=1240'>1240<\/a><\/li>\n\n\n\n<li><a href='?page_no=1241'>1241<\/a><\/li>\n\n\n\n<li class='active'><a>1242<\/a><\/li>\n\n\n\n<li><a href='?page_no=1243'>1243<\/a><\/li>\n\n\n\n<li><a href='?page_no=1244'>1244<\/a><\/li>\n\n\n\n<li><a>...<\/a><\/li>\n\n\n\n<li><a href='?page_no=1549'>1549<\/a><\/li>\n\n\n\n<li><a href='?page_no=1550'>1550<\/a><\/li>\n\n    \n\t\n\n<li >\n\t<a href='?page_no=1243'>Next<\/a>\n\t<\/li>\n\n\n    \n\n<li><a href='?page_no=1550'>Last &rsaquo;&rsaquo;<\/a><\/li>\n\n<\/ul>\n\n\n--><br \/>\n<\/body><\/p>\n","protected":false},"excerpt":{"rendered":"<p>Tokio, 6 ago (Prensa Latina) Al conmemorar hoy 74 a\u00f1os del bombardeo at\u00f3mico en la ciudad nipona de Hiroshima, el alcalde de la localidad, Kazumi Matsui, pidi\u00f3 que Jap\u00f3n se sume al tratado de la ONU sobre la prohibici\u00f3n de armas nucleares. &#8216;Insto a los l\u00edderes de Jap\u00f3n a manifestar el pacifismo de la Constituci\u00f3n [&hellip;]<\/p>\n","protected":false},"author":3,"featured_media":0,"comment_status":"open","ping_status":"open","sticky":false,"template":"","format":"standard","meta":{"footnotes":""},"categories":[19],"tags":[],"class_list":["post-32355","post","type-post","status-publish","format-standard","hentry","category-mi-voz"],"_links":{"self":[{"href":"https:\/\/diariodominicano.com\/index.php?rest_route=\/wp\/v2\/posts\/32355","targetHints":{"allow":["GET"]}}],"collection":[{"href":"https:\/\/diariodominicano.com\/index.php?rest_route=\/wp\/v2\/posts"}],"about":[{"href":"https:\/\/diariodominicano.com\/index.php?rest_route=\/wp\/v2\/types\/post"}],"author":[{"embeddable":true,"href":"https:\/\/diariodominicano.com\/index.php?rest_route=\/wp\/v2\/users\/3"}],"replies":[{"embeddable":true,"href":"https:\/\/diariodominicano.com\/index.php?rest_route=%2Fwp%2Fv2%2Fcomments&post=32355"}],"version-history":[{"count":0,"href":"https:\/\/diariodominicano.com\/index.php?rest_route=\/wp\/v2\/posts\/32355\/revisions"}],"wp:attachment":[{"href":"https:\/\/diariodominicano.com\/index.php?rest_route=%2Fwp%2Fv2%2Fmedia&parent=32355"}],"wp:term":[{"taxonomy":"category","embeddable":true,"href":"https:\/\/diariodominicano.com\/index.php?rest_route=%2Fwp%2Fv2%2Fcategories&post=32355"},{"taxonomy":"post_tag","embeddable":true,"href":"https:\/\/diariodominicano.com\/index.php?rest_route=%2Fwp%2Fv2%2Ftags&post=32355"}],"curies":[{"name":"wp","href":"https:\/\/api.w.org\/{rel}","templated":true}]}}