{"id":32351,"date":"2019-08-09T20:10:49","date_gmt":"2019-08-09T20:10:49","guid":{"rendered":"http:\/\/diariodominicano.ddns.net\/?p=32351"},"modified":"2019-08-09T20:10:49","modified_gmt":"2019-08-09T20:10:49","slug":"periodismo-de-cloaca","status":"publish","type":"post","link":"https:\/\/diariodominicano.com\/?p=32351","title":{"rendered":"&#13;Periodismo de cloaca"},"content":{"rendered":"<p><body><\/p>\n<p><img decoding=\"async\" src=\"img3\/Danilo Cruz Pichardo02.jpg\" \/>  <\/p>\n<p><strong> Por Danilo Cruz Pichardo<\/strong><\/p>\n<\/p>\n<p><span class=\"text1noticias\">   Como docente de Comunicaci\u00f3n Social, C\u00e1tedra Redacci\u00f3n y Medios, al estudiante que inicia en la carrera se le ense\u00f1a la T\u00e9cnica de la Pir\u00e1mide Invertida, introducida al periodismo por Associated Press en la segunda mitad del siglo XIX, para que aprenda a elaborar noticias respondiendo a los datos principales de un acontecimiento, los cuales se circunscriben a las respuestas de cinco (a veces a seis) preguntas b\u00e1sicas.<\/span><\/p>\n<p><span class=\"text1noticias\">           Al alumno no se le puede dejar de instruir sobre las normas estil\u00edsticas, las cualidades de la noticia y el uso adecuado de la entrevista, t\u00e9cnica considerada por muchos autores de textos como piedra angular del periodismo. <\/span><\/p>\n<p><span class=\"text1noticias\">          La redacci\u00f3n period\u00edstica, sin embargo, no se puede impartir al margen de los aspectos idiom\u00e1ticos b\u00e1sicos y desde la primera tarea corregida en aula hay que observar que entre sujeto y predicado no se marca ning\u00fan signo de puntuaci\u00f3n, al menos que se introduzca un incidental (entre dos comas intercaladas), que no es m\u00e1s que una frase u oraci\u00f3n secundaria dentro de la principal.<\/span><\/p>\n<p><span class=\"text1noticias\">          La mayor\u00eda aprende a redactar noticias, las reglas generales de la acentuaci\u00f3n y de los signos de puntuaci\u00f3n. Admito, sin embargo, que ense\u00f1ar a colocar la coma de forma correcta es un dolor de cabeza para el profesor, pues siempre habr\u00e1 alumnos que arrastran esa laguna, a pesar de que cualquier texto de gram\u00e1tica explica su uso de manera pedag\u00f3gica.<\/span><\/p>\n<p><span class=\"text1noticias\">          (Yo aprend\u00ed a construir oraciones y a usar la coma mediante las ense\u00f1anzas de la Gram\u00e1tica Castellana de Amado Alonso y Pedro Henr\u00edquez Ure\u00f1a, en la primera mitad de la d\u00e9cada de los 70, obra que es una joya y no aparece f\u00e1cilmente. Despu\u00e9s, en 1977, compr\u00e9 el libro Espa\u00f1ol, de Santiago Revilla, el cual trata sobre la sintaxis).<\/span><\/p>\n<p><span class=\"text1noticias\">          Al terminar el primer nivel de redacci\u00f3n el alumno est\u00e1 en capacidad de por lo menos practicar en cualquier medio de comunicaci\u00f3n social, aunque no siempre es as\u00ed. <\/span><\/p>\n<p><span class=\"text1noticias\">          En niveles siguientes aprenden a elaborar cr\u00f3nicas period\u00edsticas, comentarios, art\u00edculos, cr\u00edticas (literaria y art\u00edstica), reportajes, semblanzas, an\u00e1lisis y perspectivas. (Estos dos \u00faltimos g\u00e9neros son los m\u00e1s delicados de todos y los pocos comunicadores que los abordan con \u00e9xito se han llenado de prestigio, como es el caso de Juan Bol\u00edvar D\u00edaz, que ha sido  el mejor profesor de Periodismo Interpretativo que ha pasado por la Escuela de Comunicaci\u00f3n Social de la UASD).<\/span><\/p>\n<p><span class=\"text1noticias\">          En la c\u00e1tedra Teor\u00eda e Investigaci\u00f3n (la que ha contado con te\u00f3ricos y comunic\u00f3logos de la talla de Leonel Fern\u00e1ndez, Onofre de la Rosa y Rafael N\u00fa\u00f1ez Grassals, para s\u00f3lo citar algunos ejemplos) hay una asignatura llamada \u00c9tica Period\u00edstica, pero la experiencia indica que la conducta moral proviene del hogar, se hereda y se aprende dentro de la misma familia.<\/span><\/p>\n<p><span class=\"text1noticias\">          Muchos de mis antiguos alumnos son ejecutivos period\u00edsticos y otros ostentan cargos relevantes en los sectores p\u00fablico y privado, lo que llena de orgullo al viejo profesor. El profesor no puede ser ego\u00edsta y la tendencia es a que los comunicadores sean cada vez mejores por los avances cient\u00edficos y tecnol\u00f3gicos que favorecen a la profesi\u00f3n.<\/span><\/p>\n<p><span class=\"text1noticias\">         Pero no puedo dejar de expresar la decepci\u00f3n sufrida por el comportamiento \u00e9tico que exhiben algunos de mis antiguos disc\u00edpulos. Otros que no fueron alumnos m\u00edos, son de mi generaci\u00f3n e inclusive de mayor edad que el suscrito, tambi\u00e9n provocan indignaci\u00f3n. La dignidad no tiene precio y es un ejemplo a ofrecer a las nuevas generaciones y es tambi\u00e9n la mejor herencia a dejar a los descendientes biol\u00f3gicos.<\/span><\/p>\n<p><span class=\"text1noticias\">           Indignado con muchas cosas observadas hace m\u00e1s de 10 a\u00f1os decid\u00ed no escuchar programas de comentarios radiof\u00f3nicos, tampoco ver ni o\u00edr a algunos de la televisi\u00f3n. Siento verg\u00fcenza ajena cuando un comunicador social vende su conciencia por anuncios o se dedica a resaltar cualidades de  funcionarios ladrones, oficiales criminales y hasta de narcotraficantes. Asquea, asimismo, cuando un comunicador practica extorsi\u00f3n hacia figuras p\u00fablicas. <\/span><\/p>\n<p><span class=\"text1noticias\">          Aqu\u00ed hay programas constituido por extorsionadores, gente que cree que el dinero es todo (a pesar de que en la caja no nos echan nada), que el que los escucha una vez puede decir que los ha escuchado siempre, al deducirse motivaciones de sus defensas o de sus ataques. Defienden a todas las ratas que les paguen y no titubean para agraviar o denigrar a personas decentes.<\/span><\/p>\n<p><span class=\"text1noticias\">           Se trata de un periodismo vulgar. Y la vulgaridad no est\u00e1 s\u00f3lo en el uso del lenguaje, esa es lo menos y muchas veces la compartimos y la disfrutamos. La vulgaridad, la gran vulgaridad, est\u00e1 en el contenido de los comentarios, derivando en un periodismo de cloaca, con la agravante de que el CDP no se da por enterado.<\/span><\/p>\n<\/p>\n<p><strong>Danilo Cruz Pichardo<\/strong><\/p>\n<p><strong>danilocruzpichardo@gmail.com<\/strong><\/p>\n<h6> 2019-08-09 20:10:49 <\/h6>\n<p><!--\n<link rel=\"stylesheet\" href=\"css\/bootstrap.min.css\">\n\n\n<ul class=\"pagination\">\n\t    \n\t\n\n<li >\n\t<a href='?page_no=1238'>Previous<\/a>\n\t<\/li>\n\n\n       \n    \n\n<li><a href='?page_no=1'>1<\/a><\/li>\n\n\n\n<li><a href='?page_no=2'>2<\/a><\/li>\n\n\n\n<li><a>...<\/a><\/li>\n\n\n\n<li><a href='?page_no=1237'>1237<\/a><\/li>\n\n\n\n<li><a href='?page_no=1238'>1238<\/a><\/li>\n\n\n\n<li class='active'><a>1239<\/a><\/li>\n\n\n\n<li><a href='?page_no=1240'>1240<\/a><\/li>\n\n\n\n<li><a href='?page_no=1241'>1241<\/a><\/li>\n\n\n\n<li><a>...<\/a><\/li>\n\n\n\n<li><a href='?page_no=1549'>1549<\/a><\/li>\n\n\n\n<li><a href='?page_no=1550'>1550<\/a><\/li>\n\n    \n\t\n\n<li >\n\t<a href='?page_no=1240'>Next<\/a>\n\t<\/li>\n\n\n    \n\n<li><a href='?page_no=1550'>Last &rsaquo;&rsaquo;<\/a><\/li>\n\n<\/ul>\n\n\n--><br \/>\n<\/body><\/p>\n","protected":false},"excerpt":{"rendered":"<p>Por Danilo Cruz Pichardo Como docente de Comunicaci\u00f3n Social, C\u00e1tedra Redacci\u00f3n y Medios, al estudiante que inicia en la carrera se le ense\u00f1a la T\u00e9cnica de la Pir\u00e1mide Invertida, introducida al periodismo por Associated Press en la segunda mitad del siglo XIX, para que aprenda a elaborar noticias respondiendo a los datos principales de un [&hellip;]<\/p>\n","protected":false},"author":3,"featured_media":0,"comment_status":"open","ping_status":"open","sticky":false,"template":"","format":"standard","meta":{"footnotes":""},"categories":[19],"tags":[],"class_list":["post-32351","post","type-post","status-publish","format-standard","hentry","category-mi-voz"],"_links":{"self":[{"href":"https:\/\/diariodominicano.com\/index.php?rest_route=\/wp\/v2\/posts\/32351","targetHints":{"allow":["GET"]}}],"collection":[{"href":"https:\/\/diariodominicano.com\/index.php?rest_route=\/wp\/v2\/posts"}],"about":[{"href":"https:\/\/diariodominicano.com\/index.php?rest_route=\/wp\/v2\/types\/post"}],"author":[{"embeddable":true,"href":"https:\/\/diariodominicano.com\/index.php?rest_route=\/wp\/v2\/users\/3"}],"replies":[{"embeddable":true,"href":"https:\/\/diariodominicano.com\/index.php?rest_route=%2Fwp%2Fv2%2Fcomments&post=32351"}],"version-history":[{"count":0,"href":"https:\/\/diariodominicano.com\/index.php?rest_route=\/wp\/v2\/posts\/32351\/revisions"}],"wp:attachment":[{"href":"https:\/\/diariodominicano.com\/index.php?rest_route=%2Fwp%2Fv2%2Fmedia&parent=32351"}],"wp:term":[{"taxonomy":"category","embeddable":true,"href":"https:\/\/diariodominicano.com\/index.php?rest_route=%2Fwp%2Fv2%2Fcategories&post=32351"},{"taxonomy":"post_tag","embeddable":true,"href":"https:\/\/diariodominicano.com\/index.php?rest_route=%2Fwp%2Fv2%2Ftags&post=32351"}],"curies":[{"name":"wp","href":"https:\/\/api.w.org\/{rel}","templated":true}]}}