{"id":32342,"date":"2019-08-17T14:08:59","date_gmt":"2019-08-17T14:08:59","guid":{"rendered":"http:\/\/diariodominicano.ddns.net\/?p=32342"},"modified":"2019-08-17T14:08:59","modified_gmt":"2019-08-17T14:08:59","slug":"acciones-exigidas-a-ti-y-al-pais-por-los-huracanes","status":"publish","type":"post","link":"https:\/\/diariodominicano.com\/?p=32342","title":{"rendered":"Acciones exigidas a t\u00ed y al pa\u00eds por los huracanes"},"content":{"rendered":"<p><body><\/p>\n<p><img decoding=\"async\" src=\"img3\/odonel gomez R170819.jpg\" \/>  <\/p>\n<\/p>\n<\/p>\n<p><strong>Por: Ing. Odonel G\u00f2mez Rojas<\/strong><\/p>\n<p><strong> <\/strong><\/p>\n<p><strong> <\/strong><\/p>\n<\/p>\n<p>En su visi\u00f3n t\u00e9cnica y estrat\u00e9gica, constituye una de las principales preocupaciones del Consejo Regional de Desarrollo, Inc. (CRD), que si bien es cierto que nuestra isla al estar colocada en la frontera entre el Mar Caribe y el oc\u00e9ano Atl\u00e1ntico, se encuentra en la misma ruta del sol, pero tambi\u00e9n, en la de las m\u00e1s grandes y poderosas fuerzas de la naturaleza, como son las tormentas el\u00e9ctricas, los terremotos y los huracanes, las cuales, pese haber ayudado a dar forma a nuestra topograf\u00eda, convirti\u00e9ndonos en uno de los lugares m\u00e1s hermosos del planeta, nos ubican en una posici\u00f3n geogr\u00e1fica de sumo peligro para nuestras vidas, como para los bienes de las familias y el Estado.<\/p>\n<\/p>\n<\/p>\n<p>Lo que le motiva recordar, que durante la temporada de junio a noviembre de este a\u00f1o, estaremos en las trayectorias de los huracanes, especialmente los que se forman en la costa oeste de \u00c1frica y se mueven por el Atl\u00e1ntico hacia la costa este de Estados Unidos, lo que nos obliga asumir acciones preventivas desde este momento, antes de que se anuncie que seremos impactados por uno de estos fen\u00f3menos atmosf\u00e9ricos.<\/p>\n<\/p>\n<\/p>\n<p>Al efecto, pondera como un deber ineludible a cargo de la poblaci\u00f3n del pa\u00eds, tomar en cuenta, que el hurac\u00e1n es un fen\u00f3meno f\u00edsico formado por vientos que se desplazan a alta velocidad, y a su vez, que la fuerza que ejercen sobre los obst\u00e1culos que encuentran en el camino: \u00e1rboles, casas, edificios, puentes, entre otros, depende de la velocidad de los vientos y de la protecci\u00f3n que tienen las superficies de los obst\u00e1culos que impacta.<\/p>\n<\/p>\n<\/p>\n<p>Pensar en el hurac\u00e1n de San Zen\u00f3n, que destruy\u00f3 la capital dominicana el 3 de septiembre de 1930, el hurac\u00e1n David de 31 agosto de 1979 y el George de 1998, que dejaron miles de muertos y perjudiciales da\u00f1os a las propiedades, valorados en billones de d\u00f3lares,  es para llenarse de temor, siendo necesario, asumir las medidas pertinentes como la poda de \u00e1rboles y una educaci\u00f3n masiva, por ser decisiones   prioritarias y urgentes que debemos implementar, para evitar las serias repercusiones de otro de la misma o mayor dimensi\u00f3n, que pueda arribar al territorio de Rep\u00fablica Dominicana.<\/p>\n<\/p>\n<\/p>\n<p><strong>Tareas requeridas al pa\u00eds enmarcadas por el CRD:<\/strong><\/p>\n<\/p>\n<\/p>\n<p>La Comisi\u00f3n T\u00e9cnica del CRD, estudiosa de estos fen\u00f3menos naturales, recomienda al gobierno, a los ayuntamientos y a los ciudadanos en general, para que ya iniciada esta temporada de huracanes, comenzada  el primero de junio  y que termina el treinta de noviembre, se proceda de inmediato a una labor de poda de \u00e1rboles en todo el territorio nacional, especialmente los que est\u00e1n pr\u00f3ximo a casas, escuelas, puentes, carreteras y otras edificaciones. <\/p>\n<\/p>\n<\/p>\n<p>Estima indispensable lo anterior propuesto, en virtud de que la experiencia indica, que la ca\u00edda de \u00e1rboles, debido a las fuerzas de los huracanes es la que mayor da\u00f1os materiales causa, por tanto, contempla que corresponde al gobierno central y a los municipales, no esperar a que el hurac\u00e1n est\u00e9 sobre nosotros, para realizar esta medida, que reducir\u00eda considerablemente, los riesgos a que estamos expuestos en esta temporada, de sufrir p\u00e9rdidas de vidas y da\u00f1os materiales.<\/p>\n<\/p>\n<\/p>\n<p>Dentro de estas tareas, El Consejo Regional de Desarrollo, Inc. (CRD), considera fundamental, que todos los dominicanos y las diversas instituciones, sin excepci\u00f3n alguna, se propongan aunar voluntades para sumarse a este primordial objetivo, garantizador de nuestra integridad f\u00edsica, as\u00ed como tambi\u00e9n, de la preservaci\u00f3n de  los bienes conforman el patrimonio nacional y los de cada una de las familias dominicanas.<\/p>\n<\/p>\n<p><strong>El autor es:<\/strong><\/p>\n<\/p>\n<\/p>\n<p>Ing. Odonel G\u00f2mez Rojas,Director de la Comisi\u00f2n de Ciencia y Tecnologia del Consejo Regional de Desarrollo, Inc. (CRD), Ingeniero Fisico, Ge\u00f2fisico e Industrial, Empresario y Catedr\u00e0tico Universitario.  Tel. 809-244-5496.- Correo : crdnordeste@yahoo.es.- San Francisco de Macoris.- RD.<\/p>\n<\/p>\n<\/p>\n<h6> 2019-08-17 14:08:59 <\/h6>\n<p><!--\n<link rel=\"stylesheet\" href=\"css\/bootstrap.min.css\">\n\n\n<ul class=\"pagination\">\n\t    \n\t\n\n<li >\n\t<a href='?page_no=1229'>Previous<\/a>\n\t<\/li>\n\n\n       \n    \n\n<li><a href='?page_no=1'>1<\/a><\/li>\n\n\n\n<li><a href='?page_no=2'>2<\/a><\/li>\n\n\n\n<li><a>...<\/a><\/li>\n\n\n\n<li><a href='?page_no=1228'>1228<\/a><\/li>\n\n\n\n<li><a href='?page_no=1229'>1229<\/a><\/li>\n\n\n\n<li class='active'><a>1230<\/a><\/li>\n\n\n\n<li><a href='?page_no=1231'>1231<\/a><\/li>\n\n\n\n<li><a href='?page_no=1232'>1232<\/a><\/li>\n\n\n\n<li><a>...<\/a><\/li>\n\n\n\n<li><a href='?page_no=1549'>1549<\/a><\/li>\n\n\n\n<li><a href='?page_no=1550'>1550<\/a><\/li>\n\n    \n\t\n\n<li >\n\t<a href='?page_no=1231'>Next<\/a>\n\t<\/li>\n\n\n    \n\n<li><a href='?page_no=1550'>Last &rsaquo;&rsaquo;<\/a><\/li>\n\n<\/ul>\n\n\n--><br \/>\n<\/body><\/p>\n","protected":false},"excerpt":{"rendered":"<p>Por: Ing. Odonel G\u00f2mez Rojas En su visi\u00f3n t\u00e9cnica y estrat\u00e9gica, constituye una de las principales preocupaciones del Consejo Regional de Desarrollo, Inc. (CRD), que si bien es cierto que nuestra isla al estar colocada en la frontera entre el Mar Caribe y el oc\u00e9ano Atl\u00e1ntico, se encuentra en la misma ruta del sol, pero [&hellip;]<\/p>\n","protected":false},"author":3,"featured_media":0,"comment_status":"open","ping_status":"open","sticky":false,"template":"","format":"standard","meta":{"footnotes":""},"categories":[19],"tags":[],"class_list":["post-32342","post","type-post","status-publish","format-standard","hentry","category-mi-voz"],"_links":{"self":[{"href":"https:\/\/diariodominicano.com\/index.php?rest_route=\/wp\/v2\/posts\/32342","targetHints":{"allow":["GET"]}}],"collection":[{"href":"https:\/\/diariodominicano.com\/index.php?rest_route=\/wp\/v2\/posts"}],"about":[{"href":"https:\/\/diariodominicano.com\/index.php?rest_route=\/wp\/v2\/types\/post"}],"author":[{"embeddable":true,"href":"https:\/\/diariodominicano.com\/index.php?rest_route=\/wp\/v2\/users\/3"}],"replies":[{"embeddable":true,"href":"https:\/\/diariodominicano.com\/index.php?rest_route=%2Fwp%2Fv2%2Fcomments&post=32342"}],"version-history":[{"count":0,"href":"https:\/\/diariodominicano.com\/index.php?rest_route=\/wp\/v2\/posts\/32342\/revisions"}],"wp:attachment":[{"href":"https:\/\/diariodominicano.com\/index.php?rest_route=%2Fwp%2Fv2%2Fmedia&parent=32342"}],"wp:term":[{"taxonomy":"category","embeddable":true,"href":"https:\/\/diariodominicano.com\/index.php?rest_route=%2Fwp%2Fv2%2Fcategories&post=32342"},{"taxonomy":"post_tag","embeddable":true,"href":"https:\/\/diariodominicano.com\/index.php?rest_route=%2Fwp%2Fv2%2Ftags&post=32342"}],"curies":[{"name":"wp","href":"https:\/\/api.w.org\/{rel}","templated":true}]}}