{"id":32340,"date":"2019-08-17T14:56:19","date_gmt":"2019-08-17T14:56:19","guid":{"rendered":"http:\/\/diariodominicano.ddns.net\/?p=32340"},"modified":"2019-08-17T14:56:19","modified_gmt":"2019-08-17T14:56:19","slug":"de-danilo-y-leonel-a-minou-tavarez-y-guillermo-moreno","status":"publish","type":"post","link":"https:\/\/diariodominicano.com\/?p=32340","title":{"rendered":"DE DANILO Y LEONEL A MINOU TAVAREZ Y GUILLERMO MORENO"},"content":{"rendered":"<p><body><\/p>\n<p><img decoding=\"async\" src=\"img3\/roberto sanchez16.jpg\" \/>  <\/p>\n<p><strong>Por: Roberto Sanchez<\/strong><\/p>\n<\/p>\n<\/p>\n<p>En los \u00faltimos meses y de cara al proceso electoral del 2020, se ha intensificado la lucha interna en el Partido de la Liberaci\u00f3n Dominicana entre las facciones de Danilo Medina y Leonel Fern\u00e1ndez. Es una lucha por quien hegemoniza el Estado para as\u00ed tener un mayor control del presupuesto nacional y de los cuantiosos recursos y bienes estatales para usufructo personal y de grupo. En realidad, entre Danilo y Leonel no existe absolutamente ninguna contradicci\u00f3n de principio. En el peled\u00e9 los principios se fueron con el Prof. Juan Bosch a la hora de su muerte.<\/p>\n<\/p>\n<p>Contrario a lo que predomina en el PLD, el domingo 4 de agosto reci\u00e9n pasado Guillermo Moreno y Minou Tav\u00e1rez se atrevieron a dar un paso de trascendencia hist\u00f3rica en busca de un sue\u00f1o, en busca de una sociedad mas justa y m\u00e1s equitativa sin que primara ning\u00fan inter\u00e9s particular, solamente porque vivir y luchar en la Republica Dominicana vale la pena. Escuchando las palabras de Minou cuando dijo, \u00abQue ni Danilo, ni Leonel ni el poder del PLD podr\u00e1n impedir que se mantenga viva la esperanza en nuestro pa\u00eds, que hab\u00edan dado el paso por amor a su patria y para mantener viva la memoria hist\u00f3rica de sus familiares, memorias que muchos han pretendido sepultar en el olvido.<\/p>\n<\/p>\n<p>Nosotros y nosotras hemos dado el paso hist\u00f3rico que ten\u00edamos que dar al fusionarnos con ALPAIS, con lo cual buscamos seguir contribuyendo a la articulaci\u00f3n de una nueva mayor\u00eda pol\u00edtica democr\u00e1tica, progresista y alternativa con capacidad de retomar el orden constitucional y la reorganizaci\u00f3n del estado dominicano.<\/p>\n<\/p>\n<p>Asimismo, Guillermo Moreno con su persistencia y firmeza que lo caracteriza estableci\u00f3 que: \u00abLuchar y vivir en la Republica Dominicana vale la pena. Que se hace necesario unir a todas las fuerzas progresistas y democr\u00e1ticas para derrotar este gobierno de desigualdad y de inoperancia que hoy nos gobierna. Estamos seguros de que as\u00ed ser\u00e1, ya que estos procesos son pasajeros y mas temprano que tarde los gobiernos como el actual ser\u00e1n desplazados.\u00bb<\/p>\n<\/p>\n<p>Como sabiamente sentencio Eduardo Galeano, \u00abAl fin y al cabo, somos lo que hacemos para cambiar lo que somos. Hay un \u00fanico lugar donde ayer y hoy se encuentran y se reconocen y se abrazan. Ese lugar es ma\u00f1ana. Y hoy, m\u00e1s que nunca, es preciso so\u00f1ar. So\u00f1ar juntos, sue\u00f1os que se desensue\u00f1en y en materia mortal encarnen. Ojal\u00e1 podamos tener el coraje de estar solos, y la valent\u00eda de arriesgarnos a estar juntos. Si me ca\u00ed es porque estaba caminando. Y caminar vale la pena, aunque te caigas. S\u00f3lo los tontos creen que el silencio es un vac\u00edo. No est\u00e1 vac\u00edo nunca. Creo que hay que pelear contra el miedo, que se debe asumir que la vida es peligrosa y que eso es lo bueno que la vida tiene para que no se convierta en un mortal aburrimiento. Mucha gente peque\u00f1a, en lugares peque\u00f1os, haciendo cosas peque\u00f1as, puede cambiar el mundo.\u00bb<\/p>\n<\/p>\n<p>Sigamos persistiendo. Los que ayer eran incr\u00e9dulos hoy no tienen m\u00e1s remedio que reconocer que la persistencia y la determinaci\u00f3n para construir una fuerza pol\u00edtica diferente que garantice una mayor\u00eda progresista es posible. Alianza Pa\u00eds en la actualidad constituye la nueva opci\u00f3n democr\u00e1tica que la mayor\u00eda de los dominicanos necesitan para reorganizar el estado dominicano y darle rostro y contenido humanos a la democracia.<\/p>\n<\/p>\n<p>\u00a1MANTENGAMOS VIVA LA ESPERANZA!<\/p>\n<\/p>\n<p><strong>EL AUTOR: Es dirigente Pol\u00edtico de ALPAIS y educador, Reside en Florida.<\/strong><\/p>\n<\/p>\n<h6> 2019-08-17 14:56:19 <\/h6>\n<p><!--\n<link rel=\"stylesheet\" href=\"css\/bootstrap.min.css\">\n\n\n<ul class=\"pagination\">\n\t    \n\t\n\n<li >\n\t<a href='?page_no=1228'>Previous<\/a>\n\t<\/li>\n\n\n       \n    \n\n<li><a href='?page_no=1'>1<\/a><\/li>\n\n\n\n<li><a href='?page_no=2'>2<\/a><\/li>\n\n\n\n<li><a>...<\/a><\/li>\n\n\n\n<li><a href='?page_no=1227'>1227<\/a><\/li>\n\n\n\n<li><a href='?page_no=1228'>1228<\/a><\/li>\n\n\n\n<li class='active'><a>1229<\/a><\/li>\n\n\n\n<li><a href='?page_no=1230'>1230<\/a><\/li>\n\n\n\n<li><a href='?page_no=1231'>1231<\/a><\/li>\n\n\n\n<li><a>...<\/a><\/li>\n\n\n\n<li><a href='?page_no=1549'>1549<\/a><\/li>\n\n\n\n<li><a href='?page_no=1550'>1550<\/a><\/li>\n\n    \n\t\n\n<li >\n\t<a href='?page_no=1230'>Next<\/a>\n\t<\/li>\n\n\n    \n\n<li><a href='?page_no=1550'>Last &rsaquo;&rsaquo;<\/a><\/li>\n\n<\/ul>\n\n\n--><br \/>\n<\/body><\/p>\n","protected":false},"excerpt":{"rendered":"<p>Por: Roberto Sanchez En los \u00faltimos meses y de cara al proceso electoral del 2020, se ha intensificado la lucha interna en el Partido de la Liberaci\u00f3n Dominicana entre las facciones de Danilo Medina y Leonel Fern\u00e1ndez. Es una lucha por quien hegemoniza el Estado para as\u00ed tener un mayor control del presupuesto nacional y [&hellip;]<\/p>\n","protected":false},"author":3,"featured_media":0,"comment_status":"open","ping_status":"open","sticky":false,"template":"","format":"standard","meta":{"footnotes":""},"categories":[19],"tags":[],"class_list":["post-32340","post","type-post","status-publish","format-standard","hentry","category-mi-voz"],"_links":{"self":[{"href":"https:\/\/diariodominicano.com\/index.php?rest_route=\/wp\/v2\/posts\/32340","targetHints":{"allow":["GET"]}}],"collection":[{"href":"https:\/\/diariodominicano.com\/index.php?rest_route=\/wp\/v2\/posts"}],"about":[{"href":"https:\/\/diariodominicano.com\/index.php?rest_route=\/wp\/v2\/types\/post"}],"author":[{"embeddable":true,"href":"https:\/\/diariodominicano.com\/index.php?rest_route=\/wp\/v2\/users\/3"}],"replies":[{"embeddable":true,"href":"https:\/\/diariodominicano.com\/index.php?rest_route=%2Fwp%2Fv2%2Fcomments&post=32340"}],"version-history":[{"count":0,"href":"https:\/\/diariodominicano.com\/index.php?rest_route=\/wp\/v2\/posts\/32340\/revisions"}],"wp:attachment":[{"href":"https:\/\/diariodominicano.com\/index.php?rest_route=%2Fwp%2Fv2%2Fmedia&parent=32340"}],"wp:term":[{"taxonomy":"category","embeddable":true,"href":"https:\/\/diariodominicano.com\/index.php?rest_route=%2Fwp%2Fv2%2Fcategories&post=32340"},{"taxonomy":"post_tag","embeddable":true,"href":"https:\/\/diariodominicano.com\/index.php?rest_route=%2Fwp%2Fv2%2Ftags&post=32340"}],"curies":[{"name":"wp","href":"https:\/\/api.w.org\/{rel}","templated":true}]}}