{"id":32339,"date":"2019-08-18T23:51:15","date_gmt":"2019-08-18T23:51:15","guid":{"rendered":"http:\/\/diariodominicano.ddns.net\/?p=32339"},"modified":"2019-08-18T23:51:15","modified_gmt":"2019-08-18T23:51:15","slug":"la-movilizacion-climatica-insumisa-de-greta-thunberg","status":"publish","type":"post","link":"https:\/\/diariodominicano.com\/?p=32339","title":{"rendered":"La movilizaci\u00f3n clim\u00e1tica insumisa de Greta Thunberg"},"content":{"rendered":"<p><body><\/p>\n<p><strong>Felipe Pineda Ruiz<\/strong><\/p>\n<\/p>\n<p>Opini\u00f3n<\/p>\n<p>16\/08\/2019<\/p>\n<p>-A+A<\/p>\n<p>Los titulares de la lucha a favor del medio ambiente, y el cambio clim\u00e1tico, parecen haber cambiado de protagonistas en los \u00faltimos meses. La figura menuda, de una peque\u00f1a de 16 a\u00f1os, ha logrado patear por completo el tablero medi\u00e1tico mundial. Greta Thunberg (Estocolmo, 2003) ha captado la atenci\u00f3n de los medios por lograr, en tiempo r\u00e9cord, poner en el centro de la agenda p\u00fablica este fen\u00f3meno mediante diferentes campa\u00f1as: en un comienzo con su huelga semanal, al frente del Parlamento sueco, denominada \u00abfridays for future\u00bb; luego su lucha continu\u00f3 con \u00abstrike for future\u00bb y \u00faltimamente Thunberg se embarc\u00f3 en sacar adelante \u00abflygskam (verg\u00fcenza de volar)\u00bb.<\/p>\n<\/p>\n<\/p>\n<p>Las dos primeras manifestaciones con un objetivo principal: emplazar p\u00fablicamente a los adultos, y a la clase pol\u00edtica en general, por su negligencia para actuar contra el cambio clim\u00e1tico mientras que \u00abflygskam\u00bb contin\u00faa persuadiendo a la opini\u00f3n p\u00fablica de no volar en avi\u00f3n por la carga contaminante que este tipo de transporte genera, algo que constata la Agencia Europea de Medio Ambiente, que se\u00f1ala como los aviones generan 285 gramos de CO2 por kil\u00f3metro viajado, cifra inmensamente superior a los 158 que un autom\u00f3vil emite.<\/p>\n<\/p>\n<\/p>\n<p>La movilizaci\u00f3n de Thunberg, en los dos \u00faltimos a\u00f1os, ha crecido vertiginosamente y, ante todo pron\u00f3stico, ha trascendido las fronteras escandinavas para convertirse en un fen\u00f3meno global: su discurso (https:\/\/urlzs.com\/WmQn8) tuvo cabida en el COP24, celebrado en Katowice (Polonia), a finales de 2018, y \u00abFridays for future\u00bb logr\u00f3 el pasado 15 de marzo convocar a m\u00e1s de 1,4 millones de j\u00f3venes simult\u00e1neamente en 125 pa\u00edses, y 2083 ciudades.<\/p>\n<\/p>\n<\/p>\n<p>De ah\u00ed en adelante las cr\u00edticas no se hicieron esperar. Primero, desde la extrema izquierda y el anarco ecologismo: los primeros acusando a la joven activista sueca de ser una marioneta al servicio de Mercedes Benz, la familia real de M\u00f3naco, y grupos econ\u00f3micos interesados en los negocios relacionados con el Green business y la econom\u00eda verde sostenible. Todo, dec\u00edan, aupado por sus connotados padres: artistas mainstream con amplias conexiones en Suecia. Luego, la arremetida lleg\u00f3 desde la extrema derecha: ataques centrados en minar su credibilidad, debido a su edad, y en hacer \u00e9nfasis en sus m\u00faltiples trastornos psiqui\u00e1tricos: cabe recordar que Greta fue diagnosticada en 2014 con el s\u00edndrome de asperger.<\/p>\n<\/p>\n<\/p>\n<p>Al margen de la trivializaci\u00f3n, y demonizaci\u00f3n de su lucha, lo realizado por Thunberg no est\u00e1 exento de ser catalogado como heroico y nos plantea algunos interrogantes: \u00bfes v\u00e1lido censurar su activismo por su parentela? \u00bfEs necesario beber de la fuente de la ortodoxia ideol\u00f3gica para ganar legitimidad pol\u00edtica, y hacerse a un lugar entre los aceptados para realizar rupturas que generen cambios tangibles en las sociedades? <\/p>\n<\/p>\n<\/p>\n<p>Si eso fuera as\u00ed los due\u00f1os del monopolio de la transformaci\u00f3n social tendr\u00eda que hacerle juicio pol\u00edtico no solo a Thunberg sino a Bertha C\u00e1ceres, Francia M\u00e1rquez, Wabgari Maathai, Uros Macerl, y otros cientos de activistas por defender el planeta sin contar con la anuencia del politbur\u00f3 y\/o la nomenklatura global.<\/p>\n<\/p>\n<\/p>\n<p>Sin duda, esa visi\u00f3n obtusa, y determinista, sigue anclando al movimiento social global a formas lineales de acci\u00f3n, y organizaci\u00f3n, que excluyen a actores no pertenecientes a las l\u00f3gicas de los antiguos partidos de masas, y a la partidocracia en s\u00ed.<\/p>\n<\/p>\n<\/p>\n<p>Y es que al examinar los art\u00edculos y discursos de Thunberg, es posible percibir algo m\u00e1s profundo que una simple estrategia de marketing fraguada por poderes f\u00e1cticos. En \u00abDejad de pedirnos la soluci\u00f3n a vuestro caos\u00bb la joven prodigio sueca menciona aspectos end\u00e9micos y estructurales que propician la debacle ambiental actual al se\u00f1alar: \u00abNecesitamos una visi\u00f3n hol\u00edstica que se enfrente a la crisis de sostenibilidad y al desastre ecol\u00f3gico al completo. Y por eso no dejo de repetir que tenemos que empezar a tratar la crisis como la crisis que es. Porque solo entonces, y solo con la gu\u00eda de la mejor ciencia que tenemos a nuestra disposici\u00f3n (como se indica claramente en todo el Acuerdo de Par\u00eds) podremos empezar a crear juntos ese camino global hacia delante\u00bb.<\/p>\n<\/p>\n<\/p>\n<p>En suma Thunberg coincide impl\u00edcitamente con la idea de que no es posible hablar de crisis ambiental, y cambio clim\u00e1tico, sin hablar de capitalismo o modelo depredador y de acumulaci\u00f3n, que se ha servido de la explotaci\u00f3n de los recursos humanos, y naturales, para crear riqueza para pocos.<\/p>\n<\/p>\n<\/p>\n<p>Sin propon\u00e9rselo esta ambientalista ha vuelto a abrir una discusi\u00f3n en boga actualmente: no es el antropoceno sino su derivaci\u00f3n m\u00e1s perversa, el capitaloceno, la era en que vivimos (https:\/\/urlzs.com\/zakkX). No es el hombre el \u00fanico culpable de este desastre sin reversa sino el capitalismo, ra\u00edz principal de la destrucci\u00f3n, acumulaci\u00f3n, y despojo, que dominan el mundo contempor\u00e1neo y que tiene unos responsables principales: el poder del 1% de mortales que lo controlan desde la trastienda.<\/p>\n<\/p>\n<\/p>\n<p>Sin duda el legado, y el papel de Greta Thunberg para la humanidad, ser\u00e1n valorados en un futuro no muy lejano. Por ahora solo nos queda disfrutar del eco de sus palabras, en miles de personas en el mundo, so\u00f1ando con una esperanzadora quimera: otro mundo s\u00ed es posible.<\/p>\n<\/p>\n<p>https:\/\/www.alainet.org\/es\/articulo\/201634<\/p>\n<p>Facebook0 Twitter Pinterest LinkedIn WhatsApp Compartir<\/p>\n<p>Del mismo autor<\/p>\n<p>La movilizaci\u00f3n clim\u00e1tica insumisa de Greta Thunberg    16\/08\/2019<\/p>\n<p>El grito de independencia de Egan Bernal    07\/08\/2019<\/p>\n<p>Las contradicciones de la renovaci\u00f3n urbana en el centro de Bogot\u00e1    18\/07\/2018<\/p>\n<p>Colombia: La hora de la transici\u00f3n democr\u00e1tica    23\/01\/2018<\/p>\n<p>\u00bfY si se expande Bogot\u00e1 hacia el norte?    05\/12\/2017<\/p>\n<p>El \u00e9xodo de j\u00f3venes boyacenses    23\/10\/2017<\/p>\n<p>La huelga de pilotos de Avianca    02\/10\/2017<\/p>\n<p>Miner\u00eda y petr\u00f3leo: las consultas populares y el futuro de la Colombia del siglo XXI    16\/06\/2017<\/p>\n<p>Colombia: territorios en disputa, luchas por el sentido y nueva hegemon\u00eda    24\/11\/2016<\/p>\n<p>Plebiscito y paz subalterna: la verdadera g\u00e9nesis de los procesos constituyente y destituyente    30\/09\/2016<\/p>\n<h6> 2019-08-18 23:51:15 <\/h6>\n<p><!--\n<link rel=\"stylesheet\" href=\"css\/bootstrap.min.css\">\n\n\n<ul class=\"pagination\">\n\t    \n\t\n\n<li >\n\t<a href='?page_no=1227'>Previous<\/a>\n\t<\/li>\n\n\n       \n    \n\n<li><a href='?page_no=1'>1<\/a><\/li>\n\n\n\n<li><a href='?page_no=2'>2<\/a><\/li>\n\n\n\n<li><a>...<\/a><\/li>\n\n\n\n<li><a href='?page_no=1226'>1226<\/a><\/li>\n\n\n\n<li><a href='?page_no=1227'>1227<\/a><\/li>\n\n\n\n<li class='active'><a>1228<\/a><\/li>\n\n\n\n<li><a href='?page_no=1229'>1229<\/a><\/li>\n\n\n\n<li><a href='?page_no=1230'>1230<\/a><\/li>\n\n\n\n<li><a>...<\/a><\/li>\n\n\n\n<li><a href='?page_no=1549'>1549<\/a><\/li>\n\n\n\n<li><a href='?page_no=1550'>1550<\/a><\/li>\n\n    \n\t\n\n<li >\n\t<a href='?page_no=1229'>Next<\/a>\n\t<\/li>\n\n\n    \n\n<li><a href='?page_no=1550'>Last &rsaquo;&rsaquo;<\/a><\/li>\n\n<\/ul>\n\n\n--><br \/>\n<\/body><\/p>\n","protected":false},"excerpt":{"rendered":"<p>Felipe Pineda Ruiz Opini\u00f3n 16\/08\/2019 -A+A Los titulares de la lucha a favor del medio ambiente, y el cambio clim\u00e1tico, parecen haber cambiado de protagonistas en los \u00faltimos meses. La figura menuda, de una peque\u00f1a de 16 a\u00f1os, ha logrado patear por completo el tablero medi\u00e1tico mundial. Greta Thunberg (Estocolmo, 2003) ha captado la atenci\u00f3n [&hellip;]<\/p>\n","protected":false},"author":3,"featured_media":0,"comment_status":"open","ping_status":"open","sticky":false,"template":"","format":"standard","meta":{"footnotes":""},"categories":[19],"tags":[],"class_list":["post-32339","post","type-post","status-publish","format-standard","hentry","category-mi-voz"],"_links":{"self":[{"href":"https:\/\/diariodominicano.com\/index.php?rest_route=\/wp\/v2\/posts\/32339","targetHints":{"allow":["GET"]}}],"collection":[{"href":"https:\/\/diariodominicano.com\/index.php?rest_route=\/wp\/v2\/posts"}],"about":[{"href":"https:\/\/diariodominicano.com\/index.php?rest_route=\/wp\/v2\/types\/post"}],"author":[{"embeddable":true,"href":"https:\/\/diariodominicano.com\/index.php?rest_route=\/wp\/v2\/users\/3"}],"replies":[{"embeddable":true,"href":"https:\/\/diariodominicano.com\/index.php?rest_route=%2Fwp%2Fv2%2Fcomments&post=32339"}],"version-history":[{"count":0,"href":"https:\/\/diariodominicano.com\/index.php?rest_route=\/wp\/v2\/posts\/32339\/revisions"}],"wp:attachment":[{"href":"https:\/\/diariodominicano.com\/index.php?rest_route=%2Fwp%2Fv2%2Fmedia&parent=32339"}],"wp:term":[{"taxonomy":"category","embeddable":true,"href":"https:\/\/diariodominicano.com\/index.php?rest_route=%2Fwp%2Fv2%2Fcategories&post=32339"},{"taxonomy":"post_tag","embeddable":true,"href":"https:\/\/diariodominicano.com\/index.php?rest_route=%2Fwp%2Fv2%2Ftags&post=32339"}],"curies":[{"name":"wp","href":"https:\/\/api.w.org\/{rel}","templated":true}]}}