{"id":32338,"date":"2019-08-18T23:55:17","date_gmt":"2019-08-18T23:55:17","guid":{"rendered":"http:\/\/diariodominicano.ddns.net\/?p=32338"},"modified":"2019-08-18T23:55:17","modified_gmt":"2019-08-18T23:55:17","slug":"argentina-en-estado-de-movilizacion-permanente","status":"publish","type":"post","link":"https:\/\/diariodominicano.com\/?p=32338","title":{"rendered":"Argentina en estado de movilizaci\u00f3n permanente&#8230;"},"content":{"rendered":"<p><body><\/p>\n<p><img decoding=\"async\" src=\"img3\/cristina_alberto_fernandez_argentina.jpg\" \/>  <\/p>\n<p><strong>Alberto Rabilotta<\/strong><\/p>\n<\/p>\n<p>16\/08\/2019<\/p>\n<p>cristina_alberto_fernandez_argentina.jpg<\/p>\n<p>Foto: derf.com.ar<\/p>\n<p>-A+A<\/p>\n<p>La rotunda victoria del Frente de Todos (FdT) en las Primarias, Abiertas, Simultaneas y Obligatorias (PASO) del pasado 11 de agosto en Argentina es un hecho muy importante y decisivo para la vida pol\u00edtica del pueblo argentino y asimismo desde la perspectiva de Nuestra Am\u00e9rica en la etapa hist\u00f3rica que vivimos, marcada por un imperialismo estadounidense debilitado que tratando infructuosamente de restaurar la perdida hegemon\u00eda mundial no cesa de atacar con todos los medios a su alcance, y en particular el monopolio que ejerce sobre el sistema monetario que domina las finanzas y el comercio mundial, a sus adversarios actuales y futuros.<\/p>\n<\/p>\n<\/p>\n<p>El analista uruguayo Aram Aharonian (1) destaca la importancia de este triunfo electoral porque es \u00abla derrota del modelo de restauraci\u00f3n neoliberal del Fondo Monetario Internacional y de las pol\u00edticas estadounidenses, liderado en Argentina por el gobierno de Mauricio Macri\u00bb, y porque \u00ababre la posibilidad de nuevos caminos en una regi\u00f3n donde se quiso imponer el imaginario colectivo de un supuesto fracaso de los gobiernos progresistas\u00bb.<\/p>\n<\/p>\n<\/p>\n<p>Como otros atentos observadores Aharonian se\u00f1ala que \u00abel neoliberalismo tiembla ante las pr\u00f3ximas elecciones en Uruguay y Bolivia, que podr\u00edan poner fin a la fiesta programada desde Washington () Los an\u00e1lisis laudatorios de la prensa hegem\u00f3nica trasnacional se transformaron en l\u00fagubres despedidas tras la debacle electoral. La revista especializada Forbes, el Financial Times, la agencia Bloomberg, coincidieron en que los \u00abinversores\u00bb saben que el tiempo de Macri est\u00e1 agotado y que hay un creciente riesgo de default (no pago de la deuda externa)\u00bb.<\/p>\n<\/p>\n<\/p>\n<p>Y destaca que este \u00abno es el primer fracaso de la derecha en la regi\u00f3n. Una derecha que repite el dogma neoliberal como \u00fanico argumento, gobernando para ?los mercados? y no para sus pueblos. La enorme derrota no fue solo del gobierno de Macri, fue de sus mandantes y guionistas, en especial del Fondo Monetario Internacional y de su a\u00fan jefa Christine Lagarde\u00bb.<\/p>\n<\/p>\n<\/p>\n<p>La r\u00e1pida, audaz e inteligente respuesta social<\/p>\n<\/p>\n<\/p>\n<p>Es claro que la amplitud del triunfo de la formula Alberto Fern\u00e1ndez y Cristina Fern\u00e1ndez del FdT super\u00f3 las previsiones, pero el cambio de gobierno se decidir\u00e1 en las elecciones generales de octubre pr\u00f3ximo, y dada la brutal reacci\u00f3n inicial del mercado financiero centrado en Estados Unidos (EEUU) y del actual presidente Mauricio Macri y sus cercanos colaboradores, es evidente que la pol\u00edtica argentina vivir\u00e1 durante dos meses un peligroso interregno, o sea bajo las amenazas y presiones constantes de los voraces acreedores extranjeros, de la oligarqu\u00eda local y del gobierno de EEUU, as\u00ed como de los reclamos leg\u00edtimos de los sectores populares para ajustes inmediatos contra la explosi\u00f3n inflacionaria por la devaluaci\u00f3n del peso.<\/p>\n<\/p>\n<\/p>\n<p>Como en otros momentos de la relativamente reciente historia argentina marcada por las pol\u00edticas neoliberales, la lucha de clases se manifestar\u00e1 en toda su amplitud, y dada la historia represiva del gobierno de Macri no hay que descartar que tratar\u00e1 de utilizar, para cambiar en octubre el resultado de las PASO de agosto, todos los medios a su alcance. Pero asimismo hay que recordar los niveles de resistencia que alcanzaron las luchas sociales y pol\u00edticas en Argentina, en t\u00e9rminos de unidad, masividad y combatividad durante los momentos cr\u00edticos creados por las pol\u00edticas neoliberales, y que llevaron a la formaci\u00f3n del movimiento pol\u00edtico que asegur\u00f3 las victorias electorales de N\u00e9stor y Cristina Kirchner.<\/p>\n<\/p>\n<\/p>\n<p>Es por ello que es importante destacar lo que dijo Hugo Yasky, secretario general de la Central de Trabajadores Argentinos (CTA) y diputado por la provincia de Buenos Aires del Frente para la Victoria, durante la reuni\u00f3n de la Mesa Nacional de la CTA, al analizar la gravedad de la situaci\u00f3n de miseria que afecta al pueblo trabajador, y frenar los previsibles intentos del gobierno de Macri para cambiar en octubre el resultado electoral a su favor.<\/p>\n<\/p>\n<\/p>\n<p>Despu\u00e9s de destacar la imperiosa necesidad de la movilizaci\u00f3n sindical y popular para compensar inmediatamente la brutal depreciaci\u00f3n del peso y su efecto inflacionario sobre todos los productos y servicios, Yasky abord\u00f3 la estrategia a seguir en los pr\u00f3ximos meses, y \u00aben virtud de esto hemos decidido declarar a la CTA en estado de sesi\u00f3n permanente. Creemos que tenemos la capacidad de hacer presencia en los lugares en los que nuestra gente est\u00e1 en estos momentos sufriendo, la CTA tiene que estar en condiciones de reclamar y de estar presente en un momento tan dif\u00edcil. Nos hacemos cargo que la elecci\u00f3n desat\u00f3 una especie de tormenta especulativa de los que tienen el dinero en contra de los que solamente quieren trabajar en paz\u00bb (2).<\/p>\n<\/p>\n<\/p>\n<p>Yasky agreg\u00f3 que \u00abvamos a hacer una convocatoria para tratar de coordinar con las organizaciones sindicales, con la CGT, con los distintos nucleamientos sindicales, estar en este momento en permanente contacto con todas nuestras regionales del pa\u00eds. Los trabajadores tenemos que ser conscientes que el domingo hubo un pronunciamiento popular aplastante, rechazando el ajuste, la dolarizaci\u00f3n, la especulaci\u00f3n financiera, reclamando volver a una Argentina de trabajo y de salario digno. Ese pronunciamiento aplastante est\u00e1 a mitad de camino. Falta la elecci\u00f3n de octubre. No podemos permitir que nada se interponga en ese camino. La soluci\u00f3n a la crisis econ\u00f3mica y social de la Argentina es pol\u00edtica. Hubo una \u00e9pica popular el domingo que hizo que el pueblo se pronunciara masivamente\u00bb.<\/p>\n<\/p>\n<\/p>\n<p>Y enfatiz\u00f3 que \u00abel movimiento sindical y el movimiento social deben custodiar este triunfo para poder terminar en octubre de sacar definitivamente a los ricos que gobiernan para los ricos y tener un gobierno que sea para todos los argentinos, no solamente para los ricos, no solamente para los especuladores financieros, para los que fugan capitales. Y en esta decisi\u00f3n es clave el papel del movimiento sindical. Debemos ser reflexivos, estar en condiciones de evitar cualquier tipo de provocaci\u00f3n. La forma salvaje en que reprimieron ayer a los compa\u00f1eros de ATE es el tipo de respuesta que quiere dar el gobierno. Los trolls que convocan a cacerolazos y trabajan para el gobierno no le hacen bien al pa\u00eds en este momento. Tenemos que ser capaces de llegar al mes de diciembre haciendo que el voto popular valga m\u00e1s que la represalia y el da\u00f1o econ\u00f3mico de los especuladores y de quienes quieren tener un gobierno de ricos para ricos\u00bb. (2)<\/p>\n<\/p>\n<\/p>\n<p>Este llamamiento ya se refleja en las movilizaciones que comenzaron el jueves 15 con la \u00abJornada Nacional de Luchas\u00bb en la Ciudad de Buenos Aires y otros lugares del pa\u00eds, y en las decisiones de la Confederaci\u00f3n de Trabajadores de la Econom\u00eda Popular convocada para \u00abdefinir un plan de lucha en relaci\u00f3n a las medidas que exigen para el sector de la Econom\u00eda Popular, y asimismo en la declaraci\u00f3n de \u00abestado de alerta y movilizaci\u00f3n\u00bb lanzado por los Movimientos Populares.<\/p>\n<\/p>\n<\/p>\n<p>Como se\u00f1ala sabiamente Abraham Nuncio en La Jornada (3), \u00ablos due\u00f1os de los capitales huidizos (los famosos mercados) ya votaron en contra de las fuerzas que arrasaron con las de Macri dando lugar a una gran crisis en Argentina. Ellos son los aliados con que cuenta el imperialismo de Estados Unidos. A ellos hay que combatir para neutralizarlos, y no s\u00f3lo en un pa\u00eds ni en una \u00e9poca de elecciones\u00bb.<\/p>\n<\/p>\n<\/p>\n<p>Los pr\u00f3ximos meses ser\u00e1n sumamente importantes no solamente para los argentinos, sino para los pa\u00edses de Nuestra Am\u00e9rica que sufren bajo gobiernos vendepatrias, entregados al imperialismo, y que est\u00e1n siendo debilitados por la creciente movilizaci\u00f3n popular, como los de Brasil y Ecuador, por ejemplo, y para nuestros pueblos puede ser importante la experiencia y resultados que surjan de la estrategia de lucha conjunta de sindicatos y movimientos populares expresada por Hugo Yasky.<\/p>\n<\/p>\n<\/p>\n<p>Notas<\/p>\n<\/p>\n<\/p>\n<p>1.- Aram Aharonian http:\/\/www.resumenlatinoamericano.org\/2019\/08\/15\/argentina-la-derrota-no-fue-solo-de-macri-sino-del-neoliberalismo-y-del-fmi-como-salir-de-este-atolladero\/<\/p>\n<\/p>\n<\/p>\n<p>2.- CTA: http:\/\/www.resumenlatinoamericano.org\/2019\/08\/14\/argentina-resumen-gremial-y-social-la-cta-autonoma-se-declara-en-estado-de-asamblea-permanente-contra-el-golpe-economico-en-forma-urgente-se-debe-dar-la-posibilidad-de-rediscutir-las-paritarias\/<\/p>\n<\/p>\n<\/p>\n<p>3.- La Jornada, Abraham Nuncio<\/p>\n<\/p>\n<p>https:\/\/www.jornada.com.mx\/2019\/08\/15\/opinion\/016a2pol<\/p>\n<\/p>\n<\/p>\n<p>&#8211; Alberto Rabilotta es periodista argentino-canadiense.<\/p>\n<\/p>\n<\/p>\n<p>https:\/\/www.alainet.org\/es\/articulo\/201618<\/p>\n<p>Facebook16 Twitter Pinterest LinkedIn WhatsApp Compartir<\/p>\n<p>Del mismo autor<\/p>\n<p>Argentina en estado de movilizaci\u00f3n permanente&#8230;    16\/08\/2019<\/p>\n<p>What will come after the U.S. \u00abwet firecracker\u00bb in Venezuela?    01\/03\/2019<\/p>\n<p>\u00bfQu\u00e9 vendr\u00e1 despu\u00e9s del \u00abpetardo mojado\u00bb de Estados Unidos en Venezuela?    25\/02\/2019<\/p>\n<p>La pat\u00e9tica decadencia del imperio estadounidense y el intento de derrocar el gobierno de Venezuela    06\/02\/2019<\/p>\n<p>El fin del largo siglo XX    21\/08\/2018<\/p>\n<p>2018, from the Liberal State of Rule of Law to the State of Permanent Exception? (II)    17\/05\/2018<\/p>\n<p>Cuando la impunidad imperialista reemplaza la fuerza y atractivos perdidos    30\/04\/2018<\/p>\n<p>En ejecuci\u00f3n el \u00abplan B\u00bb del fallido \u00abRusiagate\u00bb    28\/03\/2018<\/p>\n<p>2017, a year of overt imperialism. And 2018? (I)    01\/02\/2018<\/p>\n<p>La amenaza mundial que representa la retorcida l\u00f3gica imperialista    24\/01\/2018<\/p>\n<h6> 2019-08-18 23:55:17 <\/h6>\n<p><!--\n<link rel=\"stylesheet\" href=\"css\/bootstrap.min.css\">\n\n\n<ul class=\"pagination\">\n\t    \n\t\n\n<li >\n\t<a href='?page_no=1226'>Previous<\/a>\n\t<\/li>\n\n\n       \n    \n\n<li><a href='?page_no=1'>1<\/a><\/li>\n\n\n\n<li><a href='?page_no=2'>2<\/a><\/li>\n\n\n\n<li><a>...<\/a><\/li>\n\n\n\n<li><a href='?page_no=1225'>1225<\/a><\/li>\n\n\n\n<li><a href='?page_no=1226'>1226<\/a><\/li>\n\n\n\n<li class='active'><a>1227<\/a><\/li>\n\n\n\n<li><a href='?page_no=1228'>1228<\/a><\/li>\n\n\n\n<li><a href='?page_no=1229'>1229<\/a><\/li>\n\n\n\n<li><a>...<\/a><\/li>\n\n\n\n<li><a href='?page_no=1549'>1549<\/a><\/li>\n\n\n\n<li><a href='?page_no=1550'>1550<\/a><\/li>\n\n    \n\t\n\n<li >\n\t<a href='?page_no=1228'>Next<\/a>\n\t<\/li>\n\n\n    \n\n<li><a href='?page_no=1550'>Last &rsaquo;&rsaquo;<\/a><\/li>\n\n<\/ul>\n\n\n--><br \/>\n<\/body><\/p>\n","protected":false},"excerpt":{"rendered":"<p>Alberto Rabilotta 16\/08\/2019 cristina_alberto_fernandez_argentina.jpg Foto: derf.com.ar -A+A La rotunda victoria del Frente de Todos (FdT) en las Primarias, Abiertas, Simultaneas y Obligatorias (PASO) del pasado 11 de agosto en Argentina es un hecho muy importante y decisivo para la vida pol\u00edtica del pueblo argentino y asimismo desde la perspectiva de Nuestra Am\u00e9rica en la etapa [&hellip;]<\/p>\n","protected":false},"author":3,"featured_media":0,"comment_status":"open","ping_status":"open","sticky":false,"template":"","format":"standard","meta":{"footnotes":""},"categories":[19],"tags":[],"class_list":["post-32338","post","type-post","status-publish","format-standard","hentry","category-mi-voz"],"_links":{"self":[{"href":"https:\/\/diariodominicano.com\/index.php?rest_route=\/wp\/v2\/posts\/32338","targetHints":{"allow":["GET"]}}],"collection":[{"href":"https:\/\/diariodominicano.com\/index.php?rest_route=\/wp\/v2\/posts"}],"about":[{"href":"https:\/\/diariodominicano.com\/index.php?rest_route=\/wp\/v2\/types\/post"}],"author":[{"embeddable":true,"href":"https:\/\/diariodominicano.com\/index.php?rest_route=\/wp\/v2\/users\/3"}],"replies":[{"embeddable":true,"href":"https:\/\/diariodominicano.com\/index.php?rest_route=%2Fwp%2Fv2%2Fcomments&post=32338"}],"version-history":[{"count":0,"href":"https:\/\/diariodominicano.com\/index.php?rest_route=\/wp\/v2\/posts\/32338\/revisions"}],"wp:attachment":[{"href":"https:\/\/diariodominicano.com\/index.php?rest_route=%2Fwp%2Fv2%2Fmedia&parent=32338"}],"wp:term":[{"taxonomy":"category","embeddable":true,"href":"https:\/\/diariodominicano.com\/index.php?rest_route=%2Fwp%2Fv2%2Fcategories&post=32338"},{"taxonomy":"post_tag","embeddable":true,"href":"https:\/\/diariodominicano.com\/index.php?rest_route=%2Fwp%2Fv2%2Ftags&post=32338"}],"curies":[{"name":"wp","href":"https:\/\/api.w.org\/{rel}","templated":true}]}}