{"id":32337,"date":"2019-08-23T19:47:19","date_gmt":"2019-08-23T19:47:19","guid":{"rendered":"http:\/\/diariodominicano.ddns.net\/?p=32337"},"modified":"2019-08-23T19:47:19","modified_gmt":"2019-08-23T19:47:19","slug":"fundadores-de-convergencia-con-bisono-en-el-cdp","status":"publish","type":"post","link":"https:\/\/diariodominicano.com\/?p=32337","title":{"rendered":"Fundadores de Convergencia con Bison\u00f3 en el CDP"},"content":{"rendered":"<p><body><\/p>\n<p><img decoding=\"async\" src=\"img3\/oscar-lopez-reyes.jpg\" \/>  <\/p>\n<\/p>\n<p>Fundadores y miembros del movimiento period\u00edstico Convergencia estamos adheridos a la candidatura presidencial de Juan Carlos Bison\u00f3, quien ha ejercido como reportero, comentarista televisivo,  profesor de la Escuela de Comunicaci\u00f3n de la Universidad Dominicana O&amp;M en  Santiago  y secretario general del Colegio Dominicano de Periodistas (CDP) en la ciudad coraz\u00f3n.<\/p>\n<\/p>\n<p>                Votaremos en el CDP por la inclusi\u00f3n, la competencia gerencial y el respeto a los compa\u00f1eros, a  los  valores democr\u00e1ticos y los principios \u00e9ticos.  El sufragio ha de ser por el postulado por un grupo de j\u00f3venes egresados universitarios y representantes de la seccional de Santiago: Juan Carlos Bison\u00f3.<\/p>\n<\/p>\n<p>    <strong>            \u00bfPor qu\u00e9 la seccional de Santiago?<\/strong><\/p>\n<\/p>\n<p>                1.- Por ser la  m\u00e1s numerosa: 700 miembros.  El porcentaje de votantes es de m\u00e1s de un 80%, mucho mayor que el de la capital.<\/p>\n<\/p>\n<p>                2.- Posee un espacioso local propio.<\/p>\n<\/p>\n<p>                3.- Construy\u00f3 el \u00fanico club recreativo de los periodistas.<\/p>\n<\/p>\n<p>                4.- Cuenta con tres escuelas universitarias de comunicaci\u00f3n social.<\/p>\n<\/p>\n<p>                5.- Es la seccional m\u00e1s estructurada: efect\u00faa reuniones permanentes.<\/p>\n<\/p>\n<p>                6.- En  la ciudad operan m\u00e1s de 100 medios.<\/p>\n<\/p>\n<p>                7.- Santiago es la segunda capital del pa\u00eds y la capital del Cibao, que regentea  un teatro regional y la segunda sede del Banco Central.<\/p>\n<\/p>\n<p>                Antes de ser escogido candidato a la presidencia del CDP,  Juan Carlos Bison\u00f3 nos pidi\u00f3 su apoyo. Le respondimos que lo tendr\u00eda si hace honor a varios barrios de Santiago, como  100 fuegos, Pu\u00f1al, La otra banda, La Joya,  Tamboril, Nibaje, etc. Como pruebas, le asignamos tres tareas, y sac\u00f3 buena calificaci\u00f3n. La m\u00e1s relevante:<\/p>\n<\/p>\n<p>&#8211;          Si localiza y recupera los terrenos adquiridos por el CDP,  cerca del Club de Aduanas,                durante nuestra presidencia (2001-2003) de esa entidad, y nos dices c\u00f3mo har\u00e1 una r\u00e9plica ampliada del Club de los  Periodistas de Santiago,  te respaldaremos. En unos tres meses cumpli\u00f3 la misi\u00f3n.<\/p>\n<\/p>\n<p>En las elecciones del CDP del pr\u00f3ximo viernes 30 de agosto del 2019, tenemos que dar la oportunidad a representantes de los pueblos y la juventud, con Juan Carlos Bison\u00f3, para presidir esa organizaci\u00f3n profesional.  <\/p>\n<\/p>\n<p>                Atentamente,<\/p>\n<\/p>\n<p>     <strong>           Oscar L\u00f3pez Reyes,<\/strong><\/p>\n<\/p>\n<p>                Fundador de Convergencia.<\/p>\n<\/p>\n<\/p>\n<p>Cordialmente,<\/p>\n<\/p>\n<p>Oscar L\u00f3pez Reyes<\/p>\n<p>Periodista, escritor y columnista del peri\u00f3dico El Nacional,<\/p>\n<p>Director Escuela de Comunicaci\u00f3n Universidad O&amp;M,<\/p>\n<p>Ex Presidente del Colegio Dominicano de Periodistas<\/p>\n<h6> 2019-08-23 19:47:19 <\/h6>\n<p><!--\n<link rel=\"stylesheet\" href=\"css\/bootstrap.min.css\">\n\n\n<ul class=\"pagination\">\n\t    \n\t\n\n<li >\n\t<a href='?page_no=1225'>Previous<\/a>\n\t<\/li>\n\n\n       \n    \n\n<li><a href='?page_no=1'>1<\/a><\/li>\n\n\n\n<li><a href='?page_no=2'>2<\/a><\/li>\n\n\n\n<li><a>...<\/a><\/li>\n\n\n\n<li><a href='?page_no=1224'>1224<\/a><\/li>\n\n\n\n<li><a href='?page_no=1225'>1225<\/a><\/li>\n\n\n\n<li class='active'><a>1226<\/a><\/li>\n\n\n\n<li><a href='?page_no=1227'>1227<\/a><\/li>\n\n\n\n<li><a href='?page_no=1228'>1228<\/a><\/li>\n\n\n\n<li><a>...<\/a><\/li>\n\n\n\n<li><a href='?page_no=1549'>1549<\/a><\/li>\n\n\n\n<li><a href='?page_no=1550'>1550<\/a><\/li>\n\n    \n\t\n\n<li >\n\t<a href='?page_no=1227'>Next<\/a>\n\t<\/li>\n\n\n    \n\n<li><a href='?page_no=1550'>Last &rsaquo;&rsaquo;<\/a><\/li>\n\n<\/ul>\n\n\n--><br \/>\n<\/body><\/p>\n","protected":false},"excerpt":{"rendered":"<p>Fundadores y miembros del movimiento period\u00edstico Convergencia estamos adheridos a la candidatura presidencial de Juan Carlos Bison\u00f3, quien ha ejercido como reportero, comentarista televisivo, profesor de la Escuela de Comunicaci\u00f3n de la Universidad Dominicana O&amp;M en Santiago y secretario general del Colegio Dominicano de Periodistas (CDP) en la ciudad coraz\u00f3n. Votaremos en el CDP por [&hellip;]<\/p>\n","protected":false},"author":3,"featured_media":0,"comment_status":"open","ping_status":"open","sticky":false,"template":"","format":"standard","meta":{"footnotes":""},"categories":[19],"tags":[],"class_list":["post-32337","post","type-post","status-publish","format-standard","hentry","category-mi-voz"],"_links":{"self":[{"href":"https:\/\/diariodominicano.com\/index.php?rest_route=\/wp\/v2\/posts\/32337","targetHints":{"allow":["GET"]}}],"collection":[{"href":"https:\/\/diariodominicano.com\/index.php?rest_route=\/wp\/v2\/posts"}],"about":[{"href":"https:\/\/diariodominicano.com\/index.php?rest_route=\/wp\/v2\/types\/post"}],"author":[{"embeddable":true,"href":"https:\/\/diariodominicano.com\/index.php?rest_route=\/wp\/v2\/users\/3"}],"replies":[{"embeddable":true,"href":"https:\/\/diariodominicano.com\/index.php?rest_route=%2Fwp%2Fv2%2Fcomments&post=32337"}],"version-history":[{"count":0,"href":"https:\/\/diariodominicano.com\/index.php?rest_route=\/wp\/v2\/posts\/32337\/revisions"}],"wp:attachment":[{"href":"https:\/\/diariodominicano.com\/index.php?rest_route=%2Fwp%2Fv2%2Fmedia&parent=32337"}],"wp:term":[{"taxonomy":"category","embeddable":true,"href":"https:\/\/diariodominicano.com\/index.php?rest_route=%2Fwp%2Fv2%2Fcategories&post=32337"},{"taxonomy":"post_tag","embeddable":true,"href":"https:\/\/diariodominicano.com\/index.php?rest_route=%2Fwp%2Fv2%2Ftags&post=32337"}],"curies":[{"name":"wp","href":"https:\/\/api.w.org\/{rel}","templated":true}]}}