{"id":323133,"date":"2022-01-10T19:40:38","date_gmt":"2022-01-10T23:40:38","guid":{"rendered":"http:\/\/diariodominicano.com\/?p=323133"},"modified":"2022-01-10T20:20:45","modified_gmt":"2022-01-11T00:20:45","slug":"deportivo-condor-y-atletico-vega-real-marchan-punteros-en-torneo-superior-de-la-vega","status":"publish","type":"post","link":"https:\/\/diariodominicano.com\/?p=323133","title":{"rendered":"Deportivo C\u00f3ndor y Atl\u00e9tico Vega Real marchan punteros en Torneo Superior de La Vega"},"content":{"rendered":"\n<p>LA VEGA.- El  s\u00e1bado 8 de enero se celebr\u00f3 la tercera jornada del Torneo Superior Navidad Alaver 2021, evento que organiza la Asociaci\u00f3n de F\u00fatbol de La Vega y que inici\u00f3 el pasado 5 de diciembre. Luego de disputada esta fecha, Deportivo C\u00f3ndor y Atl\u00e9tico Vega Real est\u00e1n igualados en la cima de la clasificaci\u00f3n, mientras que Independiente FC contin\u00faa sin puntuar.<\/p>\n\n\n\n<p>La cartelera inici\u00f3 a las 3:00 de la tarde en la cancha de f\u00fatbol de Latesa, donde DOSA super\u00f3 por goleada 8-0 a Pony FC. Media hora m\u00e1s tarde, pero en el Estadio El C\u00f3ndor, Deportivo C\u00f3ndor super\u00f3 con amplio marcador 5-1 a Independiente FC y finalmente a las 4:30 PM en la sede de Latesa, Atl\u00e9tico Vega Real pact\u00f3 con el conjunto anfitri\u00f3n, Juveniles Iatesa.<\/p>\n\n\n\n<p>Tras los resultados, Deportivo C\u00f3ndor y Atl\u00e9tico Vega Real est\u00e1n primero y segundo respectivamente con siete unidades, pero con mejor diferencial de goles para el conjunto carro\u00f1ero. Oratorio DOSA y Juveniles Latesa est\u00e1n tercero y cuarto -en ese orden- con cuatro puntos, mientras que Pony FC es quinto con tres y cierra Independiente FC, \u00fanico cuadro que no ha podido sumar en la contienda.<\/p>\n\n\n\n<p>La Asociaci\u00f3n de F\u00fatbol de La Vega tiene previsto que este campeonato culmine el pr\u00f3ximo 5 de febrero.<\/p>\n\n\n\n<p>Fedofutbol Prensa<a target=\"_blank\" href=\"mailto:fedofutbolprensa2019@gmail.com\" rel=\"noreferrer noopener\">fedofutbolprensa2019@gmail.com<\/a><\/p>\n\n\n\n<p>PRENSA FEDOFUTBOL&nbsp;<\/p>\n","protected":false},"excerpt":{"rendered":"<p>LA VEGA.- El s\u00e1bado 8 de enero se celebr\u00f3 la tercera jornada del Torneo Superior Navidad Alaver 2021, evento que organiza la Asociaci\u00f3n de F\u00fatbol de La Vega y que inici\u00f3 el pasado 5 de diciembre. Luego de disputada esta fecha, Deportivo C\u00f3ndor y Atl\u00e9tico Vega Real est\u00e1n igualados en la cima de la clasificaci\u00f3n, [&hellip;]<\/p>\n","protected":false},"author":28,"featured_media":323136,"comment_status":"closed","ping_status":"","sticky":false,"template":"","format":"standard","meta":{"footnotes":""},"categories":[17],"tags":[],"class_list":["post-323133","post","type-post","status-publish","format-standard","has-post-thumbnail","hentry","category-deportes"],"_links":{"self":[{"href":"https:\/\/diariodominicano.com\/index.php?rest_route=\/wp\/v2\/posts\/323133","targetHints":{"allow":["GET"]}}],"collection":[{"href":"https:\/\/diariodominicano.com\/index.php?rest_route=\/wp\/v2\/posts"}],"about":[{"href":"https:\/\/diariodominicano.com\/index.php?rest_route=\/wp\/v2\/types\/post"}],"author":[{"embeddable":true,"href":"https:\/\/diariodominicano.com\/index.php?rest_route=\/wp\/v2\/users\/28"}],"replies":[{"embeddable":true,"href":"https:\/\/diariodominicano.com\/index.php?rest_route=%2Fwp%2Fv2%2Fcomments&post=323133"}],"version-history":[{"count":2,"href":"https:\/\/diariodominicano.com\/index.php?rest_route=\/wp\/v2\/posts\/323133\/revisions"}],"predecessor-version":[{"id":323135,"href":"https:\/\/diariodominicano.com\/index.php?rest_route=\/wp\/v2\/posts\/323133\/revisions\/323135"}],"wp:featuredmedia":[{"embeddable":true,"href":"https:\/\/diariodominicano.com\/index.php?rest_route=\/wp\/v2\/media\/323136"}],"wp:attachment":[{"href":"https:\/\/diariodominicano.com\/index.php?rest_route=%2Fwp%2Fv2%2Fmedia&parent=323133"}],"wp:term":[{"taxonomy":"category","embeddable":true,"href":"https:\/\/diariodominicano.com\/index.php?rest_route=%2Fwp%2Fv2%2Fcategories&post=323133"},{"taxonomy":"post_tag","embeddable":true,"href":"https:\/\/diariodominicano.com\/index.php?rest_route=%2Fwp%2Fv2%2Ftags&post=323133"}],"curies":[{"name":"wp","href":"https:\/\/api.w.org\/{rel}","templated":true}]}}