{"id":323128,"date":"2022-01-10T19:36:27","date_gmt":"2022-01-10T23:36:27","guid":{"rendered":"http:\/\/diariodominicano.com\/?p=323128"},"modified":"2022-01-10T19:37:03","modified_gmt":"2022-01-10T23:37:03","slug":"vladimir-guerrero-es-protagonista-comercial-serie-del-caribe-santo-domingo","status":"publish","type":"post","link":"https:\/\/diariodominicano.com\/?p=323128","title":{"rendered":"Vladimir Guerrero es protagonista comercial Serie del Caribe Santo Domingo"},"content":{"rendered":"\n<p> Vladimir Guerrero en la grabaci\u00f3n del comercial.\u00a0 <\/p>\n\n\n\n<p>SANTO DOMINGO.- El inmortal de Cooperstown, el dominicano Vladimir Guerrero, es el protagonista del comercial de la Serie del Caribe Santo Domingo 2022, que inicia el 28 del presente mes en el Estadio Quisqueya Juan Marichal.<\/p>\n\n\n\n<figure class=\"wp-block-image size-full\"><img loading=\"lazy\" decoding=\"async\" width=\"958\" height=\"1024\" src=\"https:\/\/diariodominicano.com\/wp-content\/uploads\/2022\/01\/Vladimir-Guerrero-en-la-grabacion-del-comercial..jpeg\" alt=\"\" class=\"wp-image-323131\" srcset=\"https:\/\/diariodominicano.com\/wp-content\/uploads\/2022\/01\/Vladimir-Guerrero-en-la-grabacion-del-comercial..jpeg 958w, https:\/\/diariodominicano.com\/wp-content\/uploads\/2022\/01\/Vladimir-Guerrero-en-la-grabacion-del-comercial.-281x300.jpeg 281w, https:\/\/diariodominicano.com\/wp-content\/uploads\/2022\/01\/Vladimir-Guerrero-en-la-grabacion-del-comercial.-768x821.jpeg 768w, https:\/\/diariodominicano.com\/wp-content\/uploads\/2022\/01\/Vladimir-Guerrero-en-la-grabacion-del-comercial.-816x872.jpeg 816w\" sizes=\"auto, (max-width: 958px) 100vw, 958px\" \/><\/figure>\n\n\n\n<p>El comercial de televisi\u00f3n de 30 segundos, en donde Vladimir es el anfitri\u00f3n, es producido por Adcio Media de Virgilio Rojo y Rafael Alm\u00e1nzar, empresa que comercializa la Serie del Caribe.<\/p>\n\n\n\n<p>\u201cMe siento muy contento de representar como marca pa\u00eds a Rep\u00fablica Dominicana y ser el anfitri\u00f3n de la Serie del Caribe\u201d, expres\u00f3 Vladimir en una nota de prensa.<\/p>\n\n\n\n<p>Vladimir, como anfitri\u00f3n dar\u00e1 la bienvenida a los invitados e invita a los fan\u00e1ticos a apoyar al equipo dominicano no importando quien gane. \u201cLo importante es que somos dominicanos y en La Serie del Caribe somos los favoritos\u201d.<\/p>\n\n\n\n<p>El comercial, que fue grabado en el Estadio Quisqueya Juan Marichal, saldr\u00e1 esta semana, indica Rojo y Alm\u00e1nzar en una nota de prensa.<\/p>\n\n\n\n<p>La Serie del Caribe se celebrar\u00e1 en Santo Domingo del 28 de enero al 3 de febrero, con los equipos campeones de Rep\u00fablica Dominicana, M\u00e9xico, Venezuela, &nbsp;Puerto Rico, Panam\u00e1 y Colombia.&nbsp;<\/p>\n\n\n\n<p><\/p>\n\n\n\n<p><\/p>\n","protected":false},"excerpt":{"rendered":"<p>Vladimir Guerrero en la grabaci\u00f3n del comercial.\u00a0 SANTO DOMINGO.- El inmortal de Cooperstown, el dominicano Vladimir Guerrero, es el protagonista del comercial de la Serie del Caribe Santo Domingo 2022, que inicia el 28 del presente mes en el Estadio Quisqueya Juan Marichal. El comercial de televisi\u00f3n de 30 segundos, en donde Vladimir es el [&hellip;]<\/p>\n","protected":false},"author":28,"featured_media":323129,"comment_status":"closed","ping_status":"","sticky":true,"template":"","format":"standard","meta":{"footnotes":""},"categories":[17,27],"tags":[],"class_list":["post-323128","post","type-post","status-publish","format-standard","has-post-thumbnail","hentry","category-deportes","category-portada"],"_links":{"self":[{"href":"https:\/\/diariodominicano.com\/index.php?rest_route=\/wp\/v2\/posts\/323128","targetHints":{"allow":["GET"]}}],"collection":[{"href":"https:\/\/diariodominicano.com\/index.php?rest_route=\/wp\/v2\/posts"}],"about":[{"href":"https:\/\/diariodominicano.com\/index.php?rest_route=\/wp\/v2\/types\/post"}],"author":[{"embeddable":true,"href":"https:\/\/diariodominicano.com\/index.php?rest_route=\/wp\/v2\/users\/28"}],"replies":[{"embeddable":true,"href":"https:\/\/diariodominicano.com\/index.php?rest_route=%2Fwp%2Fv2%2Fcomments&post=323128"}],"version-history":[{"count":2,"href":"https:\/\/diariodominicano.com\/index.php?rest_route=\/wp\/v2\/posts\/323128\/revisions"}],"predecessor-version":[{"id":323132,"href":"https:\/\/diariodominicano.com\/index.php?rest_route=\/wp\/v2\/posts\/323128\/revisions\/323132"}],"wp:featuredmedia":[{"embeddable":true,"href":"https:\/\/diariodominicano.com\/index.php?rest_route=\/wp\/v2\/media\/323129"}],"wp:attachment":[{"href":"https:\/\/diariodominicano.com\/index.php?rest_route=%2Fwp%2Fv2%2Fmedia&parent=323128"}],"wp:term":[{"taxonomy":"category","embeddable":true,"href":"https:\/\/diariodominicano.com\/index.php?rest_route=%2Fwp%2Fv2%2Fcategories&post=323128"},{"taxonomy":"post_tag","embeddable":true,"href":"https:\/\/diariodominicano.com\/index.php?rest_route=%2Fwp%2Fv2%2Ftags&post=323128"}],"curies":[{"name":"wp","href":"https:\/\/api.w.org\/{rel}","templated":true}]}}