{"id":322981,"date":"2022-01-10T09:59:15","date_gmt":"2022-01-10T13:59:15","guid":{"rendered":"http:\/\/diariodominicano.com\/?p=322981"},"modified":"2022-01-10T09:59:15","modified_gmt":"2022-01-10T13:59:15","slug":"real-madrid-pone-rumbo-a-riad-con-plantilla-completa","status":"publish","type":"post","link":"https:\/\/diariodominicano.com\/?p=322981","title":{"rendered":"Real Madrid pone rumbo a Riad con plantilla completa"},"content":{"rendered":"\n<p>Madrid, 10 ene (Prensa Latina) El Real Madrid pondr\u00e1 hoy rumbo a Riad, Arabia Saudita, con una plantilla casi completa para encarar el Cl\u00e1sico contra el Barcelona el mi\u00e9rcoles por la Supercopa de f\u00fatbol.<\/p>\n\n\n\n<ul class=\"wp-block-list\"><li>enero 10, 2022<\/li><li>CST08:28 (GMT) -0500<\/li><\/ul>\n\n\n\n<p>Dani Carvajal y el serbio Luka Jovic, recuperados de una lesi\u00f3n muscular y de Covid-19, respectivamente, son las buenas nuevas de la escuadra merengue que, sin embargo, no podr\u00e1 contar con el gal\u00e9s Gareth Bale y Mariano D\u00edaz, aunque ninguno de los dos est\u00e1 en la primera l\u00ednea del equipo.<\/p>\n\n\n\n<p>El \u00e1rbitro principal de una de las dos semifinales de la Supercopa ser\u00e1 El andaluz Jos\u00e9 Luis Munuera Montero.<\/p>\n\n\n\n<p>Esta es la lista completa del Real Madrid para su enfrentamiento contra el Barcelona en Riad.<\/p>\n\n\n\n<p>Porteros: Courtois, Lunin, Fuidias.<\/p>\n\n\n\n<p>Defensas: Dani Carvajal, Nacho, Militao, Alaba, Vallejo, Mendy, Marcelo.<\/p>\n\n\n\n<p>Centrocampistas: Casemiro, Camavinga, Kroos, Fede Valverde, Ceballos, Modric, Lucas V\u00e1zquez, Isco.<\/p>\n\n\n\n<p>Delanteros: Marco Asensio, Rodrygo, Hazard, Vin\u00edcius, Benzema, Jovic.<\/p>\n\n\n\n<p>mem\/ft<\/p>\n","protected":false},"excerpt":{"rendered":"<p>Madrid, 10 ene (Prensa Latina) El Real Madrid pondr\u00e1 hoy rumbo a Riad, Arabia Saudita, con una plantilla casi completa para encarar el Cl\u00e1sico contra el Barcelona el mi\u00e9rcoles por la Supercopa de f\u00fatbol. enero 10, 2022 CST08:28 (GMT) -0500 Dani Carvajal y el serbio Luka Jovic, recuperados de una lesi\u00f3n muscular y de Covid-19, [&hellip;]<\/p>\n","protected":false},"author":28,"featured_media":0,"comment_status":"closed","ping_status":"","sticky":false,"template":"","format":"standard","meta":{"footnotes":""},"categories":[17],"tags":[],"class_list":["post-322981","post","type-post","status-publish","format-standard","hentry","category-deportes"],"_links":{"self":[{"href":"https:\/\/diariodominicano.com\/index.php?rest_route=\/wp\/v2\/posts\/322981","targetHints":{"allow":["GET"]}}],"collection":[{"href":"https:\/\/diariodominicano.com\/index.php?rest_route=\/wp\/v2\/posts"}],"about":[{"href":"https:\/\/diariodominicano.com\/index.php?rest_route=\/wp\/v2\/types\/post"}],"author":[{"embeddable":true,"href":"https:\/\/diariodominicano.com\/index.php?rest_route=\/wp\/v2\/users\/28"}],"replies":[{"embeddable":true,"href":"https:\/\/diariodominicano.com\/index.php?rest_route=%2Fwp%2Fv2%2Fcomments&post=322981"}],"version-history":[{"count":1,"href":"https:\/\/diariodominicano.com\/index.php?rest_route=\/wp\/v2\/posts\/322981\/revisions"}],"predecessor-version":[{"id":322982,"href":"https:\/\/diariodominicano.com\/index.php?rest_route=\/wp\/v2\/posts\/322981\/revisions\/322982"}],"wp:attachment":[{"href":"https:\/\/diariodominicano.com\/index.php?rest_route=%2Fwp%2Fv2%2Fmedia&parent=322981"}],"wp:term":[{"taxonomy":"category","embeddable":true,"href":"https:\/\/diariodominicano.com\/index.php?rest_route=%2Fwp%2Fv2%2Fcategories&post=322981"},{"taxonomy":"post_tag","embeddable":true,"href":"https:\/\/diariodominicano.com\/index.php?rest_route=%2Fwp%2Fv2%2Ftags&post=322981"}],"curies":[{"name":"wp","href":"https:\/\/api.w.org\/{rel}","templated":true}]}}