{"id":322848,"date":"2022-01-09T21:23:28","date_gmt":"2022-01-10T01:23:28","guid":{"rendered":"http:\/\/diariodominicano.com\/?p=322848"},"modified":"2022-01-09T21:23:28","modified_gmt":"2022-01-10T01:23:28","slug":"acds-da-a-conocer-programa-de-este-martes-recordacion-peloteros-caidos-el-11-de-enero-1948","status":"publish","type":"post","link":"https:\/\/diariodominicano.com\/?p=322848","title":{"rendered":"ACDS da a conocer programa de este martes recordaci\u00f3n peloteros ca\u00eddos el 11 de enero 1948"},"content":{"rendered":"\n<p> (Archivo)<\/p>\n\n\n\n<p><strong>Parte de los peloteros fenecidos el 11 de enero de 1948<\/strong> <\/p>\n\n\n\n<p><strong>\u00a0SANTIAGO DE LOS CABALLEROS, Santiago, Rep\u00fablica Dominicana (10-01-2022).-<\/strong>\u00a0<strong>L<\/strong>a Asociaci\u00f3n de Cronistas Deportivos de Santiago (ACDS) dio a conocer el programa oficial de este martes para el acto de recordaci\u00f3n a los peloteros ca\u00eddos el 11 de Enero de 1948 en la tragedia de R\u00edo Verde, Yamas\u00e1, en su 74\u00ba aniversario, el cual ser\u00e1 semi-presencial.<\/p>\n\n\n\n<p><strong>L<\/strong>a informaci\u00f3n fue ofrecida por el presidente de la ACDS, periodista C\u00e9sar Ure\u00f1a, quien tendr\u00e1 a su cargo las palabras de introducci\u00f3n, a la vez discurso central del acto que, como es tradicional, comenzar\u00e1 a las diez de la ma\u00f1ana de este martes, en la parte frontal del mausoleo donde descansa la delegaci\u00f3n deportiva fallecida ese d\u00eda, en el Cementerio de la 30 de Marzo.<\/p>\n\n\n\n<p><strong>A<\/strong>greg\u00f3 que, la actividad&nbsp;ser\u00e1 realizada con las normas establecidas por el Ministerio Dominicano de Salud P\u00fablica, ser\u00e1 semi-presencial, al cual asistir\u00e1n solo los participantes en el mismo, va a ser transmitido por diversas v\u00edas con imagen y sonido de alta calidad a trav\u00e9s de diferentes plataformas digitales, incluyendo las de la ACDS, as\u00ed como por todas las redes sociales y radial.<\/p>\n\n\n\n<p><strong>E<\/strong>l programa de la actividad contempla, saludos del maestro de ceremonia, Alberto Mota; Himno Nacional Dominicano a cargo de la Banda Municipal de M\u00fasica,<\/p>\n\n\n\n<p>palabras de Ure\u00f1a y acompa\u00f1ado de la pieza musical La Marcha del Silencio, por un trompetista invitado, Xavier Vargas, realizar\u00e1 el pase de lista, en el cual mencionar\u00e1 a cada uno de los fenecidos.<\/p>\n\n\n\n<p><strong>S<\/strong>eguir\u00e1 el sacerdote Javier B\u00e1ez con el responso; declamaci\u00f3n del poema que escribi\u00f3 el poeta Su\u00e1rez V\u00e1squez en memoria de los ca\u00eddos el 11 de enero de 1948, a cargo de Andr\u00e9s Garc\u00eda; Rub\u00e9n Santana dir\u00e1 el paneg\u00edrico por las v\u00edctimas en R\u00edo Verde y ofrenda floral a cargo de: \u00c1guilas Cibae\u00f1as, Alcald\u00eda Municipal de Santiago, UDESA, Asociaci\u00f3n de Clubes de Santiago, MIDEREC, Federaci\u00f3n Dominicana de B\u00e9isbol y ACDS, al final ser\u00e1 interpretado el Himno Nacional Dominicano a cargo de la Banda Municipal de M\u00fasica.<\/p>\n\n\n\n<p>Oscar Polanco<a target=\"_blank\" href=\"mailto:oscarpolanco.santiagord@gmail.com\" rel=\"noreferrer noopener\">oscarpolanco.santiagord@gmail.com<\/a><\/p>\n","protected":false},"excerpt":{"rendered":"<p>(Archivo) Parte de los peloteros fenecidos el 11 de enero de 1948 \u00a0SANTIAGO DE LOS CABALLEROS, Santiago, Rep\u00fablica Dominicana (10-01-2022).-\u00a0La Asociaci\u00f3n de Cronistas Deportivos de Santiago (ACDS) dio a conocer el programa oficial de este martes para el acto de recordaci\u00f3n a los peloteros ca\u00eddos el 11 de Enero de 1948 en la tragedia de [&hellip;]<\/p>\n","protected":false},"author":28,"featured_media":322849,"comment_status":"closed","ping_status":"","sticky":true,"template":"","format":"standard","meta":{"footnotes":""},"categories":[17,27],"tags":[],"class_list":["post-322848","post","type-post","status-publish","format-standard","has-post-thumbnail","hentry","category-deportes","category-portada"],"_links":{"self":[{"href":"https:\/\/diariodominicano.com\/index.php?rest_route=\/wp\/v2\/posts\/322848","targetHints":{"allow":["GET"]}}],"collection":[{"href":"https:\/\/diariodominicano.com\/index.php?rest_route=\/wp\/v2\/posts"}],"about":[{"href":"https:\/\/diariodominicano.com\/index.php?rest_route=\/wp\/v2\/types\/post"}],"author":[{"embeddable":true,"href":"https:\/\/diariodominicano.com\/index.php?rest_route=\/wp\/v2\/users\/28"}],"replies":[{"embeddable":true,"href":"https:\/\/diariodominicano.com\/index.php?rest_route=%2Fwp%2Fv2%2Fcomments&post=322848"}],"version-history":[{"count":1,"href":"https:\/\/diariodominicano.com\/index.php?rest_route=\/wp\/v2\/posts\/322848\/revisions"}],"predecessor-version":[{"id":322850,"href":"https:\/\/diariodominicano.com\/index.php?rest_route=\/wp\/v2\/posts\/322848\/revisions\/322850"}],"wp:featuredmedia":[{"embeddable":true,"href":"https:\/\/diariodominicano.com\/index.php?rest_route=\/wp\/v2\/media\/322849"}],"wp:attachment":[{"href":"https:\/\/diariodominicano.com\/index.php?rest_route=%2Fwp%2Fv2%2Fmedia&parent=322848"}],"wp:term":[{"taxonomy":"category","embeddable":true,"href":"https:\/\/diariodominicano.com\/index.php?rest_route=%2Fwp%2Fv2%2Fcategories&post=322848"},{"taxonomy":"post_tag","embeddable":true,"href":"https:\/\/diariodominicano.com\/index.php?rest_route=%2Fwp%2Fv2%2Ftags&post=322848"}],"curies":[{"name":"wp","href":"https:\/\/api.w.org\/{rel}","templated":true}]}}